{"id":104053,"date":"2023-06-23T22:49:04","date_gmt":"2023-06-23T22:49:04","guid":{"rendered":"https:\/\/haberulus.net\/?p=104053"},"modified":"2023-06-23T22:49:04","modified_gmt":"2023-06-23T22:49:04","slug":"tum-dunya-diken-ustunde-rusyada-baskaldiran-wagner-askerleri-nukleer-silahlara-erisebiliyor","status":"publish","type":"post","link":"https:\/\/haberulus.net\/?p=104053","title":{"rendered":"T\u00fcm d\u00fcnya diken \u00fcst\u00fcnde! Rusya&#8217;da ba\u015fkald\u0131ran Wagner askerleri n\u00fckleer silahlara eri\u015febiliyor"},"content":{"rendered":"<p>Rus g\u00fcvenlik \u015firketi Wagner&#8217;in kurucusu Yevgeniy Prigojin&#8217;in, Rus ordusunu Wagner&#8217;e sald\u0131r\u0131 d\u00fczenlemekle su\u00e7lamas\u0131 ve kar\u015f\u0131l\u0131k vermekle tehdit etmesinin ard\u0131ndan \u00fclkede kaos ortam\u0131 olu\u015ftu. CNN T\u00fcrk canl\u0131 yay\u0131n\u0131nda olay\u0131n ciddiyetini anlatan Emekli Kurmak Albay Eray G\u00fc\u00e7l\u00fcer, Wagner askerlerinin s\u0131radan birileri olmad\u0131\u011f\u0131n\u0131 ve \u00fcst d\u00fczey askeri bilgilere sahip oldu\u011funu belirterek olay\u0131n daha da b\u00fcy\u00fcyebilece\u011fini s\u00f6yledi. <\/p>\n<p><b>\u0130NT\u0130KAM S\u00d6ZLER\u0130 <\/b><\/p>\n<p> <strong>Rusya<\/strong>&#8216;n\u0131n  <strong>Ukrayna<\/strong>&#8216;ya y\u00f6nelik sald\u0131r\u0131lar\u0131nda aktif rol \u00fcstlenen Rus paral\u0131 asker grubu Wagner ile Rus ordusunun y\u00f6neticileri aras\u0131nda tansiyon y\u00fckseldi. Rus paral\u0131 asker grubu Wagner&#8217;in kurucusu Yevgeny Prigojin, Rusya Savunma Bakan\u0131 Sergey \u015eoygu ve Rusya Genelkurmay Ba\u015fkan\u0131 Valery Gerasimov&#8217;un, Wagner askerlerini yok etmek i\u00e7in operasyonlar d\u00fczenledi\u011fini iddia ederek, &#8220;Rus Silahl\u0131 Kuvvetleri, Wagner PMC kamplar\u0131na f\u00fcze sald\u0131r\u0131s\u0131 d\u00fczenledi. \u00c7ok say\u0131da yolda\u015f\u0131m\u0131z \u00f6ld\u00fc, bu sava\u015fa nas\u0131l yan\u0131t verece\u011fimize biz karar verece\u011fiz&#8221; dedi.<\/p>\n<p><b>&#8220;ADAMLARIMIZI YOK EDENLER CEZALANDIRILACAK&#8221; <\/b><\/p>\n<p>\u015eoygu ve Gerasimov&#8217;un cezaland\u0131r\u0131lmas\u0131 gerekti\u011fini s\u00f6yleyen Prigojin, &#8220;\u00dclkenin askeri liderli\u011finin getirdi\u011fi k\u00f6t\u00fcl\u00fck durdurulmal\u0131. Askerlerin hayatlar\u0131n\u0131 ihmal ediyorlar. Onlar adalet kelimesini unuttular, biz onu geri getirece\u011fiz. Binlerce Rus askerinin hayat\u0131n\u0131 mahveden ve adamlar\u0131m\u0131z\u0131 yok edenler cezaland\u0131r\u0131lacak. Bize kar\u015f\u0131 koymaya \u00e7al\u0131\u015fan herkesi tehlike olarak de\u011ferlendirip yolumuz \u00fczerindeki kontrol noktalar\u0131 da dahil olmak \u00fczere an\u0131nda yok edece\u011fiz&#8221; ifadelerini kulland\u0131.<\/p>\n<p><b>&#8220;MESELEN\u0130N BU GECE HALLOLAB\u0130LECE\u011e\u0130N\u0130 D\u00dc\u015e\u00dcNM\u00dcYORUM&#8221;<\/b><\/p>\n<p>CNN T\u00fcrk canl\u0131 yay\u0131n\u0131nda olay\u0131 de\u011ferlendiren Emekli Kurmak Albay Eray G\u00fc\u00e7l\u00fcer, olay\u0131n ciddiyetini g\u00f6zler \u00f6n\u00fcne serdi. G\u00fc\u00e7l\u00fcer, &#8220;Rusya bu s\u00fcreci ba\u015far\u0131yla y\u00fcr\u00fctemedi. Ukrayna sava\u015f\u0131nda \u00f6zellikle hissettik. Wagner, 9 ayr\u0131 \u00fclkede faaliyet g\u00f6steriyor. \u0130\u015fin sosyolojisine bakt\u0131\u011f\u0131n\u0131z da meselenin bu gece hemen hallolabilece\u011fini d\u00fc\u015f\u00fcnm\u00fcyorum. Wagner&#8217;in kar\u015f\u0131 ataklar\u0131 ne olacak? S\u0131radan sava\u015f\u00e7\u0131lar de\u011fil. Rusya k\u0131sa s\u00fcrede halledemeyebilir. Rusya \u015fu an kendi i\u00e7inde b\u00fcy\u00fctt\u00fc\u011f\u00fc canavarla m\u00fccadele ediyor.&#8221; dedi.<\/p>\n<p><b>&#8220;BUNLAR SIRADAN \u0130NSANLAR DE\u011e\u0130LLER&#8221; <\/b><\/p>\n<p>G\u00fc\u00e7l\u00fcer s\u00f6zlerini \u015f\u00f6yle s\u00fcrd\u00fcrd\u00fc: &#8220;Wagner&#8217;in n\u00fckleer silahlara eri\u015febilme ve kullanabilme kabileyetleri var. Bunlar u\u00e7ak, helikopter, tanklar\u0131 kullanabiliyorlar. Bunlar s\u0131radan insanlar de\u011filler. Emekli Rus askerleri. \u0130\u015fin y\u00fcz\u00fc yava\u015f yava\u015f ortaya \u00e7\u0131kacak. \u0130n\u015fallah daha b\u00fcy\u00fck tehlikeler ya\u015fanmaz.&#8221;<\/p>\n","protected":false},"excerpt":{"rendered":"<p>Rusya&#8217;n\u0131n paral\u0131 asker grubu Wagner ile Rusya aras\u0131nda ipler koptu. Rus ordusunun kamplar\u0131n\u0131 vurdu\u011funu belirten Wagner&#8217;in lideri Prigojin, darbe imas\u0131nda bulundu. S\u00f6z konusu geli\u015fmeyi de\u011ferlendiren Emekli Kurmak Albay Eray G\u00fc\u00e7l\u00fcer, Wagner&#8217;in n\u00fckleer silahlara eri\u015fme ve kullanma kabiliyeti oldu\u011funu s\u00f6yleyerek olay\u0131n ciddiyetine dikkat \u00e7ekti.<\/p>\n","protected":false},"author":1,"featured_media":104054,"comment_status":"closed","ping_status":"open","sticky":false,"template":"","format":"standard","meta":{"footnotes":""},"categories":[28],"tags":[274,69,5020],"class_list":["post-104053","post","type-post","status-publish","format-standard","has-post-thumbnail","hentry","category-politika","tag-asker","tag-rus","tag-wagner"],"_links":{"self":[{"href":"https:\/\/haberulus.net\/index.php?rest_route=\/wp\/v2\/posts\/104053","targetHints":{"allow":["GET"]}}],"collection":[{"href":"https:\/\/haberulus.net\/index.php?rest_route=\/wp\/v2\/posts"}],"about":[{"href":"https:\/\/haberulus.net\/index.php?rest_route=\/wp\/v2\/types\/post"}],"author":[{"embeddable":true,"href":"https:\/\/haberulus.net\/index.php?rest_route=\/wp\/v2\/users\/1"}],"replies":[{"embeddable":true,"href":"https:\/\/haberulus.net\/index.php?rest_route=%2Fwp%2Fv2%2Fcomments&post=104053"}],"version-history":[{"count":1,"href":"https:\/\/haberulus.net\/index.php?rest_route=\/wp\/v2\/posts\/104053\/revisions"}],"predecessor-version":[{"id":104055,"href":"https:\/\/haberulus.net\/index.php?rest_route=\/wp\/v2\/posts\/104053\/revisions\/104055"}],"wp:featuredmedia":[{"embeddable":true,"href":"https:\/\/haberulus.net\/index.php?rest_route=\/wp\/v2\/media\/104054"}],"wp:attachment":[{"href":"https:\/\/haberulus.net\/index.php?rest_route=%2Fwp%2Fv2%2Fmedia&parent=104053"}],"wp:term":[{"taxonomy":"category","embeddable":true,"href":"https:\/\/haberulus.net\/index.php?rest_route=%2Fwp%2Fv2%2Fcategories&post=104053"},{"taxonomy":"post_tag","embeddable":true,"href":"https:\/\/haberulus.net\/index.php?rest_route=%2Fwp%2Fv2%2Ftags&post=104053"}],"curies":[{"name":"wp","href":"https:\/\/api.w.org\/{rel}","templated":true}]}}