{"id":104056,"date":"2023-06-24T00:19:03","date_gmt":"2023-06-24T00:19:03","guid":{"rendered":"https:\/\/haberulus.net\/?p=104056"},"modified":"2023-06-24T00:19:03","modified_gmt":"2023-06-24T00:19:03","slug":"rusyada-savas-mi-cikti-rusyada-neler-oluyor-24-haziran-2023","status":"publish","type":"post","link":"https:\/\/haberulus.net\/?p=104056","title":{"rendered":"Rusya&#8217;da sava\u015f m\u0131 \u00e7\u0131kt\u0131? Rusya&#8217;da neler oluyor 24 Haziran 2023!"},"content":{"rendered":"<p>Rus g\u00fcvenlik \u015firketi Wagner&#8217;in kurucusu Yevgeniy Prigojin, Ukrayna&#8217;daki sava\u015f\u0131n Rusya Savunma Bakan\u0131 Sergey \u015eoygu ile &#8220;\u00fclkeyi fiilen y\u00f6neten oligarklar&#8221; i\u00e7in gerekli oldu\u011funu s\u00f6yleyerek, &#8220;Sava\u015f sadece &#8216;bir avu\u00e7 yarat\u0131\u011f\u0131n&#8217; zafer kazanmas\u0131 ve terfi etmesi i\u00e7in laz\u0131md\u0131.&#8221; dedi. Prigojin&#8217;in bu a\u00e7\u0131klamas\u0131 sonras\u0131 Rusya, Wagner&#8217;i vurdu. Yevgeniy Prigojin de Rus ordusuna sava\u015f a\u00e7t\u0131. Rusya ise olay\u0131n provokasyon oldu\u011funu iddia etti.<\/p>\n<p><b>RUSYA&#8217;DA SAVA\u015e MI \u00c7IKTI?<\/b><\/p>\n<p>Rusya&#8217;n\u0131n Ukrayna&#8217;ya y\u00f6nelik sald\u0131r\u0131lar\u0131nda aktif rol \u00fcstlenen Rus paral\u0131 asker grubu Wagner ile Rus ordusunun y\u00f6neticileri aras\u0131nda tansiyon y\u00fckseldi. Rus paral\u0131 asker grubu Wagner&#8217;in kurucusu Yevgeny Prigojin, Rusya Savunma Bakan\u0131 Sergey \u015eoygu ve Rusya Genelkurmay Ba\u015fkan\u0131 Valery Gerasimov&#8217;un, Wagner askerlerini yok etmek i\u00e7in operasyonlar d\u00fczenledi\u011fini iddia ederek, &#8220;Rus Silahl\u0131 Kuvvetleri, Wagner PMC kamplar\u0131na f\u00fcze sald\u0131r\u0131s\u0131 d\u00fczenledi. \u00c7ok say\u0131da yolda\u015f\u0131m\u0131z \u00f6ld\u00fc, bu sava\u015fa nas\u0131l yan\u0131t verece\u011fimize biz karar verece\u011fiz&#8221; dedi.<\/p>\n<p><b>&#8220;ADAMLARIMIZI YOK EDENLER CEZALANDIRILACAK&#8221;<\/b><\/p>\n<p>\u015eoygu ve Gerasimov&#8217;un cezaland\u0131r\u0131lmas\u0131 gerekti\u011fini s\u00f6yleyen Prigojin, &#8220;\u00dclkenin askeri liderli\u011finin getirdi\u011fi k\u00f6t\u00fcl\u00fck durdurulmal\u0131. Askerlerin hayatlar\u0131n\u0131 ihmal ediyorlar. Onlar adalet kelimesini unuttular, biz onu geri getirece\u011fiz. Binlerce Rus askerinin hayat\u0131n\u0131 mahveden ve adamlar\u0131m\u0131z\u0131 yok edenler cezaland\u0131r\u0131lacak. Bize kar\u015f\u0131 koymaya \u00e7al\u0131\u015fan herkesi tehlike olarak de\u011ferlendirip yolumuz \u00fczerindeki kontrol noktalar\u0131 da dahil olmak \u00fczere an\u0131nda yok edece\u011fiz&#8221; ifadelerini kulland\u0131.<\/p>\n<p><b>&#8220;EVLER\u0130N\u0130ZDE KALIN&#8221;<\/b><\/p>\n<p>Rus ordusunun y\u00f6neticilerine kar\u015f\u0131 b\u00fcy\u00fck bir sava\u015f\u0131n i\u00e7ine girdiklerini ifade eden Prigojin, &#8220;Herkesten sakin olmalar\u0131n\u0131, provokasyonlara yenik d\u00fc\u015fmemelerini ve evlerinde kalmalar\u0131n\u0131 rica ediyorum. Ba\u015flad\u0131\u011f\u0131m\u0131z i\u015fi bitirdikten sonra vatan\u0131m\u0131z\u0131 korumak i\u00e7in cepheye d\u00f6nece\u011fiz. Orduda adalet yeniden sa\u011flanacak. Bundan sonra da t\u00fcm Rusya i\u00e7in adalet gelecek&#8221; diye konu\u015ftu.<\/p>\n<p><b>RUSYA&#8217;DAN YALANLAMA GELD\u0130<\/b><\/p>\n<p>Rusya Savunma Bakanl\u0131\u011f\u0131 ise g\u00f6r\u00fcnt\u00fclerin ger\u00e7ekle \u00f6rt\u00fc\u015fmedi\u011fini ve olay\u0131n provokasyon oldu\u011funu aktard\u0131.<\/p>\n<p>\u00d6te yandan, Prigozhin, may\u0131s ay\u0131nda \u00e7ekti\u011fi bir videoda \u00f6ld\u00fcr\u00fclen Wagner mensuplar\u0131n\u0131 g\u00f6stererek Rus komutanlara hakaretlerde bulunmu\u015ftu. Rusya Savunma Bakan\u0131 Sergey \u015eoygu ve Genelkurmay Ba\u015fkan\u0131 Valeri Gerasimov&#8217;a seslenen Prigozhin, kendilerine m\u00fchimmat verilmedi\u011fini dile getirmi\u015fti. Bu a\u00e7\u0131klamalar\u0131n\u0131n ard\u0131ndan Wagner&#8217;e m\u00fchimmat yollanm\u0131\u015ft\u0131.<\/p>\n<p><b>&#8220;PUT\u0130N DURUMDAN HABERDAR&#8221;<\/b><\/p>\n<p>Kremlin S\u00f6zc\u00fcs\u00fc Dmitriy Peskov, Wagner \u00f6zel askeri \u015firketi lideri Yevgeniy Prigojin ile ilgili bas\u0131nda \u00e7\u0131kan haberlere dair bilgilendirmede bulundu.<\/p>\n<p>Bas\u0131n mensuplar\u0131na konu\u015fan Peskov, &#8220;Devlet Ba\u015fkan\u0131 (Vladimir) Putin, Prigojin ile ilgili meydana gelen t\u00fcm olaylar hakk\u0131nda bilgilendirilmi\u015ftir. Gerekli tedbirler al\u0131n\u0131yor&#8221; dedi. <\/p>\n<p><img decoding=\"async\" src=\"https:\/\/i.hbrcdn.com\/haber\/2023\/06\/23\/rusya-da-savas-mi-cikti-rusya-da-neler-oluyor-24-16061263_2052_m.jpg\" alt=\"\" title=\"\"><\/p>\n<p><b>FSB, PRIGOJIN HAKKINDA SU\u00c7LAMADA BULUNDU<\/b><\/p>\n<p>Bununla beraber Rusya Ulusal Ter\u00f6rle M\u00fccadele Komitesi de Federal G\u00fcvenlik Servisi&#8217;nin (FSB) Prigojin&#8217;in ifadeleriyle ilgili olarak &#8216;silahl\u0131 ayaklanma \u00e7a\u011fr\u0131s\u0131 yapma&#8217; su\u00e7lamas\u0131 \u00fcst\u00fcnden ceza davas\u0131 a\u00e7t\u0131\u011f\u0131n\u0131 duyurdu.<\/p>\n<p>Ter\u00f6rle M\u00fccadele Komitesi&#8217;nin a\u00e7\u0131klamas\u0131nda, &#8220;Yevgeni Prigojin taraf\u0131ndan yay\u0131lan iddialar\u0131n hi\u00e7bir dayana\u011f\u0131 bulunmuyor. Bu yasad\u0131\u015f\u0131 eylemlerin derhal son bulmas\u0131n\u0131 talep ediyoruz&#8221; denildi.Rusya&#8217;da sava\u015f m\u0131 \u00e7\u0131kt\u0131? Rusya&#8217;da neler oluyor 24 Haziran 2023!<\/p>\n<p>Uzun s\u00fcredir Rusya&#8217;ya y\u00f6nelik sert ele\u015ftirilerde bulunan Rus paral\u0131 asker grubu Wagner&#8217;in kurucusu Yevgeniy Prigojin, Ukrayna sava\u015f\u0131n\u0131 &#8220;bir avu\u00e7 yarat\u0131\u011f\u0131n&#8221; \u00e7\u0131kard\u0131\u011f\u0131n\u0131 s\u00f6ylemi\u015fti. Prigojin&#8217;in bu a\u00e7\u0131klamas\u0131 sonras\u0131 Rusya, Wagner&#8217;i vurdu. Yevgeniy Prigojin de Rus ordusuna sava\u015f a\u00e7t\u0131. Rusya&#8217;da sava\u015f m\u0131 \u00e7\u0131kt\u0131? Rusya&#8217;da neler oluyor 24 Haziran 2023!<\/p>\n<p>Rus g\u00fcvenlik \u015firketi Wagner&#8217;in kurucusu Yevgeniy Prigojin, Ukrayna&#8217;daki sava\u015f\u0131n Rusya Savunma Bakan\u0131 Sergey \u015eoygu ile &#8220;\u00fclkeyi fiilen y\u00f6neten oligarklar&#8221; i\u00e7in gerekli oldu\u011funu s\u00f6yleyerek, &#8220;Sava\u015f sadece &#8216;bir avu\u00e7 yarat\u0131\u011f\u0131n&#8217; zafer kazanmas\u0131 ve terfi etmesi i\u00e7in laz\u0131md\u0131.&#8221; dedi. Prigojin&#8217;in bu a\u00e7\u0131klamas\u0131 sonras\u0131 Rusya, Wagner&#8217;i vurdu. Yevgeniy Prigojin de Rus ordusuna sava\u015f a\u00e7t\u0131. Rusya ise olay\u0131n provokasyon oldu\u011funu iddia etti.<\/p>\n","protected":false},"excerpt":{"rendered":"<p>Uzun s\u00fcredir Rusya&#8217;ya y\u00f6nelik sert ele\u015ftirilerde bulunan Rus paral\u0131 asker grubu Wagner&#8217;in kurucusu Yevgeniy Prigojin, Ukrayna sava\u015f\u0131n\u0131 &#8220;bir avu\u00e7 yarat\u0131\u011f\u0131n&#8221; \u00e7\u0131kard\u0131\u011f\u0131n\u0131 s\u00f6ylemi\u015fti. Prigojin&#8217;in bu a\u00e7\u0131klamas\u0131 sonras\u0131 Rusya, Wagner&#8217;i vurdu. Yevgeniy Prigojin de Rus ordusuna sava\u015f a\u00e7t\u0131. Rusya&#8217;da sava\u015f m\u0131 \u00e7\u0131kt\u0131? Rusya&#8217;da neler oluyor 24 Haziran 2023!<\/p>\n","protected":false},"author":1,"featured_media":104057,"comment_status":"closed","ping_status":"open","sticky":false,"template":"","format":"standard","meta":{"footnotes":""},"categories":[28],"tags":[274,11280,69,802,12797],"class_list":["post-104056","post","type-post","status-publish","format-standard","has-post-thumbnail","hentry","category-politika","tag-asker","tag-prigojin","tag-rus","tag-savas","tag-yevgeniy-prigojin"],"_links":{"self":[{"href":"https:\/\/haberulus.net\/index.php?rest_route=\/wp\/v2\/posts\/104056","targetHints":{"allow":["GET"]}}],"collection":[{"href":"https:\/\/haberulus.net\/index.php?rest_route=\/wp\/v2\/posts"}],"about":[{"href":"https:\/\/haberulus.net\/index.php?rest_route=\/wp\/v2\/types\/post"}],"author":[{"embeddable":true,"href":"https:\/\/haberulus.net\/index.php?rest_route=\/wp\/v2\/users\/1"}],"replies":[{"embeddable":true,"href":"https:\/\/haberulus.net\/index.php?rest_route=%2Fwp%2Fv2%2Fcomments&post=104056"}],"version-history":[{"count":1,"href":"https:\/\/haberulus.net\/index.php?rest_route=\/wp\/v2\/posts\/104056\/revisions"}],"predecessor-version":[{"id":104058,"href":"https:\/\/haberulus.net\/index.php?rest_route=\/wp\/v2\/posts\/104056\/revisions\/104058"}],"wp:featuredmedia":[{"embeddable":true,"href":"https:\/\/haberulus.net\/index.php?rest_route=\/wp\/v2\/media\/104057"}],"wp:attachment":[{"href":"https:\/\/haberulus.net\/index.php?rest_route=%2Fwp%2Fv2%2Fmedia&parent=104056"}],"wp:term":[{"taxonomy":"category","embeddable":true,"href":"https:\/\/haberulus.net\/index.php?rest_route=%2Fwp%2Fv2%2Fcategories&post=104056"},{"taxonomy":"post_tag","embeddable":true,"href":"https:\/\/haberulus.net\/index.php?rest_route=%2Fwp%2Fv2%2Ftags&post=104056"}],"curies":[{"name":"wp","href":"https:\/\/api.w.org\/{rel}","templated":true}]}}