{"id":104077,"date":"2023-06-24T05:19:20","date_gmt":"2023-06-24T05:19:20","guid":{"rendered":"https:\/\/haberulus.net\/?p=104077"},"modified":"2023-06-24T05:19:20","modified_gmt":"2023-06-24T05:19:20","slug":"rusya-wagner-restlesmesine-beyaz-saraydan-ilk-yorum-yine-sasirtmadilar","status":"publish","type":"post","link":"https:\/\/haberulus.net\/?p=104077","title":{"rendered":"Rusya-Wagner restle\u015fmesine Beyaz Saray&#8217;dan ilk yorum! Yine \u015fa\u015f\u0131rtmad\u0131lar"},"content":{"rendered":"<p>Ukrayna sava\u015f\u0131nda cepheye s\u00fcr\u00fclen Rus g\u00fcvenlik \u015firketi Wagner&#8217;in kurucusu Yevgeniy Prigojin, Rus ordusunu Wagner&#8217;e sald\u0131r\u0131 d\u00fczenlemekle su\u00e7lad\u0131. Rusya &#8220;silahl\u0131 isyan&#8221; su\u00e7lamas\u0131yla Prigojin hakk\u0131nda ceza davas\u0131 a\u00e7arken Wagner ise s\u0131n\u0131r\u0131 ge\u00e7erek isyana kalk\u0131\u015ft\u0131\u011f\u0131n\u0131 duyurdu. Geli\u015fmeler d\u00fcnyada b\u00fcy\u00fck yank\u0131 uyand\u0131r\u0131rken  <strong>Beyaz Saray<\/strong>&#8216;dan yap\u0131lan a\u00e7\u0131klamada, &#8220;Geli\u015fmeleri takip ediyoruz. ABD Ba\u015fkan\u0131 Joe Biden da konuya ili\u015fkin bilgilendirildi&#8221; denildi.<\/p>\n<p><b>HER \u015eEY SALDIRI \u0130DD\u0130ASI \u0130LE BA\u015eLADI<\/b><\/p>\n<p>Rus g\u00fcvenlik \u015firketi Wagner&#8217;in kurucusu Yevgeniy Prigojin, Telegram kanal\u0131ndan yapt\u0131\u011f\u0131 a\u00e7\u0131klamada, Rus ordusunun Wagner&#8217;in kamplar\u0131na sald\u0131r\u0131 d\u00fczenledi\u011fini ileri s\u00fcrd\u00fc. Rusya Savunma Bakanl\u0131\u011f\u0131n\u0131n Wagner&#8217;i kand\u0131rd\u0131\u011f\u0131n\u0131 ve ortadan kald\u0131rmak istedi\u011fini savunan Prigojin, &#8220;Rusya Savunma Bakanl\u0131\u011f\u0131na taviz vermeye, silahlar\u0131m\u0131z\u0131 teslim etmeye ve ileride \u00fclkemizin ne \u015fekilde korunaca\u011f\u0131 konusunda \u00e7\u00f6z\u00fcm bulmaya haz\u0131rd\u0131k.&#8221; dedi. Prigojin, &#8220;Bug\u00fcn bizim kamplar\u0131m\u0131za f\u00fczelerle sald\u0131r\u0131 d\u00fczenlediler. \u00c7ok say\u0131da askerimiz \u00f6ld\u00fc.&#8221; iddias\u0131nda bulundu.<\/p>\n<p><b>TEYAKKUZA GE\u00c7\u0130LD\u0130<\/b><\/p>\n<p>Wagner&#8217;in s\u0131n\u0131r\u0131 ge\u00e7ip Rus topraklar\u0131na girmesiyle b\u00f6lgede alarm verildi. Moskova dahil bir\u00e7ok kentte tanklar soka\u011fa indi. Putin ise s\u00f6z konusu geli\u015fmeleri de\u011ferlendirip raporlar\u0131 inceliyor.<\/p>\n<p><b>BEYAZ SARAY: TAK\u0130P ED\u0130YORUZ<\/b><\/p>\n<p>\u00d6te yandan Beyaz Saray Ulusal G\u00fcvenlik Konseyi S\u00f6zc\u00fcs\u00fc Adam Hodge, Rusya ve Wagner aras\u0131ndaki krize ili\u015fkin a\u00e7\u0131klama yapt\u0131. Hodge, &#8220;Geli\u015fmeleri takip ediyoruz. ABD Ba\u015fkan\u0131 Joe Biden da konuya ili\u015fkin bilgilendirildi.&#8221; ifadelerini kulland\u0131. S\u00f6zc\u00fc Hodge, m\u00fcttefikler ve ortaklarla Rusya&#8217;daki geli\u015fmeleri g\u00f6r\u00fc\u015feceklerini a\u00e7\u0131klad\u0131.<\/p>\n","protected":false},"excerpt":{"rendered":"<p>Rus g\u00fcvenlik \u015firketi Wagner&#8217;in kurucusu Prigojin, Rus ordusunun kamplar\u0131n\u0131 vurdu\u011fu iddia ederek kendi \u00fclkesine sava\u015f a\u00e7t\u0131. Rusya iddialar\u0131 yalanlasa da Wagner grubu &#8220;Yolumuzdan d\u00f6nmeyece\u011fiz&#8221; dedi. \u00d6te yandan ABD&#8217;den duruma ili\u015fkin yap\u0131lan ilk a\u00e7\u0131klamada &#8220;Geli\u015fmeleri takip ediyoruz. ABD Ba\u015fkan\u0131 Joe Biden da konuya ili\u015fkin bilgilendirildi&#8221; denildi.<\/p>\n","protected":false},"author":1,"featured_media":104078,"comment_status":"closed","ping_status":"open","sticky":false,"template":"","format":"standard","meta":{"footnotes":""},"categories":[28],"tags":[12800,11280,69,5020],"class_list":["post-104077","post","type-post","status-publish","format-standard","has-post-thumbnail","hentry","category-politika","tag-gelismeler","tag-prigojin","tag-rus","tag-wagner"],"_links":{"self":[{"href":"https:\/\/haberulus.net\/index.php?rest_route=\/wp\/v2\/posts\/104077","targetHints":{"allow":["GET"]}}],"collection":[{"href":"https:\/\/haberulus.net\/index.php?rest_route=\/wp\/v2\/posts"}],"about":[{"href":"https:\/\/haberulus.net\/index.php?rest_route=\/wp\/v2\/types\/post"}],"author":[{"embeddable":true,"href":"https:\/\/haberulus.net\/index.php?rest_route=\/wp\/v2\/users\/1"}],"replies":[{"embeddable":true,"href":"https:\/\/haberulus.net\/index.php?rest_route=%2Fwp%2Fv2%2Fcomments&post=104077"}],"version-history":[{"count":1,"href":"https:\/\/haberulus.net\/index.php?rest_route=\/wp\/v2\/posts\/104077\/revisions"}],"predecessor-version":[{"id":104079,"href":"https:\/\/haberulus.net\/index.php?rest_route=\/wp\/v2\/posts\/104077\/revisions\/104079"}],"wp:featuredmedia":[{"embeddable":true,"href":"https:\/\/haberulus.net\/index.php?rest_route=\/wp\/v2\/media\/104078"}],"wp:attachment":[{"href":"https:\/\/haberulus.net\/index.php?rest_route=%2Fwp%2Fv2%2Fmedia&parent=104077"}],"wp:term":[{"taxonomy":"category","embeddable":true,"href":"https:\/\/haberulus.net\/index.php?rest_route=%2Fwp%2Fv2%2Fcategories&post=104077"},{"taxonomy":"post_tag","embeddable":true,"href":"https:\/\/haberulus.net\/index.php?rest_route=%2Fwp%2Fv2%2Ftags&post=104077"}],"curies":[{"name":"wp","href":"https:\/\/api.w.org\/{rel}","templated":true}]}}