{"id":104080,"date":"2023-06-24T06:05:08","date_gmt":"2023-06-24T06:05:08","guid":{"rendered":"https:\/\/haberulus.net\/?p=104080"},"modified":"2023-06-24T06:05:08","modified_gmt":"2023-06-24T06:05:08","slug":"moukoko-ve-ngankama-irkci-saldiri","status":"publish","type":"post","link":"https:\/\/haberulus.net\/?p=104080","title":{"rendered":"Moukoko ve Ngankam\u2019a \u0131rk\u00e7\u0131 sald\u0131r\u0131"},"content":{"rendered":"<p>21 Ya\u015f Alt\u0131 Almanya Milli Tak\u0131m\u0131\u2019n\u0131n siyahi futbolcular\u0131 Youssoufa Moukoko ve Jessic Ngankam, sosyal medyadan \u0131rk\u00e7\u0131 hakarete u\u011frad\u0131.<\/p>\n<p>Moukoko ve Ngankam, G\u00fcrcistan\u2019\u0131n Kutaisi kentinde \u0130srail ile oynad\u0131klar\u0131 ve 1-1 berabere kald\u0131klar\u0131n 21 Ya\u015f Alt\u0131 Avrupa \u015eampiyonas\u0131 ma\u00e7\u0131nda penalt\u0131 at\u0131\u015flar\u0131n\u0131 gole \u00e7evirememelerinin ard\u0131ndan sosyal medyadan \u0131rk\u00e7\u0131 hakaretlere maruz kald\u0131.<\/p>\n<p>Ma\u00e7tan sonra bu duruma tepki g\u00f6steren Moukoko, \u201cKazan\u0131rsak hepimiz Alman\u0131z. Kaybedersek \u2018maymun\u2019 yorumlar\u0131 geliyor. Jessic\u2019e geldi, bana da geldi. B\u00f6yle \u015feylerin futbolda yeri yok\u201d ifadelerini kulland\u0131.<\/p>\n<p>Tak\u0131ma yard\u0131m etmek istediklerini ve hi\u00e7bir oyuncunun kas\u0131tl\u0131 olarak penalt\u0131 ka\u00e7\u0131rmad\u0131\u011f\u0131n\u0131 vurgulayan Kamerun do\u011fumlu gen\u00e7 futbolcu, ald\u0131klar\u0131 mesajlar\u0131 \u201ci\u011fren\u00e7\u201d olarak nitelendirdi.<\/p>\n<p>Moukoko, bu t\u00fcr mesajlarla s\u00fcrekli kar\u015f\u0131 kar\u015f\u0131ya kald\u0131\u011f\u0131n\u0131 aktararak, \u201cBu sefer \u00e7ok ac\u0131 verdi\u201d dedi. Borussia Dortmund\u2019da forma giyen Moukoko, art\u0131k buna kar\u015f\u0131 bir tepki verilmesi gerekti\u011fini dile getirdi.<\/p>\n<p><b>DI\u015e\u0130\u015eLER\u0130 BAKANI VE FEDERASYON TEPK\u0130 G\u00d6STERD\u0130<\/b><\/p>\n<p>Almanya \u0130\u00e7i\u015fleri Bakan\u0131 Nancy Faeser ise twitter\u2019dan yapt\u0131\u011f\u0131 payla\u015f\u0131mda, Moukoko ile Ngankam\u2019a y\u00f6nelik \u0131rk\u00e7\u0131 hakaretleri \u201cinsanl\u0131k d\u0131\u015f\u0131 ve i\u011fren\u00e7\u201d olarak tan\u0131mlad\u0131. Faeser, \u201cMilli futbolcular\u0131m\u0131z modern ve \u00e7e\u015fitlili\u011fe sahip Almanya\u2019n\u0131n en iyi y\u00f6n\u00fcn\u00fc, bu \u0131rk\u00e7\u0131 yorumlar ise en \u00e7irkin y\u00f6n\u00fcn\u00fc g\u00f6steriyor\u201d de\u011ferlendirmesinde bulundu.<\/p>\n<p>Almanya Futbol Federasyonu (DFB) da, Almanya 21 Ya\u015f Alt\u0131 Milli Tak\u0131m\u0131\u2019n\u0131n siyahi futbolcular\u0131 Youssoufa Moukoko ve Jessic Ngankam\u2019a sosyal medyadan \u0131rk\u00e7\u0131 hakaret edilmesini k\u0131nad\u0131.<\/p>\n<p>DFB\u2019den yap\u0131lan a\u00e7\u0131klamada, 21 ya\u015f alt\u0131 milli futbolculara y\u00f6nelik \u0131rk\u00e7\u0131 hakarette bulunanlara kar\u015f\u0131 yasal i\u015flem ba\u015flat\u0131laca\u011f\u0131 bilgisini payla\u015f\u0131larak, \u201c21 ya\u015f alt\u0131 tak\u0131m\u0131n\u0131n oynad\u0131\u011f\u0131 kar\u015f\u0131la\u015fma sonras\u0131nda baz\u0131 oyunculara y\u00f6nelik ayr\u0131mc\u0131, hakaret i\u00e7eren ve insanl\u0131k d\u0131\u015f\u0131 yorumlar yazanlara \u015funu s\u00f6ylemek istiyoruz; sizden tiksiniyoruz. Siz taraftar de\u011filsiniz, size ihtiyac\u0131m\u0131z yok, sizi istemiyoruz. Yorumlar\u0131n\u0131z hakk\u0131nda yasal i\u015flem ba\u015flataca\u011f\u0131z. Bundan emin olun. Siz hi\u00e7bir zaman kazanmayacaks\u0131n\u0131z. \u00c7\u00fcnk\u00fc biz daha fazlay\u0131z. Biz a\u00e7\u0131k, \u00e7e\u015fitli, renkliyiz ve bundan son derece gurur duyuyoruz\u201d ifadeleri kullan\u0131ld\u0131.<\/p>\n","protected":false},"excerpt":{"rendered":"<p>Alman \u00fcmit milli futbolcular Moukoko ve Ngankam, \u0131rk\u00e7\u0131 hakarete u\u011frad\u0131. Almanya \u0130\u00e7i\u015fleri Bakan\u0131 Nancy Faeser, Moukoko ile Ngankam&#8217;\u0131n ya\u015fad\u0131\u011f\u0131 \u0131rk\u00e7\u0131 sald\u0131r\u0131ya tepki g\u00f6sterdi.<\/p>\n","protected":false},"author":1,"featured_media":104081,"comment_status":"closed","ping_status":"open","sticky":false,"template":"","format":"standard","meta":{"footnotes":""},"categories":[31],"tags":[12802,809,788,12801],"class_list":["post-104080","post","type-post","status-publish","format-standard","has-post-thumbnail","hentry","category-spor","tag-21-yas-alti","tag-almanya","tag-futbol","tag-moukoko"],"_links":{"self":[{"href":"https:\/\/haberulus.net\/index.php?rest_route=\/wp\/v2\/posts\/104080","targetHints":{"allow":["GET"]}}],"collection":[{"href":"https:\/\/haberulus.net\/index.php?rest_route=\/wp\/v2\/posts"}],"about":[{"href":"https:\/\/haberulus.net\/index.php?rest_route=\/wp\/v2\/types\/post"}],"author":[{"embeddable":true,"href":"https:\/\/haberulus.net\/index.php?rest_route=\/wp\/v2\/users\/1"}],"replies":[{"embeddable":true,"href":"https:\/\/haberulus.net\/index.php?rest_route=%2Fwp%2Fv2%2Fcomments&post=104080"}],"version-history":[{"count":1,"href":"https:\/\/haberulus.net\/index.php?rest_route=\/wp\/v2\/posts\/104080\/revisions"}],"predecessor-version":[{"id":104082,"href":"https:\/\/haberulus.net\/index.php?rest_route=\/wp\/v2\/posts\/104080\/revisions\/104082"}],"wp:featuredmedia":[{"embeddable":true,"href":"https:\/\/haberulus.net\/index.php?rest_route=\/wp\/v2\/media\/104081"}],"wp:attachment":[{"href":"https:\/\/haberulus.net\/index.php?rest_route=%2Fwp%2Fv2%2Fmedia&parent=104080"}],"wp:term":[{"taxonomy":"category","embeddable":true,"href":"https:\/\/haberulus.net\/index.php?rest_route=%2Fwp%2Fv2%2Fcategories&post=104080"},{"taxonomy":"post_tag","embeddable":true,"href":"https:\/\/haberulus.net\/index.php?rest_route=%2Fwp%2Fv2%2Ftags&post=104080"}],"curies":[{"name":"wp","href":"https:\/\/api.w.org\/{rel}","templated":true}]}}