{"id":104086,"date":"2023-06-24T06:05:09","date_gmt":"2023-06-24T06:05:09","guid":{"rendered":"https:\/\/haberulus.net\/?p=104086"},"modified":"2023-06-24T06:05:09","modified_gmt":"2023-06-24T06:05:09","slug":"besiktas-forvet-transferini-iceriden-yapacak","status":"publish","type":"post","link":"https:\/\/haberulus.net\/?p=104086","title":{"rendered":"Be\u015fikta\u015f forvet transferini i\u00e7eriden yapacak"},"content":{"rendered":"<p>Be\u015fikta\u015f\u2019ta Jackson Muleka karar\u0131 de\u011fi\u015febilir. 3.3 milyon Euro bonservisle transfer edilen Muleka, sezonu 6 golle tamamlam\u0131\u015f ve beklentileri kar\u015f\u0131layamam\u0131\u015ft\u0131. Y\u00f6netim, bu futbolcuyu elden \u00e7\u0131karmak istiyordu. Ancak beklendi\u011fi gibi olmad\u0131.<\/p>\n<p>Muleka&#8217;ya gelen en ciddi teklif, Katar&#8217;dan, 3.5 milyon Euro dolay\u0131ndayd\u0131. Cenk Tosun&#8217;un sakatl\u0131\u011f\u0131n\u0131n uzayacak olmas\u0131 nedeniyle y\u00f6netimin Kongoludan yararlanma fikrini de\u011ferlendirdi\u011fi bildirildi. Karar\u0131 \u015eenol G\u00fcne\u015f verecek. E\u011fer beklenen takviyeler gecikirse sezona Muleka ile ba\u015flanabilir.<\/p>\n<div><img decoding=\"async\" src=\"https:\/\/i01.sozcucdn.com\/wp-content\/uploads\/2023\/06\/23\/muleka-depo.jpg\" alt=\"\" title=\"\"><\/p>\n<p>Muleka | Foto: DepoPhotos<\/p>\n<\/div>\n<p><b>SAISS\u2019E MARKAJ<\/b><\/p>\n<p>Gelece\u011fi merak edilen bir di\u011fer isim de Romain Saiss\u2026 G\u00fcne\u015f&#8217;in kesinlikle kalmas\u0131n\u0131 istedi\u011fi Fasl\u0131 stoper, ayr\u0131lma konusunda \u0131srarc\u0131. Buna kar\u015f\u0131n y\u00f6netim bu karar\u0131 de\u011fi\u015ftirmek i\u00e7in \u00e7al\u0131\u015f\u0131yor. Sportif Direkt\u00f6r Ceyhan Kazanc\u0131, Saiss ile bir g\u00f6r\u00fc\u015fme yapacak.<\/p>\n<div><img decoding=\"async\" src=\"https:\/\/i01.sozcucdn.com\/wp-content\/uploads\/2023\/06\/23\/saiss-depo.jpeg\" alt=\"\" title=\"\"><\/p>\n<p>Saiss | Foto: DepoPhotos<\/p>\n<\/div>\n<p><b>SEZON A\u00c7ILI\u015eI 1 TEMMUZ\u2019DA<\/b><\/p>\n<p>Be\u015fikta\u2019\u0131n yeni sezon kamp program\u0131 belli oldu. Kendi tesislerinde 1 Temmuz&#8217;da sezonu a\u00e7acak siyah-beyazl\u0131lar, yurtd\u0131\u015f\u0131 kamp\u0131na ise 9 Temmuz&#8217;da ba\u015flayacak. Almanya&#8217;da 21 Temmuz&#8217;a kadar \u00e7al\u0131\u015f\u0131lacak olan Be\u015fikta\u015f en az \u00fc\u00e7 haz\u0131rl\u0131k ma\u00e7\u0131 planlan\u0131yor. Ayr\u0131ca bir de depremzedeler yarar\u0131na yard\u0131m ma\u00e7\u0131 oynanacak.<\/p>\n","protected":false},"excerpt":{"rendered":"<p>Yeni sezon haz\u0131rl\u0131klar\u0131na 1 Temmuz&#8217;da ba\u015flayacak olan Be\u015fikta\u015f&#8217;ta Cenk Tosun&#8217;un sakatl\u0131\u011f\u0131 nedeniyle Muleka tak\u0131mda tutulabilir. Karar\u0131 \u015eenol G\u00fcne\u015f verecek. Y\u00f6netim, G\u00fcne\u015f&#8217;ten olumsuz yan\u0131t gelirse oyunu satmay\u0131 planl\u0131yor.<\/p>\n","protected":false},"author":1,"featured_media":104087,"comment_status":"closed","ping_status":"open","sticky":false,"template":"","format":"standard","meta":{"footnotes":""},"categories":[31],"tags":[],"class_list":["post-104086","post","type-post","status-publish","format-standard","has-post-thumbnail","hentry","category-spor"],"_links":{"self":[{"href":"https:\/\/haberulus.net\/index.php?rest_route=\/wp\/v2\/posts\/104086","targetHints":{"allow":["GET"]}}],"collection":[{"href":"https:\/\/haberulus.net\/index.php?rest_route=\/wp\/v2\/posts"}],"about":[{"href":"https:\/\/haberulus.net\/index.php?rest_route=\/wp\/v2\/types\/post"}],"author":[{"embeddable":true,"href":"https:\/\/haberulus.net\/index.php?rest_route=\/wp\/v2\/users\/1"}],"replies":[{"embeddable":true,"href":"https:\/\/haberulus.net\/index.php?rest_route=%2Fwp%2Fv2%2Fcomments&post=104086"}],"version-history":[{"count":1,"href":"https:\/\/haberulus.net\/index.php?rest_route=\/wp\/v2\/posts\/104086\/revisions"}],"predecessor-version":[{"id":104088,"href":"https:\/\/haberulus.net\/index.php?rest_route=\/wp\/v2\/posts\/104086\/revisions\/104088"}],"wp:featuredmedia":[{"embeddable":true,"href":"https:\/\/haberulus.net\/index.php?rest_route=\/wp\/v2\/media\/104087"}],"wp:attachment":[{"href":"https:\/\/haberulus.net\/index.php?rest_route=%2Fwp%2Fv2%2Fmedia&parent=104086"}],"wp:term":[{"taxonomy":"category","embeddable":true,"href":"https:\/\/haberulus.net\/index.php?rest_route=%2Fwp%2Fv2%2Fcategories&post=104086"},{"taxonomy":"post_tag","embeddable":true,"href":"https:\/\/haberulus.net\/index.php?rest_route=%2Fwp%2Fv2%2Ftags&post=104086"}],"curies":[{"name":"wp","href":"https:\/\/api.w.org\/{rel}","templated":true}]}}