{"id":104092,"date":"2023-06-24T06:05:11","date_gmt":"2023-06-24T06:05:11","guid":{"rendered":"https:\/\/haberulus.net\/?p=104092"},"modified":"2023-06-24T06:05:11","modified_gmt":"2023-06-24T06:05:11","slug":"arda-guler-icin-barcelona-ve-real-madrid-takipte","status":"publish","type":"post","link":"https:\/\/haberulus.net\/?p=104092","title":{"rendered":"Arda G\u00fcler i\u00e7in Barcelona ve Real Madrid takipte"},"content":{"rendered":"<p>Arda G\u00fcler&#8217;in gelece\u011fi ne olacak? Bu soru t\u00fcm Fenerbah\u00e7elilerin ana g\u00fcndemi son g\u00fcnlerde\u2026<\/p>\n<p>Ba\u015fkan Ali Ko\u00e7&#8217;un kalmaya ikna etmeye \u00e7al\u0131\u015ft\u0131\u011f\u0131 gen\u00e7 y\u0131ld\u0131z\u0131n ismi transfer kulislerinde \u2018y\u0131l\u0131n f\u0131rsat\u0131&#8217; olarak an\u0131l\u0131yor ve bu durum sar\u0131-lacivertlilerin i\u015fini daha da zorla\u015ft\u0131r\u0131yor. \u00dcstelik \u015fimdi talipli tak\u0131mlar seviye atlad\u0131. D\u00fcnyan\u0131n en b\u00fcy\u00fck rekabetlerinden birine sahip iki \u0130spanyol devi Real Madrid ile Barcelona bu kez Arda G\u00fcler i\u00e7in \u2018El Clasico&#8217;ya tutu\u015ftu.<\/p>\n<p><b>REAL MADRID\u2019DEN \u00d6NCE CASTILLA&#8217;YA<\/b><\/p>\n<p>\u0130spanyol medyas\u0131 iki ezeli rakibin yar\u0131\u015f\u0131n\u0131 d\u00fcn man\u015fetlerine ta\u015f\u0131d\u0131. Barcelona&#8217;ya yak\u0131n Sport gazetesi, haberinde, Arda i\u00e7in \u201cDeco&#8217;nun m\u00fccevheri\u201d ba\u015fl\u0131\u011f\u0131n\u0131 kulland\u0131; Bar\u00e7a Sportif Direkt\u00f6r\u00fc Deco&#8217;nun 18 ya\u015f\u0131ndaki y\u0131ld\u0131z\u0131 transfer etmek i\u00e7in her \u015feyi yapaca\u011f\u0131 vurguland\u0131.<\/p>\n<p>Marca gazetesi ise Real Madrid&#8217;in 17.5 milyon Euro&#8217;luk serbest kalma bedelini \u00f6deyerek transfer edece\u011fi Arda&#8217;ya \u00f6nce ikinci tak\u0131m\u0131 olan Castilla&#8217;da \u015fans verece\u011fi bilgisini payla\u015ft\u0131.<\/p>\n<p><b>G\u00d6ZLER 2. Z\u0130RVEDE<\/b><\/p>\n<p>Fenerbah\u00e7e\u2019de g\u00f6zler, Ali Ko\u00e7 ile Arda G\u00fcler aras\u0131nda yap\u0131lacak ikinci g\u00f6r\u00fc\u015fmede. \u0130lk g\u00f6r\u00fc\u015fmede Arda, kariyerine Avrupa&#8217;da devam etmeye s\u0131cak bakt\u0131\u011f\u0131n\u0131 s\u00f6ylemi\u015fti. Ali Ko\u00e7 ile Arda G\u00fcler ve babas\u0131 \u00dcmit G\u00fcler, \u00f6n\u00fcm\u00fczdeki g\u00fcnlerde tekrar g\u00f6r\u00fc\u015fecek.<\/p>\n","protected":false},"excerpt":{"rendered":"<p>\u0130spanyol devleri Barcelona ile Real Madrid, Fenerbah\u00e7e&#8217;nin s\u00fcper yetene\u011fi Arda G\u00fcler i\u00e7in derbiye tutu\u015ftu. Gazetelerin man\u015fetlerini s\u00fcsleyen milli futbolcu i\u00e7in \u2018m\u00fccevher\u2019 benzetmesi yap\u0131ld\u0131. Bu iki kul\u00fcb\u00fcn devreye girmesiyle Arda\u2019n\u0131n kalmas\u0131 art\u0131k daha zor&#8230;<\/p>\n","protected":false},"author":1,"featured_media":104093,"comment_status":"closed","ping_status":"open","sticky":false,"template":"","format":"standard","meta":{"footnotes":""},"categories":[31],"tags":[1226,6402],"class_list":["post-104092","post","type-post","status-publish","format-standard","has-post-thumbnail","hentry","category-spor","tag-arda","tag-guler"],"_links":{"self":[{"href":"https:\/\/haberulus.net\/index.php?rest_route=\/wp\/v2\/posts\/104092","targetHints":{"allow":["GET"]}}],"collection":[{"href":"https:\/\/haberulus.net\/index.php?rest_route=\/wp\/v2\/posts"}],"about":[{"href":"https:\/\/haberulus.net\/index.php?rest_route=\/wp\/v2\/types\/post"}],"author":[{"embeddable":true,"href":"https:\/\/haberulus.net\/index.php?rest_route=\/wp\/v2\/users\/1"}],"replies":[{"embeddable":true,"href":"https:\/\/haberulus.net\/index.php?rest_route=%2Fwp%2Fv2%2Fcomments&post=104092"}],"version-history":[{"count":1,"href":"https:\/\/haberulus.net\/index.php?rest_route=\/wp\/v2\/posts\/104092\/revisions"}],"predecessor-version":[{"id":104094,"href":"https:\/\/haberulus.net\/index.php?rest_route=\/wp\/v2\/posts\/104092\/revisions\/104094"}],"wp:featuredmedia":[{"embeddable":true,"href":"https:\/\/haberulus.net\/index.php?rest_route=\/wp\/v2\/media\/104093"}],"wp:attachment":[{"href":"https:\/\/haberulus.net\/index.php?rest_route=%2Fwp%2Fv2%2Fmedia&parent=104092"}],"wp:term":[{"taxonomy":"category","embeddable":true,"href":"https:\/\/haberulus.net\/index.php?rest_route=%2Fwp%2Fv2%2Fcategories&post=104092"},{"taxonomy":"post_tag","embeddable":true,"href":"https:\/\/haberulus.net\/index.php?rest_route=%2Fwp%2Fv2%2Ftags&post=104092"}],"curies":[{"name":"wp","href":"https:\/\/api.w.org\/{rel}","templated":true}]}}