{"id":104131,"date":"2023-06-24T07:51:03","date_gmt":"2023-06-24T07:51:03","guid":{"rendered":"https:\/\/haberulus.net\/?p=104131"},"modified":"2023-06-24T07:51:03","modified_gmt":"2023-06-24T07:51:03","slug":"cocuk-cinayetinde-karar-mahkemeden-merhamet-dilendi-ama-fayda-etmedi","status":"publish","type":"post","link":"https:\/\/haberulus.net\/?p=104131","title":{"rendered":"\u00c7ocuk cinayetinde karar: Mahkemeden merhamet dilendi ama fayda etmedi\u2026."},"content":{"rendered":"<p>Bismil \u0130l\u00e7esine ba\u011fl\u0131 Selamet K\u00f6y\u00fcnde ya\u015fayan evli 7 \u00e7ocuk babas\u0131 Aslan Karaka\u015f (35), 14 ya\u015f\u0131ndaki amcas\u0131n\u0131n k\u0131z\u0131 Emine Karaka\u015f ile imam nik\u00e2h\u0131yla evlenip e\u015finin \u00fczerine kuma g\u00f6t\u00fcrmek istedi.<\/p>\n<p>Amcas\u0131n\u0131n o\u011flunun saplant\u0131l\u0131 tacizleri nedeniyle okulu b\u0131rakmak zorunda kalan Emine, k\u00fc\u00e7\u00fck ya\u015fta kuma olmak istemeyince Aslan Karaka\u015f amcas\u0131n\u0131n ailesine husumet besledi.<\/p>\n<p>4 \u015eubat 2021 g\u00fcn\u00fc Emine&#8217;nin ailesiyle birlikte Batman&#8217;a al\u0131\u015fveri\u015f yapmak i\u00e7in gidece\u011fini \u00f6\u011frenen Aslan Karaka\u015f, Emine ve ailesinin i\u00e7inde bulundu\u011fu arac\u0131n \u00f6n\u00fcn\u00fc kala\u015fnikofla kesti.<\/p>\n<p>Sald\u0131r\u0131ya u\u011frayacaklar\u0131n\u0131 anlayan aile h\u0131zla olay yerinden uzakla\u015fmaya \u00e7al\u0131\u015f\u0131rken, Aslan Karaka\u015f silah\u0131 seriye ba\u011flay\u0131p yayl\u0131m ate\u015fi a\u00e7t\u0131.<\/p>\n<p>A\u011f\u0131r yaralanan k\u00fc\u00e7\u00fck k\u0131z, Dicle \u00dcniversitesi Yo\u011fun Bak\u0131m \u00dcnitesi\u2019nde verdi\u011fi ya\u015fam m\u00fccadelesini 138\u2019inci g\u00fcnde kaybetti.<\/p>\n<p>18 merminin isabet etti\u011fi arac\u0131 tarayan katil kay\u0131plara kar\u0131\u015ft\u0131. Telefon hatlar\u0131 mahkeme karar\u0131yla dinlemeye al\u0131nan ve zanl\u0131 bu s\u00fcre i\u00e7inde telefon dinleme ihtimalini de\u011ferlendirip, ad\u0131na kay\u0131tl\u0131 iki hatt\u0131 da kullanmad\u0131. Ancak Emine&#8217;nin \u00f6lmesi \u00fczerine olaydan 5 ay sonra teslim oldu.<\/p>\n<p><strong>\u201cE\u015e\u0130M\u0130 \u0130K\u0130NC\u0130 EVL\u0130L\u0130\u011eE \u0130KNA ETT\u0130M \u0130MAM N\u0130K\u00c2HI KIYACAKTIM\u201d<\/strong><\/p>\n<p>San\u0131k ilk ifadesinde, \u201cEmine&#8217;yle evlenmek istedi\u011fimi annesi Nurcan&#8217;a s\u00f6yledim. Ard\u0131ndan e\u015fimle konu\u015fup onu da ikinci evlili\u011fimi yapmaya ikna ettim. E\u015fim olumlu bak\u0131nca imam nik\u00e2h\u0131yla Emine&#8217;yle evlenecektim. \u0130lk e\u015fimden bo\u015fanmay\u0131 d\u00fc\u015f\u00fcnmedim. Ekonomik s\u0131k\u0131nt\u0131lar\u0131m ba\u015flay\u0131nca bu kez Emine&#8217;nin annesi de evlili\u011fe onay vermedi. Olay g\u00fcn\u00fc ablam konu\u015fmak i\u00e7in arac\u0131n \u00f6n\u00fcn\u00fc kesti, ancak ara\u00e7 h\u0131zla uzakla\u015ft\u0131. Ben de korkutmak i\u00e7in birka\u00e7 el ate\u015f ettim. Me\u011fer silah seri at\u0131\u015f konumunda oldu\u011fu i\u00e7in elim her teti\u011fe gitti\u011finde 4 mermi s\u0131km\u0131\u015f\u0131m\u201d dedi.<\/p>\n<p><strong>SON SAVUNMASI PES DED\u0130RTT\u0130<\/strong><\/p>\n<p>D\u00fcn A\u011f\u0131r Ceza Mahkemesi\u2019ndeki karar duru\u015fmas\u0131nda son s\u00f6z\u00fc sorulan san\u0131k Aslan Karaka\u015f&#8217;\u0131n bu kez a\u011f\u0131z de\u011fi\u015ftirip farkl\u0131 bir savunma yapmas\u0131 ise pes dedirtti.<\/p>\n<p>San\u0131k Karaka\u015f, \u201cK\u0131z\u0131 ba\u015fkas\u0131yla evlendirmek istiyorlard\u0131. Ben de ya\u015f\u0131 k\u00fc\u00e7\u00fck oldu\u011fu i\u00e7in bu evlili\u011fe kar\u015f\u0131 \u00e7\u0131kt\u0131m. Olay g\u00fcn\u00fc de onlara engel olmaya \u00e7al\u0131\u015ft\u0131m ama k\u0131z\u0131 ba\u015fkas\u0131yla evlendirmelerine g\u00f6nl\u00fcm r\u0131za g\u00f6stermedi. Pi\u015fman\u0131m, ke\u015fke olmasayd\u0131\u201d dedi.<\/p>\n<p>Tutuksuz yarg\u0131lanan san\u0131\u011f\u0131n ablas\u0131 M\u00fcnevver Karaka\u015f da, \u201cKarde\u015fim Emine&#8217;nin ba\u015fkas\u0131yla evlendirilmek istendi\u011fini bana anlatt\u0131. Olay g\u00fcn\u00fc de evin \u00f6n\u00fcnde kalabal\u0131k g\u00f6r\u00fcnce Emine&#8217;yi ba\u015fkas\u0131yla evlenmekten vazge\u00e7meye ikna etmek i\u00e7in gittim. Bu s\u0131rada olanlar oldu\u201d dedi.<\/p>\n<p><strong>A\u011eIRLA\u015eTIRILMI\u015e M\u00dcEBBET VE 32 YIL HAP\u0130S<\/strong><\/p>\n<p>Mahkeme san\u0131k Aslan Karaka\u015f&#8217;\u0131 Emine&#8217;yi \u00f6ld\u00fcrd\u00fc\u011f\u00fc i\u00e7in \u201c\u00c7ocu\u011fu tasarlayarak kasten \u00f6ld\u00fcrmek\u201d su\u00e7undan a\u011f\u0131rla\u015ft\u0131r\u0131lm\u0131\u015f m\u00fcebbet hapisle cezaland\u0131rd\u0131.<\/p>\n<p>Ayn\u0131 ara\u00e7ta bulunan ailesinden 3 ki\u015fiyi de \u00f6ld\u00fcrmeye te\u015febb\u00fcs etti\u011fi i\u00e7in 9&#8217;ar y\u0131l olmak \u00fczere 27 y\u0131l hapisle cezaland\u0131rd\u0131.<\/p>\n<p>Mahkeme san\u0131\u011f\u0131, olay\u0131 vahim nitelikteki uzun namlulu silahla ger\u00e7ekle\u015ftirdi\u011fi i\u00e7in 5 y\u0131l hapis 10 bin lira da para cezas\u0131yla cezaland\u0131rd\u0131.<\/p>\n<p>Mahkeme san\u0131k hakk\u0131nda hi\u00e7bir taktiri indirim uygulamad\u0131. Ablas\u0131 M\u00fcnevver hakk\u0131nda ise delil yetersizli\u011finden beraat karar\u0131 verdi.<\/p>\n<p><strong>KADIN \u00dcYE HAK\u0130M: T\u00d6RE SA\u0130K\u0130YLE CEZALANDIRILMALI<\/strong><\/p>\n<p>Mahkemenin bir \u00fcyesi ise karara muhalif kald\u0131. \u00dcye hakim, san\u0131\u011f\u0131n TCK&#8217;n\u0131n 82-1 madesinin a ve e f\u0131kralar\u0131 uyar\u0131nca \u201cT\u00f6re saikiyle tasarlayarak beden ve ruh bak\u0131m\u0131 y\u00f6n\u00fcnden kendini savunamayacak durumdaki \u00e7ocu\u011fu kasten \u00f6ld\u00fcrmek\u201d su\u00e7undan cezaland\u0131r\u0131lmas\u0131 gerekti\u011fi y\u00f6n\u00fcnde verilen karara muhalefet \u015ferhi yazd\u0131rd\u0131.<\/p>\n","protected":false},"excerpt":{"rendered":"<p>Diyarbak\u0131r\u2019da 14 ya\u015f\u0131ndaki amcas\u0131n\u0131n k\u0131z\u0131yla evlenip e\u015finin \u00fczerine kuma getirmek isteyen ancak bu talebini reddetti\u011fi i\u00e7in k\u00fc\u00e7\u00fck k\u0131z\u0131 kala\u015fnikofla tarayarak \u00f6ld\u00fcren 7 \u00e7ocuk babas\u0131 Aslan Karaka\u015f, a\u011f\u0131rla\u015ft\u0131r\u0131lm\u0131\u015f m\u00fcebbet ve 32 y\u0131l hapisle cezaland\u0131r\u0131ld\u0131.<\/p>\n","protected":false},"author":1,"featured_media":104132,"comment_status":"closed","ping_status":"open","sticky":false,"template":"","format":"standard","meta":{"footnotes":""},"categories":[26],"tags":[12808,171,3149,505,105],"class_list":["post-104131","post","type-post","status-publish","format-standard","has-post-thumbnail","hentry","category-gundem","tag-aslan-karakas","tag-ceza","tag-emine","tag-mahkeme","tag-olay"],"_links":{"self":[{"href":"https:\/\/haberulus.net\/index.php?rest_route=\/wp\/v2\/posts\/104131","targetHints":{"allow":["GET"]}}],"collection":[{"href":"https:\/\/haberulus.net\/index.php?rest_route=\/wp\/v2\/posts"}],"about":[{"href":"https:\/\/haberulus.net\/index.php?rest_route=\/wp\/v2\/types\/post"}],"author":[{"embeddable":true,"href":"https:\/\/haberulus.net\/index.php?rest_route=\/wp\/v2\/users\/1"}],"replies":[{"embeddable":true,"href":"https:\/\/haberulus.net\/index.php?rest_route=%2Fwp%2Fv2%2Fcomments&post=104131"}],"version-history":[{"count":1,"href":"https:\/\/haberulus.net\/index.php?rest_route=\/wp\/v2\/posts\/104131\/revisions"}],"predecessor-version":[{"id":104133,"href":"https:\/\/haberulus.net\/index.php?rest_route=\/wp\/v2\/posts\/104131\/revisions\/104133"}],"wp:featuredmedia":[{"embeddable":true,"href":"https:\/\/haberulus.net\/index.php?rest_route=\/wp\/v2\/media\/104132"}],"wp:attachment":[{"href":"https:\/\/haberulus.net\/index.php?rest_route=%2Fwp%2Fv2%2Fmedia&parent=104131"}],"wp:term":[{"taxonomy":"category","embeddable":true,"href":"https:\/\/haberulus.net\/index.php?rest_route=%2Fwp%2Fv2%2Fcategories&post=104131"},{"taxonomy":"post_tag","embeddable":true,"href":"https:\/\/haberulus.net\/index.php?rest_route=%2Fwp%2Fv2%2Ftags&post=104131"}],"curies":[{"name":"wp","href":"https:\/\/api.w.org\/{rel}","templated":true}]}}