{"id":104137,"date":"2023-06-24T07:51:05","date_gmt":"2023-06-24T07:51:05","guid":{"rendered":"https:\/\/haberulus.net\/?p=104137"},"modified":"2023-06-24T07:51:05","modified_gmt":"2023-06-24T07:51:05","slug":"yasin-gureler-genclerbirliginde-kaldi","status":"publish","type":"post","link":"https:\/\/haberulus.net\/?p=104137","title":{"rendered":"Yasin G\u00fcreler Gen\u00e7lerbirli\u011fi\u2019nde kald\u0131"},"content":{"rendered":"<p>Spor Toto 1. Lig ekiplerinden Gen\u00e7lerbirli\u011fi, ge\u00e7en sezon devre aras\u0131 kiral\u0131k olarak kadrosuna katt\u0131\u011f\u0131 defans oyuncusu Yasin G\u00fcreler ile 2 y\u0131ll\u0131k s\u00f6zle\u015fme imzalad\u0131.<\/p>\n<p>Ba\u015fkent ekibinden yap\u0131lan a\u00e7\u0131klamaya g\u00f6re, ge\u00e7en sezon devre aras\u0131nda kiral\u0131k olarak kadrosuna dahil etti\u011fi Yasin G\u00fcreler ile anla\u015fma sa\u011fland\u0131.<\/p>\n<p>Gen\u00e7lerbirli\u011fi, ge\u00e7ti\u011fimiz sezon 12 ma\u00e7ta toplam bin 80 dakika sahada yer alan ve oynad\u0131\u011f\u0131 kar\u015f\u0131la\u015fmalarda 2 gol, 1 asistle tak\u0131m\u0131na katk\u0131 sa\u011flayan 31 ya\u015f\u0131ndaki tecr\u00fcbeli defans oyuncusu Yasin G\u00fcreler ile 2 y\u0131ll\u0131k s\u00f6zle\u015fmeye imza att\u0131. (AA)<\/p>\n","protected":false},"excerpt":{"rendered":"<p>Gen\u00e7lerbirli\u011fi, ge\u00e7ti\u011fimiz sezon devre aras\u0131nda kiralad\u0131\u011f\u0131 Yasin G\u00fcreler ile 2 y\u0131ll\u0131k s\u00f6zle\u015fme imzalad\u0131.<\/p>\n","protected":false},"author":1,"featured_media":104138,"comment_status":"closed","ping_status":"open","sticky":false,"template":"","format":"standard","meta":{"footnotes":""},"categories":[31],"tags":[],"class_list":["post-104137","post","type-post","status-publish","format-standard","has-post-thumbnail","hentry","category-spor"],"_links":{"self":[{"href":"https:\/\/haberulus.net\/index.php?rest_route=\/wp\/v2\/posts\/104137","targetHints":{"allow":["GET"]}}],"collection":[{"href":"https:\/\/haberulus.net\/index.php?rest_route=\/wp\/v2\/posts"}],"about":[{"href":"https:\/\/haberulus.net\/index.php?rest_route=\/wp\/v2\/types\/post"}],"author":[{"embeddable":true,"href":"https:\/\/haberulus.net\/index.php?rest_route=\/wp\/v2\/users\/1"}],"replies":[{"embeddable":true,"href":"https:\/\/haberulus.net\/index.php?rest_route=%2Fwp%2Fv2%2Fcomments&post=104137"}],"version-history":[{"count":1,"href":"https:\/\/haberulus.net\/index.php?rest_route=\/wp\/v2\/posts\/104137\/revisions"}],"predecessor-version":[{"id":104139,"href":"https:\/\/haberulus.net\/index.php?rest_route=\/wp\/v2\/posts\/104137\/revisions\/104139"}],"wp:featuredmedia":[{"embeddable":true,"href":"https:\/\/haberulus.net\/index.php?rest_route=\/wp\/v2\/media\/104138"}],"wp:attachment":[{"href":"https:\/\/haberulus.net\/index.php?rest_route=%2Fwp%2Fv2%2Fmedia&parent=104137"}],"wp:term":[{"taxonomy":"category","embeddable":true,"href":"https:\/\/haberulus.net\/index.php?rest_route=%2Fwp%2Fv2%2Fcategories&post=104137"},{"taxonomy":"post_tag","embeddable":true,"href":"https:\/\/haberulus.net\/index.php?rest_route=%2Fwp%2Fv2%2Ftags&post=104137"}],"curies":[{"name":"wp","href":"https:\/\/api.w.org\/{rel}","templated":true}]}}