{"id":104176,"date":"2023-06-24T09:05:05","date_gmt":"2023-06-24T09:05:05","guid":{"rendered":"https:\/\/haberulus.net\/?p=104176"},"modified":"2023-06-24T09:05:05","modified_gmt":"2023-06-24T09:05:05","slug":"cumhurbaskani-erdogan-chp-grup-baskani-ozgur-ozelden-50-bin-lira-manevi-tazminat-kazandi","status":"publish","type":"post","link":"https:\/\/haberulus.net\/?p=104176","title":{"rendered":"Cumhurba\u015fkan\u0131 Erdo\u011fan, CHP Grup Ba\u015fkan\u0131 \u00d6zg\u00fcr \u00d6zel&#8217;den 50 bin lira manevi tazminat kazand\u0131"},"content":{"rendered":"<p>Cumhurba\u015fkan\u0131 Recep Tayyip Erdo\u011fan, ki\u015filik haklar\u0131n\u0131n ihlal edildi\u011fi gerek\u00e7esiyle a\u00e7t\u0131\u011f\u0131 davada, CHP Grup Ba\u015fkan\u0131 \u00d6zg\u00fcr \u00d6zel&#8217;den 50 bin lira manevi tazminat kazand\u0131.<\/p>\n<p>Cumhurba\u015fkan\u0131 Erdo\u011fan&#8217;\u0131n Avukat\u0131 H\u00fcseyin Ayd\u0131n, sosyal medya hesab\u0131ndan yapt\u0131\u011f\u0131 payla\u015f\u0131mda, &#8220;Ankara 15. Asliye Hukuk Mahkemesi, bug\u00fcn g\u00f6r\u00fclen duru\u015fmada, 26 Nisan 2023&#8217;teki konu\u015fmas\u0131nda mesnetsiz ithamlarla ve hakaretamiz ifadelerle Cumhurba\u015fkan\u0131m\u0131z\u0131 hedef alan CHP Grup Ba\u015fkan\u0131 \u00d6zg\u00fcr \u00d6zel&#8217;i 50 bin lira manevi tazminata mahkum etti.&#8221; ifadelerini kulland\u0131.<\/p>\n<div>Kaynak: AA \/  Cemil Murat Budak &#8211;  Politika <\/div>\n","protected":false},"excerpt":{"rendered":"<p>Cumhurba\u015fkan\u0131 Recep Tayyip Erdo\u011fan, ki\u015filik haklar\u0131n\u0131n ihlal edildi\u011fi gerek\u00e7esiyle a\u00e7t\u0131\u011f\u0131 davada, CHP Grup Ba\u015fkan\u0131 \u00d6zg\u00fcr \u00d6zel&#8217;den 50 bin lira manevi tazminat kazand\u0131.<\/p>\n","protected":false},"author":1,"featured_media":104177,"comment_status":"closed","ping_status":"open","sticky":false,"template":"","format":"standard","meta":{"footnotes":""},"categories":[28],"tags":[],"class_list":["post-104176","post","type-post","status-publish","format-standard","has-post-thumbnail","hentry","category-politika"],"_links":{"self":[{"href":"https:\/\/haberulus.net\/index.php?rest_route=\/wp\/v2\/posts\/104176","targetHints":{"allow":["GET"]}}],"collection":[{"href":"https:\/\/haberulus.net\/index.php?rest_route=\/wp\/v2\/posts"}],"about":[{"href":"https:\/\/haberulus.net\/index.php?rest_route=\/wp\/v2\/types\/post"}],"author":[{"embeddable":true,"href":"https:\/\/haberulus.net\/index.php?rest_route=\/wp\/v2\/users\/1"}],"replies":[{"embeddable":true,"href":"https:\/\/haberulus.net\/index.php?rest_route=%2Fwp%2Fv2%2Fcomments&post=104176"}],"version-history":[{"count":1,"href":"https:\/\/haberulus.net\/index.php?rest_route=\/wp\/v2\/posts\/104176\/revisions"}],"predecessor-version":[{"id":104178,"href":"https:\/\/haberulus.net\/index.php?rest_route=\/wp\/v2\/posts\/104176\/revisions\/104178"}],"wp:featuredmedia":[{"embeddable":true,"href":"https:\/\/haberulus.net\/index.php?rest_route=\/wp\/v2\/media\/104177"}],"wp:attachment":[{"href":"https:\/\/haberulus.net\/index.php?rest_route=%2Fwp%2Fv2%2Fmedia&parent=104176"}],"wp:term":[{"taxonomy":"category","embeddable":true,"href":"https:\/\/haberulus.net\/index.php?rest_route=%2Fwp%2Fv2%2Fcategories&post=104176"},{"taxonomy":"post_tag","embeddable":true,"href":"https:\/\/haberulus.net\/index.php?rest_route=%2Fwp%2Fv2%2Ftags&post=104176"}],"curies":[{"name":"wp","href":"https:\/\/api.w.org\/{rel}","templated":true}]}}