{"id":104185,"date":"2023-06-24T09:19:03","date_gmt":"2023-06-24T09:19:03","guid":{"rendered":"https:\/\/haberulus.net\/?p=104185"},"modified":"2023-06-24T09:19:03","modified_gmt":"2023-06-24T09:19:03","slug":"meral-aksener-kurultayda-esti-gurledi-hesap-soracagim","status":"publish","type":"post","link":"https:\/\/haberulus.net\/?p=104185","title":{"rendered":"Meral Ak\u015fener, kurultayda esti g\u00fcrledi: Hesap soraca\u011f\u0131m"},"content":{"rendered":"<p> <strong>\u0130yi Parti<\/strong> Genel Ba\u015fkan\u0131 Meral Ak\u015fener, partisinin 3. Ola\u011fan Kurultay\u0131&#8217;nda a\u00e7\u0131klamalarda bulundu.  <strong>Se\u00e7im<\/strong> yenilgisinin ard\u0131ndan kurucu \u00fcyelerin art arda istifa etmesine ve parti i\u00e7indeki kar\u0131\u015f\u0131kl\u0131klara de\u011finen Ak\u015fener, a\u00e7t\u0131 a\u011fz\u0131n\u0131 yumdu g\u00f6z\u00fcn\u00fc. \u0130Y\u0130 Parti lideri, &#8220;\u00d6yle \u00e7irkinlikler yap\u0131ld\u0131 ki, g\u00fcnlerce uyuyamad\u0131m. S\u00f6yleyemeyece\u011fim \u00f6yle pislikler oldu ki&#8230; G\u00f6rd\u00fcm ki herkes her \u015feyi istiyor, yetmiyor. Vekillik olunuyor yetmiyor, G\u0130K \u00fcyeli\u011fi isteniyor, genel ba\u015fkan yard\u0131mc\u0131l\u0131\u011f\u0131 isteniyor. Karde\u015fim, kadrolar s\u0131n\u0131rl\u0131! B\u0131rak\u0131n birileri de o g\u00f6revleri yerine getirsin! Bug\u00fcn hesapla\u015f\u0131yoruz, hesap veriyorum, hesap soraca\u011f\u0131m sonra!&#8221; ifadelerini kulland\u0131.<\/p>\n<p><b>&#8220;G\u00dcNLERCE UYUYAMADIM&#8221;<\/b><\/p>\n<p>Ak\u015fener&#8217;in konu\u015fmas\u0131ndan sat\u0131r ba\u015flar\u0131: &#8220;\u00d6yle \u00e7irkinlikler yap\u0131ld\u0131 ki, g\u00fcnlerce uyuyamad\u0131m. S\u00f6yleyemeyece\u011fim \u00f6yle pislikler oldu ki&#8230; G\u00f6rd\u00fcm ki herkes her \u015feyi istiyor, yetmiyor. Vekillik olunuyor yetmiyor, G\u0130K \u00fcyeli\u011fi isteniyor, genel ba\u015fkan yard\u0131mc\u0131l\u0131\u011f\u0131 isteniyor. Karde\u015fim, kadrolar s\u0131n\u0131rl\u0131! B\u0131rak\u0131n birileri de o g\u00f6revleri yerine getirsin! 6&#8217;l\u0131 masa meselesi ortaya \u00e7\u0131kt\u0131. \u015eimdi biz fedakarl\u0131k yapan insanlar\u0131z ya, T\u00fcrkiye bizim i\u00e7in \u00f6nde ya. Biz bu parti se\u00e7ime girebilsin diye CHP&#8217;den 15 milletvekili istedik, hayat\u0131m\u0131n en b\u00fcy\u00fck pi\u015fmanl\u0131\u011f\u0131d\u0131r. Sava\u015fmal\u0131yd\u0131k, bile\u011fimizin g\u00fcc\u00fcyle o se\u00e7ime girmeliydik, girmiyorsak da gere\u011fini yapmal\u0131yd\u0131k. Sava\u015fmad\u0131k!<\/p>\n<p><b>&#8220;KELLEMLE TOP OYNAMAYI \u00c7OK SEVER\u0130M&#8221;<\/b><\/p>\n<p>15 vekil istedik, K\u0131l\u0131\u00e7daro\u011flu&#8217;na te\u015fekk\u00fcr ediyorum. Ama o g\u00fcn bug\u00fcn 15 milletvekilinin bedelini \u00f6deyemedik. \u00d6mer Seyfettin&#8217;in diyetine d\u00f6nd\u00fc bu i\u015f. Biz, psikolojik olarak kendimizi \u00e7ok k\u00f6t\u00fc hissettik. Ben kendimi \u00e7ok a\u015fa\u011f\u0131lanm\u0131\u015f hissettim. \u00c7ok \u00e7aresiz hissettim. Sava\u015fmad\u0131k, ben sava\u015f\u0131 severim. Ben can\u0131mla, kafamla, kellemle top oynamay\u0131 severim. Yapamad\u0131k. Ben kellemle top oynamay\u0131 \u00e7ok severim. 28 \u015eubat&#8217;ta oynad\u0131m. Erdo\u011fan&#8217;la ters d\u00fc\u015ft\u00fck, umurum, korkum olmad\u0131. 15 milletvekili almak bize kuyruk siyasetine mal oldu! Ama e\u011friye e\u011fri, do\u011fruya do\u011fru&#8230; Bu, T\u00fcrkiye&#8217;ye b\u00fcy\u00fck bir iyilik yapt\u0131. Demokrasinin ne kadar \u00f6nemli oldu\u011funu, CHP ile yap\u0131lan bu i\u015fbirli\u011finin, CHP&#8217;ye sahada bulunan her renkten insanlar\u0131n \u00f6nyarg\u0131lar\u0131n\u0131n de\u011fi\u015fmesine sebep oldu. Sonra bu de\u011fi\u015fme, alt\u0131l\u0131 masay\u0131, Millet \u0130ttifak\u0131&#8217;n\u0131 getirdik.<\/p>\n<p><b>&#8220;BA\u015eARISIZLIK VARSA BEN\u0130MD\u0130R&#8221;<\/b><\/p>\n<p>Sonra bir \u015fey yapt\u0131k. Belki de bir bor\u00e7 \u00f6demeydi bilmiyorum. Koray Ayd\u0131n&#8217;\u0131n \u00f6nerisi&#8230; Ba\u015far\u0131s\u0131zl\u0131k varsa benimdir. Demokrasi mi diyorsunuz. \u015eimdi \u00f6\u011frenece\u011fiz hep birlikte. Demokrasinin gereklilikleri, sonu\u00e7lar\u0131 var. K\u0131l\u0131\u00e7daro\u011flu&#8217;ndan randevu ald\u0131m gittik. \u0130ki parti yerel se\u00e7imlere birlikte gitmeyi teklif ettik, sonu\u00e7ta bir ba\u015far\u0131 \u00e7\u0131kt\u0131. Beni en \u00e7ok etkileyen, \u00fczen ne oldu biliyor musunuz&#8230; \u0130stanbul&#8217;un se\u00e7imini biz de\u011fil HDP kazand\u0131rd\u0131! Bilmem nereyi biz de\u011fil HDP kazand\u0131rd\u0131. Yuh muh yok, bug\u00fcn hesapla\u015f\u0131yoruz, hesap veriyorum, hesap soraca\u011f\u0131m sonra!&#8221;<\/p>\n","protected":false},"excerpt":{"rendered":"<p>Genel Ba\u015fkan Meral Ak\u015fener&#8217;in tek aday olmas\u0131 beklenen \u0130Y\u0130 Parti&#8217;nin 3. Ola\u011fan Kurultay\u0131 ba\u015flad\u0131. Se\u00e7im sonras\u0131 istifalar\u0131n art arda ya\u015fand\u0131\u011f\u0131 \u0130Y\u0130 Parti lideri Ak\u015fener, &#8220;Bug\u00fcn hesapla\u015f\u0131yoruz. Bug\u00fcn hesap veriyorum, hesap soraca\u011f\u0131m. Bu partide hadsizlik, sayg\u0131s\u0131zl\u0131k bitmi\u015ftir.&#8221; dedi.<\/p>\n","protected":false},"author":1,"featured_media":104186,"comment_status":"closed","ping_status":"open","sticky":false,"template":"","format":"standard","meta":{"footnotes":""},"categories":[28],"tags":[101,442,320],"class_list":["post-104185","post","type-post","status-publish","format-standard","has-post-thumbnail","hentry","category-politika","tag-hesap","tag-parti","tag-secim"],"_links":{"self":[{"href":"https:\/\/haberulus.net\/index.php?rest_route=\/wp\/v2\/posts\/104185","targetHints":{"allow":["GET"]}}],"collection":[{"href":"https:\/\/haberulus.net\/index.php?rest_route=\/wp\/v2\/posts"}],"about":[{"href":"https:\/\/haberulus.net\/index.php?rest_route=\/wp\/v2\/types\/post"}],"author":[{"embeddable":true,"href":"https:\/\/haberulus.net\/index.php?rest_route=\/wp\/v2\/users\/1"}],"replies":[{"embeddable":true,"href":"https:\/\/haberulus.net\/index.php?rest_route=%2Fwp%2Fv2%2Fcomments&post=104185"}],"version-history":[{"count":1,"href":"https:\/\/haberulus.net\/index.php?rest_route=\/wp\/v2\/posts\/104185\/revisions"}],"predecessor-version":[{"id":104187,"href":"https:\/\/haberulus.net\/index.php?rest_route=\/wp\/v2\/posts\/104185\/revisions\/104187"}],"wp:featuredmedia":[{"embeddable":true,"href":"https:\/\/haberulus.net\/index.php?rest_route=\/wp\/v2\/media\/104186"}],"wp:attachment":[{"href":"https:\/\/haberulus.net\/index.php?rest_route=%2Fwp%2Fv2%2Fmedia&parent=104185"}],"wp:term":[{"taxonomy":"category","embeddable":true,"href":"https:\/\/haberulus.net\/index.php?rest_route=%2Fwp%2Fv2%2Fcategories&post=104185"},{"taxonomy":"post_tag","embeddable":true,"href":"https:\/\/haberulus.net\/index.php?rest_route=%2Fwp%2Fv2%2Ftags&post=104185"}],"curies":[{"name":"wp","href":"https:\/\/api.w.org\/{rel}","templated":true}]}}