{"id":104248,"date":"2023-06-24T11:05:04","date_gmt":"2023-06-24T11:05:04","guid":{"rendered":"https:\/\/haberulus.net\/?p=104248"},"modified":"2023-06-24T11:05:04","modified_gmt":"2023-06-24T11:05:04","slug":"abden-dikkat-ceken-rusyada-darbe-girisimi-yorumu","status":"publish","type":"post","link":"https:\/\/haberulus.net\/?p=104248","title":{"rendered":"AB\u2019den dikkat \u00e7eken \u2018Rusya\u2019da darbe giri\u015fimi\u2019 yorumu"},"content":{"rendered":"<p>Avrupa Birli\u011fi (AB) Konseyi Ba\u015fkan\u0131 Charles Michel, Rusya\u2019da Wagner Grubunun Rus y\u00f6netimine isyan\u0131yla ba\u015flayan olaylar\u0131 yak\u0131ndan izledi\u011fini belirterek bunun Rusya\u2019n\u0131n i\u00e7 meselesi oldu\u011funu belirtti.<\/p>\n<p>Michel, Twitter hesab\u0131ndan yapt\u0131\u011f\u0131 a\u00e7\u0131klamada, AB\u2019nin Rusya\u2019da geli\u015fen durumu yak\u0131ndan izledi\u011fini bildirdi. Avrupal\u0131 liderler ve G7 ortaklar\u0131yla temas halinde oldu\u011funu belirten Michel, \u201cBu, a\u00e7\u0131k\u00e7a Rusya\u2019n\u0131n i\u00e7 meselesidir\u201d de\u011ferlendirmesini yapt\u0131.<\/p>\n<p>Michel, \u201cUkrayna\u2019ya ve Ukrayna Devlet Ba\u015fkan\u0131 Volodimir Zelenskiy\u2019e deste\u011fimiz sars\u0131lmaz\u201d ifadesini kulland\u0131.<\/p>\n<p>Wagner\u2019in kurucusu Yevgeniy Prigojin, Rus ordusunu Wagner\u2019e sald\u0131r\u0131 d\u00fczenlemekle su\u00e7lay\u0131p kar\u015f\u0131l\u0131k vermekle tehdit etmi\u015fti. Bu durum \u00fczerine Federal G\u00fcvenlik Servisi (FSB), \u201csilahl\u0131 isyan\u201d su\u00e7lamas\u0131yla ceza davas\u0131 a\u00e7m\u0131\u015ft\u0131.<\/p>\n<p>Rusya Savunma Bakanl\u0131\u011f\u0131ndan yap\u0131lan a\u00e7\u0131klamada, Wagner\u2019in kamplar\u0131na sald\u0131r\u0131 d\u00fczenlendi\u011fi y\u00f6n\u00fcndeki iddialar yalanlanm\u0131\u015ft\u0131.Bakanl\u0131k, bu sabah yapt\u0131\u011f\u0131 a\u00e7\u0131klamada, t\u00fcm Wagner sava\u015f\u00e7\u0131lar\u0131na \u201cihtiyatl\u0131 olmalar\u0131\u201d ve kolluk kuvvetleriyle ileti\u015fime ge\u00e7meleri \u00e7a\u011fr\u0131s\u0131nda bulunmu\u015ftu. (AA)<\/p>\n","protected":false},"excerpt":{"rendered":"<p>D\u00fcnya Rusya&#8217;daki krize odaklan\u0131rken AB&#8217;den dikkat \u00e7eken bir a\u00e7\u0131klama geldi.<\/p>\n","protected":false},"author":1,"featured_media":104249,"comment_status":"closed","ping_status":"open","sticky":false,"template":"","format":"standard","meta":{"footnotes":""},"categories":[24],"tags":[69,5020],"class_list":["post-104248","post","type-post","status-publish","format-standard","has-post-thumbnail","hentry","category-dunya","tag-rus","tag-wagner"],"_links":{"self":[{"href":"https:\/\/haberulus.net\/index.php?rest_route=\/wp\/v2\/posts\/104248","targetHints":{"allow":["GET"]}}],"collection":[{"href":"https:\/\/haberulus.net\/index.php?rest_route=\/wp\/v2\/posts"}],"about":[{"href":"https:\/\/haberulus.net\/index.php?rest_route=\/wp\/v2\/types\/post"}],"author":[{"embeddable":true,"href":"https:\/\/haberulus.net\/index.php?rest_route=\/wp\/v2\/users\/1"}],"replies":[{"embeddable":true,"href":"https:\/\/haberulus.net\/index.php?rest_route=%2Fwp%2Fv2%2Fcomments&post=104248"}],"version-history":[{"count":1,"href":"https:\/\/haberulus.net\/index.php?rest_route=\/wp\/v2\/posts\/104248\/revisions"}],"predecessor-version":[{"id":104250,"href":"https:\/\/haberulus.net\/index.php?rest_route=\/wp\/v2\/posts\/104248\/revisions\/104250"}],"wp:featuredmedia":[{"embeddable":true,"href":"https:\/\/haberulus.net\/index.php?rest_route=\/wp\/v2\/media\/104249"}],"wp:attachment":[{"href":"https:\/\/haberulus.net\/index.php?rest_route=%2Fwp%2Fv2%2Fmedia&parent=104248"}],"wp:term":[{"taxonomy":"category","embeddable":true,"href":"https:\/\/haberulus.net\/index.php?rest_route=%2Fwp%2Fv2%2Fcategories&post=104248"},{"taxonomy":"post_tag","embeddable":true,"href":"https:\/\/haberulus.net\/index.php?rest_route=%2Fwp%2Fv2%2Ftags&post=104248"}],"curies":[{"name":"wp","href":"https:\/\/api.w.org\/{rel}","templated":true}]}}