{"id":104314,"date":"2023-06-24T12:51:04","date_gmt":"2023-06-24T12:51:04","guid":{"rendered":"https:\/\/haberulus.net\/?p=104314"},"modified":"2023-06-24T12:51:04","modified_gmt":"2023-06-24T12:51:04","slug":"rusyada-din-adamlari-devrede-wagnera-cagri-yaptilar","status":"publish","type":"post","link":"https:\/\/haberulus.net\/?p=104314","title":{"rendered":"Rusya\u2019da din adamlar\u0131 devrede: Wagner\u2019a \u00e7a\u011fr\u0131 yapt\u0131lar"},"content":{"rendered":"<p>Rus Ortodoks Kilisesi\u2019nin lideri Patrik Kirill, Wagner\u2019in Rusya i\u00e7inde ba\u015flatt\u0131\u011f\u0131 isyan \u00fczerine birlik \u00e7a\u011fr\u0131s\u0131nda bulundu.<\/p>\n<p>Rusya lideri Vladimir Putin\u2019e yak\u0131n biri isim olan Patrik Kirill, ulusal birli\u011fi savunarak Wagner sava\u015f\u00e7\u0131lar\u0131n\u0131 \u201cbir kez daha d\u00fc\u015f\u00fcnmeye\u201d \u00e7a\u011f\u0131rd\u0131. \u201cD\u00fc\u015fmanlar Rusya\u2019y\u0131 yok etmek i\u00e7in ellerinden gelen her \u015feyi yaparken, \u00fclkede anla\u015fmazl\u0131k yaratma giri\u015fimi hi\u00e7bir hakl\u0131 gerek\u00e7esi olmayan en b\u00fcy\u00fck su\u00e7tur. Rus Ortodoks Kilisesi\u2019nin lideri olarak, silahlar\u0131n\u0131 karde\u015flerine kar\u015f\u0131 kullanmaya haz\u0131r olanlara bir kez daha d\u00fc\u015f\u00fcnmeleri \u00e7a\u011fr\u0131s\u0131nda bulunuyorum\u201d dedi.<\/p>\n<p>Putin\u2019in Rusya\u2019daki huzursuzlu\u011fu \u00f6nlemeye y\u00f6nelik \u00e7abalar\u0131n\u0131 destekledi\u011fini kaydeden Patrik Kirill, Wagner isyan\u0131n\u0131 \u201cs\u0131nav\u201d olarak nitelendirdi.<\/p>\n<p>Patrik Kirill, uzun s\u00fcredir Ukrayna sava\u015f\u0131na destek veriyor. Ge\u00e7en Mart ay\u0131nda sava\u015f\u0131 \u201cRus d\u00fcnyas\u0131 ile Bat\u0131\u2019n\u0131n liberal de\u011ferleri aras\u0131ndaki temel bir k\u00fclt\u00fcr \u00e7at\u0131\u015fmas\u0131n\u0131n uzant\u0131s\u0131\u201d diye niteleyen Patrik\u2019in sava\u015fa deste\u011fi tepkilere yol a\u00e7m\u0131\u015ft\u0131.<\/p>\n","protected":false},"excerpt":{"rendered":"<p>Rusya\u2019da i\u00e7 sava\u015f endi\u015felerine yol a\u00e7an gerilimle ilgili Rus Ortodoks Kilisesi\u2019nden de a\u00e7\u0131klama geldi.<\/p>\n","protected":false},"author":1,"featured_media":104315,"comment_status":"closed","ping_status":"open","sticky":false,"template":"","format":"standard","meta":{"footnotes":""},"categories":[24],"tags":[12822,69],"class_list":["post-104314","post","type-post","status-publish","format-standard","has-post-thumbnail","hentry","category-dunya","tag-patrik","tag-rus"],"_links":{"self":[{"href":"https:\/\/haberulus.net\/index.php?rest_route=\/wp\/v2\/posts\/104314","targetHints":{"allow":["GET"]}}],"collection":[{"href":"https:\/\/haberulus.net\/index.php?rest_route=\/wp\/v2\/posts"}],"about":[{"href":"https:\/\/haberulus.net\/index.php?rest_route=\/wp\/v2\/types\/post"}],"author":[{"embeddable":true,"href":"https:\/\/haberulus.net\/index.php?rest_route=\/wp\/v2\/users\/1"}],"replies":[{"embeddable":true,"href":"https:\/\/haberulus.net\/index.php?rest_route=%2Fwp%2Fv2%2Fcomments&post=104314"}],"version-history":[{"count":1,"href":"https:\/\/haberulus.net\/index.php?rest_route=\/wp\/v2\/posts\/104314\/revisions"}],"predecessor-version":[{"id":104316,"href":"https:\/\/haberulus.net\/index.php?rest_route=\/wp\/v2\/posts\/104314\/revisions\/104316"}],"wp:featuredmedia":[{"embeddable":true,"href":"https:\/\/haberulus.net\/index.php?rest_route=\/wp\/v2\/media\/104315"}],"wp:attachment":[{"href":"https:\/\/haberulus.net\/index.php?rest_route=%2Fwp%2Fv2%2Fmedia&parent=104314"}],"wp:term":[{"taxonomy":"category","embeddable":true,"href":"https:\/\/haberulus.net\/index.php?rest_route=%2Fwp%2Fv2%2Fcategories&post=104314"},{"taxonomy":"post_tag","embeddable":true,"href":"https:\/\/haberulus.net\/index.php?rest_route=%2Fwp%2Fv2%2Ftags&post=104314"}],"curies":[{"name":"wp","href":"https:\/\/api.w.org\/{rel}","templated":true}]}}