{"id":104464,"date":"2023-06-24T19:19:02","date_gmt":"2023-06-24T19:19:02","guid":{"rendered":"https:\/\/haberulus.net\/?p=104464"},"modified":"2023-06-24T19:19:02","modified_gmt":"2023-06-24T19:19:02","slug":"chp-lideri-kilicdaroglu-yeniden-iyi-parti-genel-baskani-secilen-akseneri-tebrik-etti","status":"publish","type":"post","link":"https:\/\/haberulus.net\/?p=104464","title":{"rendered":"CHP lideri K\u0131l\u0131\u00e7daro\u011flu, yeniden \u0130Y\u0130 Parti Genel Ba\u015fkan\u0131 se\u00e7ilen Ak\u015fener&#8217;i tebrik etti"},"content":{"rendered":"<p>CHP Genel Ba\u015fkan\u0131 Kemal K\u0131l\u0131\u00e7daro\u011flu, bug\u00fcn ATO Congresium&#8217;da d\u00fczenlenen \u0130Y\u0130 Parti&#8217;nin 3. Ola\u011fan Kurultay\u0131&#8217;nda kullan\u0131lan 1151 oyun 1127&#8217;sini alarak yeniden Genel Ba\u015fkan se\u00e7ilen Meral Ak\u015fener&#8217;i telefonla arad\u0131 ve tebrik etti.<\/p>\n<p><b>KILI\u00c7DARO\u011eLU VE CHP&#8217;Y\u0130 YERDEN YERE VURDU<\/b><\/p>\n<p>\u0130Y\u0130 Parti Kurultay\u0131&#8217;nda konu\u015fan Meral Ak\u015fener, muhalefete \u00f6nemli mesajlar verirken &#8220;Biz bu partiyi kurmak i\u00e7in CHP&#8217;den 15 vekil istedik ya hayat\u0131m\u0131n en b\u00fcy\u00fck pi\u015fmanl\u0131\u011f\u0131d\u0131r&#8221; dedi.<\/p>\n<p>Ak\u015fener, &#8220;(2019 Yerel Se\u00e7imleri) K\u0131l\u0131\u00e7daro\u011flu&#8217;na randevu ald\u0131m, gittik. \u0130ki parti yerel se\u00e7imlere gitmeyi teklif ettik ve ba\u015far\u0131 \u00e7\u0131kt\u0131. Beni en \u00e7ok \u00fczen, \u0130stanbul&#8217;un se\u00e7imini biz de\u011fil HDP kazand\u0131rd\u0131. Bilmem nerenin se\u00e7imini biz de\u011fil HDP kazand\u0131rd\u0131. Bug\u00fcn hesapla\u015f\u0131yoruz, bug\u00fcn hesap veriyoruz ve hesap soraca\u011f\u0131m. Bu partide \u015f\u0131mar\u0131kl\u0131k bitmi\u015ftir. Sayg\u0131s\u0131zl\u0131k bitmi\u015ftir. Herkes haddini bilecek&#8221; diye konu\u015ftu.<\/p>\n<div>Kaynak: ANKA \/  Politika <\/div>\n","protected":false},"excerpt":{"rendered":"<p>CHP Genel Ba\u015fkan\u0131 K\u0131l\u0131\u00e7daro\u011flu, 3. Ola\u011fan Kurultay&#8217;da isim vermeden kendisini ele\u015ftiren ve 6&#8217;l\u0131 Masa&#8217;dan ayr\u0131ld\u0131klar\u0131n\u0131 ilan eden \u0130Y\u0130 Parti Genel Ba\u015fkan\u0131 se\u00e7ilen Meral Ak\u015fener&#8217;i yeniden se\u00e7ildi\u011fi i\u00e7in telefonla aray\u0131p tebrik etti.<\/p>\n","protected":false},"author":1,"featured_media":104465,"comment_status":"closed","ping_status":"open","sticky":false,"template":"","format":"standard","meta":{"footnotes":""},"categories":[28],"tags":[442],"class_list":["post-104464","post","type-post","status-publish","format-standard","has-post-thumbnail","hentry","category-politika","tag-parti"],"_links":{"self":[{"href":"https:\/\/haberulus.net\/index.php?rest_route=\/wp\/v2\/posts\/104464","targetHints":{"allow":["GET"]}}],"collection":[{"href":"https:\/\/haberulus.net\/index.php?rest_route=\/wp\/v2\/posts"}],"about":[{"href":"https:\/\/haberulus.net\/index.php?rest_route=\/wp\/v2\/types\/post"}],"author":[{"embeddable":true,"href":"https:\/\/haberulus.net\/index.php?rest_route=\/wp\/v2\/users\/1"}],"replies":[{"embeddable":true,"href":"https:\/\/haberulus.net\/index.php?rest_route=%2Fwp%2Fv2%2Fcomments&post=104464"}],"version-history":[{"count":1,"href":"https:\/\/haberulus.net\/index.php?rest_route=\/wp\/v2\/posts\/104464\/revisions"}],"predecessor-version":[{"id":104466,"href":"https:\/\/haberulus.net\/index.php?rest_route=\/wp\/v2\/posts\/104464\/revisions\/104466"}],"wp:featuredmedia":[{"embeddable":true,"href":"https:\/\/haberulus.net\/index.php?rest_route=\/wp\/v2\/media\/104465"}],"wp:attachment":[{"href":"https:\/\/haberulus.net\/index.php?rest_route=%2Fwp%2Fv2%2Fmedia&parent=104464"}],"wp:term":[{"taxonomy":"category","embeddable":true,"href":"https:\/\/haberulus.net\/index.php?rest_route=%2Fwp%2Fv2%2Fcategories&post=104464"},{"taxonomy":"post_tag","embeddable":true,"href":"https:\/\/haberulus.net\/index.php?rest_route=%2Fwp%2Fv2%2Ftags&post=104464"}],"curies":[{"name":"wp","href":"https:\/\/api.w.org\/{rel}","templated":true}]}}