{"id":104482,"date":"2023-06-24T20:19:03","date_gmt":"2023-06-24T20:19:03","guid":{"rendered":"https:\/\/haberulus.net\/?p=104482"},"modified":"2023-06-24T20:19:03","modified_gmt":"2023-06-24T20:19:03","slug":"chpli-isimden-gelecek-partili-isa-mesih-sahine-olay-sozler-vekilliginizi-tanimiyorum","status":"publish","type":"post","link":"https:\/\/haberulus.net\/?p=104482","title":{"rendered":"CHP&#8217;li isimden Gelecek Partili \u0130sa Mesih \u015eahin&#8217;e olay s\u00f6zler: Vekilli\u011finizi tan\u0131m\u0131yorum"},"content":{"rendered":"<p> <strong>Sultanbeyli<\/strong> Belediyesi CHP Meclis \u00dcyesi Adem Seyito\u011flu, sosyal medya hesab\u0131ndan yapt\u0131\u011f\u0131 bir a\u00e7\u0131klama ile Gelecek Partisi \u0130stanbul Milletvekili \u0130sa Mesih \u015eahin&#8217;i sert s\u00f6zlerle ele\u015ftirdi. <\/p>\n<p><b>&#8220;EMEK HIRSIZLI\u011eI YAPARAK VEK\u0130L OLDUNUZ&#8221;<\/b><\/p>\n<p>\u0130stanbul  <strong>Sultanbeyli<\/strong>&#8216;de uzun y\u0131llard\u0131r \u00e7\u00f6z\u00fcm bekleyen Karanl\u0131kdere meselesinin sorunu i\u00e7in b\u00fcy\u00fck \u00e7aba harcad\u0131klar\u0131n\u0131 ancak \u0130sa Mesih \u015eahin&#8217;in kamuoyuna sorunu kendisi \u00e7\u00f6zm\u00fc\u015f gibi lanse etti\u011fini belirten Seyito\u011flu, &#8220;Gelecek partisi milletvekili Say\u0131n \u0130sa Mesih \u015eahin! \u00d6ncelikle \u015funu belirteyim sizin milletvekilinize sayg\u0131 duymuyorum, g\u00f6rev s\u00fcreniz bitene kadar da sayg\u0131 duymayaca\u011f\u0131m. Neden mi? \u00c7\u00fcnk\u00fc siz bedavadan emek h\u0131rs\u0131zl\u0131\u011f\u0131 yaparak milletvekili oldunuz. Tarlada izniniz olmadan harmanda g\u00f6z\u00fcn\u00fcz oldu. Sultanbeyli Karanl\u0131kdere meselesini tam d\u00f6rt y\u0131l boyunca meclis \u00fcyemiz Mehmet Emin Ensari ile birlikte takip ettik, \u00e7ok u\u011fra\u015f verdik, emek verdik, mesai harcad\u0131k. Karanl\u0131kdere \u0131slah \u00e7al\u0131\u015fmas\u0131n\u0131 bu hale getireni Allah da biliyor ikimiz getirdik. il\u00e7e ba\u015fkan\u0131m\u0131z \u00d6zg\u00fcr Erdem de s\u00fcrece dahildir&#8221; dedi. <\/p>\n<p><img decoding=\"async\" src=\"https:\/\/i.hbrcdn.com\/haber\/2023\/06\/24\/chp-li-isimden-gelecek-partili-isa-mesih-sahin-e-16063700_2468_m.jpg\" alt=\"\" title=\"\"><\/p>\n<p><b>&#8220;EROL DEM\u0130R S\u0130Z\u0130 YANLI\u015e Y\u00d6NLEND\u0130R\u0130YOR&#8221;<\/b><\/p>\n<p>A\u00e7\u0131klamas\u0131n\u0131n devam\u0131nda ele\u015ftirisinin dozaj\u0131n\u0131 daha da art\u0131ran Seyito\u011flu, &#8220;Milletvekilli\u011finde oldu\u011fu gibi burada da bak\u0131yorum rol kapma pe\u015findesiniz. Avukat ve hukuk\u00e7u kimli\u011finize hi\u00e7 yak\u0131\u015fm\u0131yor. \u0130l\u00e7e ba\u015fkan\u0131n\u0131z Erol Demir bey de s\u00fcre\u00e7le alakal\u0131 sizi yanl\u0131\u015f bilgilendiriyor. Emek veren \u0130SK\u0130 Genel m\u00fcd\u00fcr\u00fcm\u00fcze,Sultanbeyli \u015fube m\u00fcd\u00fcr\u00fcm\u00fcze ilgi ve alakalar\u0131ndan dolay\u0131 \u00e7ok te\u015fekk\u00fcr ediyorum&#8221; ifadelerine yer verdi. <\/p>\n<p><img decoding=\"async\" src=\"https:\/\/i.hbrcdn.com\/haber\/2023\/06\/24\/chp-li-isimden-gelecek-partili-isa-mesih-sahin-e-16063700_8611_m.jpg\" alt=\"\" title=\"\"><\/p>\n<p><b>PEK\u0130 \u0130SA MES\u0130H \u015eAH\u0130N NE DED\u0130? <\/b><\/p>\n<p>\u0130sa Mesih \u015eahin, Sultanbeyli ziyaretinde Karanl\u0131kdere&#8217;de y\u00fcr\u00fct\u00fclen \u00e7al\u0131\u015fmalar\u0131 yerinde incelemi\u015f ve sosyal medya hesab\u0131ndan \u015fu payla\u015f\u0131m\u0131 yapm\u0131\u015ft\u0131: &#8220;Se\u00e7imden \u00f6nce s\u00f6z verdi\u011fimiz bir konuyu yak\u0131ndan takip ediyoruz. Sultanbeyli Abdurrahman Gazi ve Hasanpa\u015fa Mahallelerimizin \u00f6nemli bir sorunu olan Karanl\u0131kdere Islah \u00e7al\u0131\u015fmas\u0131n\u0131 takip etmek i\u00e7in b\u00f6lgedeyiz. Islah \u00e7al\u0131\u015fmas\u0131na ara verilmi\u015f ama sa\u011fl\u0131k sorunlar\u0131 vs. sebeplerle bir an \u00f6nce tamamlanmas\u0131 gerekiyor. \u00c7al\u0131\u015fman\u0131n tamamlanmas\u0131 i\u00e7in \u0130BB nezdinde konunun takip\u00e7isi olaca\u011f\u0131z.&#8221;<\/p>\n","protected":false},"excerpt":{"rendered":"<p>Sultanbeyli Karanl\u0131kdere meselesinin \u00e7\u00f6z\u00fcm\u00fc i\u00e7in verdikleri m\u00fccadelenin Gelecek Partisi \u0130stanbul Milletvekili \u0130sa Mesih \u015eahin taraf\u0131ndan yok say\u0131ld\u0131\u011f\u0131n\u0131 belirten Sultanbeyli Belediyesi CHP Meclis \u00dcyesi Adem Seyito\u011flu, &#8220;\u00d6ncelikle \u015funu belirteyim sizin milletvekilinize sayg\u0131 duymuyorum, g\u00f6rev s\u00fcreniz bitene kadar da sayg\u0131 duymayaca\u011f\u0131m. Milletvekilli\u011finde oldu\u011fu gibi burada da bak\u0131yorum rol kapma pe\u015findesiniz&#8221; dedi.<\/p>\n","protected":false},"author":1,"featured_media":104483,"comment_status":"closed","ping_status":"open","sticky":false,"template":"","format":"standard","meta":{"footnotes":""},"categories":[28],"tags":[12836,12835],"class_list":["post-104482","post","type-post","status-publish","format-standard","has-post-thumbnail","hentry","category-politika","tag-isa-mesih-sahin","tag-sultanbeyli"],"_links":{"self":[{"href":"https:\/\/haberulus.net\/index.php?rest_route=\/wp\/v2\/posts\/104482","targetHints":{"allow":["GET"]}}],"collection":[{"href":"https:\/\/haberulus.net\/index.php?rest_route=\/wp\/v2\/posts"}],"about":[{"href":"https:\/\/haberulus.net\/index.php?rest_route=\/wp\/v2\/types\/post"}],"author":[{"embeddable":true,"href":"https:\/\/haberulus.net\/index.php?rest_route=\/wp\/v2\/users\/1"}],"replies":[{"embeddable":true,"href":"https:\/\/haberulus.net\/index.php?rest_route=%2Fwp%2Fv2%2Fcomments&post=104482"}],"version-history":[{"count":1,"href":"https:\/\/haberulus.net\/index.php?rest_route=\/wp\/v2\/posts\/104482\/revisions"}],"predecessor-version":[{"id":104484,"href":"https:\/\/haberulus.net\/index.php?rest_route=\/wp\/v2\/posts\/104482\/revisions\/104484"}],"wp:featuredmedia":[{"embeddable":true,"href":"https:\/\/haberulus.net\/index.php?rest_route=\/wp\/v2\/media\/104483"}],"wp:attachment":[{"href":"https:\/\/haberulus.net\/index.php?rest_route=%2Fwp%2Fv2%2Fmedia&parent=104482"}],"wp:term":[{"taxonomy":"category","embeddable":true,"href":"https:\/\/haberulus.net\/index.php?rest_route=%2Fwp%2Fv2%2Fcategories&post=104482"},{"taxonomy":"post_tag","embeddable":true,"href":"https:\/\/haberulus.net\/index.php?rest_route=%2Fwp%2Fv2%2Ftags&post=104482"}],"curies":[{"name":"wp","href":"https:\/\/api.w.org\/{rel}","templated":true}]}}