{"id":104497,"date":"2023-06-24T21:35:04","date_gmt":"2023-06-24T21:35:04","guid":{"rendered":"https:\/\/haberulus.net\/?p=104497"},"modified":"2023-06-24T21:35:04","modified_gmt":"2023-06-24T21:35:04","slug":"ozdagdan-aksenerin-15-vekil-cikisina-yalanlama-chpyi-suclayarak-yollari-ayiracagim-demisti-sozunu-tuttu","status":"publish","type":"post","link":"https:\/\/haberulus.net\/?p=104497","title":{"rendered":"\u00d6zda\u011f&#8217;dan Ak\u015fener&#8217;in &#8220;15 vekil&#8221; \u00e7\u0131k\u0131\u015f\u0131na yalanlama: &#8220;CHP&#8217;yi su\u00e7layarak yollar\u0131 ay\u0131raca\u011f\u0131m&#8221; demi\u015fti, s\u00f6z\u00fcn\u00fc tuttu"},"content":{"rendered":"<p>Zafer Partisi Genel Ba\u015fkan\u0131 \u00dcmit \u00d6zda\u011f, bug\u00fcn Ankara&#8217;da yap\u0131lan kurultayda konu\u015fan \u0130Y\u0130 Parti Genel Ba\u015fkan\u0131 Meral Ak\u015fener&#8217;in s\u00f6zlerine ili\u015fkin Twitter hesab\u0131ndan a\u00e7\u0131klama yapt\u0131. \u00d6zda\u011f, Ak\u015fener&#8217;in &#8220;Bu parti se\u00e7ime girsin diye CHP&#8217;den 15 milletvekili istedik. Hayat\u0131m\u0131n en b\u00fcy\u00fck pi\u015fmanl\u0131\u011f\u0131d\u0131r. Say\u0131n K\u0131l\u0131\u00e7daro\u011flu&#8217;na buradan bir kez daha te\u015fekk\u00fcr ediyorum ama o g\u00fcn bug\u00fcn 15 milletvekilinin bedelini \u00f6deyemedik. \u00d6mer Seyfettin&#8217;in Diyet&#8217;ine d\u00f6nd\u00fc bu i\u015f&#8221; s\u00f6zlerini yalanlad\u0131. \u00d6zda\u011f, &#8220;Olaylar\u0131 en yak\u0131ndan ya\u015fayan be\u015f ki\u015fiden birisi olarak Ak\u015fener&#8217;in bug\u00fcn yapt\u0131\u011f\u0131 a\u00e7\u0131klaman\u0131n do\u011fru olmad\u0131\u011f\u0131n\u0131 biliyorum.&#8221; dedi.<\/p>\n<p><strong>\u00d6zda\u011f payla\u015f\u0131m\u0131nda \u015fu ifadeleri kulland\u0131:<\/strong> <\/p>\n<p>&#8220;Say\u0131n Ak\u015fener, &#8216;CHP&#8217;den 15 milletvekili ald\u0131m. Bedel \u00f6demekten b\u0131kt\u0131m&#8217; demi\u015f. Bu a\u00e7\u0131klama ger\u00e7ekleri yans\u0131tm\u0131yor. CHP, 15 milletvekili kar\u015f\u0131l\u0131\u011f\u0131nda \u0130Y\u0130 Parti&#8217;den bedel istemedi. \u015eimdi olaylar\u0131n geli\u015fmesini \u00f6zetleyeyim.\u0130Y\u0130 Parti&#8217;nin se\u00e7imlere sokulmamas\u0131 i\u00e7in Ankara&#8217;da gizli bir toplant\u0131 yap\u0131ld\u0131\u011f\u0131 ve karar al\u0131nd\u0131\u011f\u0131 bilgisi bana ula\u015ft\u0131. Bu bilgiyi Ak\u015fener ile payla\u015ft\u0131m. Ak\u015fener bunun \u00fczerine K\u0131l\u0131\u00e7daro\u011flu ile g\u00f6r\u00fc\u015ft\u00fc ve TBMM&#8217;de grup kurarak se\u00e7ime girmek i\u00e7in 15 milletvekili istedi. K\u0131l\u0131\u00e7daro\u011flu \u00e7ok istekli davranmam\u0131\u015f. Ak\u015fener&#8217;in bana s\u00f6yledi\u011fine g\u00f6re &#8216;Bas\u0131na bu talebimi anlat\u0131r ve sizin reddetti\u011finizi a\u00e7\u0131klar\u0131m&#8217; demesi \u00fczerine K\u0131l\u0131\u00e7daro\u011flu kabul etmek zorunda hissetmi\u015f. En az\u0131ndan Ak\u015fener bana b\u00f6yle anlatt\u0131.<\/p>\n<p><b>&#8220;KILI\u00c7DARO\u011eLU DESTE\u011e\u0130 \u0130TT\u0130FAK \u015eARTI OLMAKSIZIN VERM\u0130\u015eT\u0130&#8221;<\/b><\/p>\n<p>\u00dcstelik K\u0131l\u0131\u00e7daro\u011flu 15 vekil ile deste\u011fi ittifak \u015fart\u0131 olmaks\u0131z\u0131n vermi\u015fti. CHP&#8217;li vekillerin kat\u0131lmas\u0131n\u0131n \u00fczerinden k\u0131sa bir s\u00fcre ge\u00e7ti. Ak\u015fener bir g\u00fcn divana gelerek, &#8216;Kemal K\u0131l\u0131\u00e7daro\u011flu ile el s\u0131k\u0131\u015ft\u0131k. Se\u00e7ime ittifak ile giriyoruz, ne diyorsunuz&#8217; diye sordu. \u0130ki genel ba\u015fkan\u0131n el s\u0131k\u0131\u015fmas\u0131 sonras\u0131nda s\u00f6yleyecek bir \u015fey kalmam\u0131\u015ft\u0131. CHP-\u0130Y\u0130 Parti ittifak\u0131, AK Parti&#8217;den \u0130Y\u0130 Parti&#8217;ye gelen y\u00fczde 7 civar\u0131nda oyun MHP&#8217;ye gitmesine neden oldu. CHP-\u0130Y\u0130 Parti ittifak\u0131 karar\u0131, \u0130Y\u0130 Parti i\u00e7in iyi olmam\u0131\u015ft\u0131.<\/p>\n<p><b>&#8220;YEREL SE\u00c7\u0130MLERDE \u0130Y\u0130 PART\u0130 CHP&#8217;YE \u0130TT\u0130FAK TEKL\u0130F ETT\u0130&#8221;<\/b><\/p>\n<p>2019 Yerel se\u00e7imleri \u00f6ncesinde \u0130Y\u0130 Parti divan\u0131nda, Ak\u015fener ve b\u00fct\u00fcn divan \u00fcyeleri &#8216;CHP ile yerel se\u00e7imlerde ittifak yapal\u0131m&#8217; g\u00f6r\u00fc\u015f\u00fcn\u00fc savundular. Ben tek ba\u015f\u0131ma &#8216;CHP-HDP ittifak\u0131 \u00fczerinden sald\u0131r\u0131ya u\u011frar\u0131z, \u00fcstelik biz CHP ile ittifak yaparsak, ayr\u0131lm\u0131\u015f olan AK Parti ve MHP tekrar bir araya gelirler, Cumhur \u0130ttifak\u0131 tekrar kurulur&#8217; g\u00f6r\u00fc\u015f\u00fcn\u00fc savundum. \u0130ttifaka kar\u015f\u0131 \u00e7\u0131kt\u0131m. Reddedildi. Dikkat edin, yerel se\u00e7imlerde CHP \u0130Y\u0130 Parti&#8217;ye de\u011fil, \u0130Y\u0130 Parti CHP&#8217;ye ittifak teklif etti.<\/p>\n<p><b>&#8220;DOSTLUK DA MERT\u00c7E OLMALI REKABET DE&#8221;<\/b><\/p>\n<p>\u0130Y\u0130 Parti taraf\u0131ndan bedel \u00f6dense tam tersi olurdu. \u00dcstelik yerel se\u00e7imler sonras\u0131nda Say\u0131n Ak\u015fener ve yak\u0131n \u00e7evresinin CHP&#8217;ye &#8216;nas\u0131l bedel \u00f6detti\u011fini&#8217; hepimiz biliyoruz. Sonu\u00e7 olarak, olaylar\u0131 en yak\u0131ndan ya\u015fayan be\u015f ki\u015fiden birisi olarak Ak\u015fener&#8217;in bug\u00fcn yapt\u0131\u011f\u0131 a\u00e7\u0131klaman\u0131n do\u011fru olmad\u0131\u011f\u0131n\u0131 biliyorum. CHP, hi\u00e7bir zaman &#8216;Biz size 15 vekil verdik, buyurun kasaya&#8217; tavr\u0131 i\u00e7inde olmad\u0131. E\u011fer olsayd\u0131 en \u00e7ok ben yeri g\u00f6\u011f\u00fc inletir, CHP&#8217;yi sert \u015fekilde ele\u015ftirirdim. Hele Ak\u015fener ile en son konu\u015fmam\u0131z\u0131 yapt\u0131\u011f\u0131m\u0131z \u0130stanbul&#8217;daki ofisindeki konu\u015fmada CHP ile yollar\u0131 &#8216;CHP&#8217;yi su\u00e7layarak&#8217; bitirece\u011fim dedi\u011fini \u00e7ok iyi hat\u0131rl\u0131yorum. Ak\u015fener, S\u00f6z\u00fcn\u00fc tuttu, su\u00e7layarak bitirdi. Peki, bunlar\u0131 neden yazd\u0131m? \u00c7\u00fcnk\u00fc aynen b\u00f6yle ya\u015fad\u0131m ve dostluk da mert\u00e7e olmal\u0131 rekabet de\u2026&#8221;<\/p>\n<div>Kaynak: ANKA \/  Politika <\/div>\n","protected":false},"excerpt":{"rendered":"<p>Zafer Partisi lideri \u00dcmit \u00d6zda\u011f, Meral Ak\u015fener&#8217;in &#8220;CHP&#8217;den istedi\u011fimiz 15 milletvekilinin bedelini \u00f6deyemedik. \u00d6mer Seyfettin&#8217;in Diyet&#8217;ine d\u00f6nd\u00fc bu i\u015f&#8221; s\u00f6zlerini yalanlad\u0131. Olaylar\u0131 yak\u0131ndan takip eden 5 ki\u015fiden biri oldu\u011funu s\u00f6yleyen \u00d6zda\u011f, K\u0131l\u0131\u00e7daro\u011flu&#8217;nun bedel istemeden destek verdi\u011fini belirterek, &#8220;Ak\u015fener ile son konu\u015fmam\u0131zda CHP ile yollar\u0131 &#8216;CHP&#8217;yi su\u00e7layarak&#8217; bitirece\u011fim dedi\u011fini \u00e7ok iyi hat\u0131rl\u0131yorum. Ak\u015fener, s\u00f6z\u00fcn\u00fc tuttu. Dostluk da mert\u00e7e olmal\u0131 rekabet de&#8221; dedi.<\/p>\n","protected":false},"author":1,"featured_media":104498,"comment_status":"closed","ping_status":"open","sticky":false,"template":"","format":"standard","meta":{"footnotes":""},"categories":[28],"tags":[1048,1089,4618,2756,1496],"class_list":["post-104497","post","type-post","status-publish","format-standard","has-post-thumbnail","hentry","category-politika","tag-aksener","tag-chp","tag-ittifak","tag-iyi-parti","tag-kilicdaroglu"],"_links":{"self":[{"href":"https:\/\/haberulus.net\/index.php?rest_route=\/wp\/v2\/posts\/104497","targetHints":{"allow":["GET"]}}],"collection":[{"href":"https:\/\/haberulus.net\/index.php?rest_route=\/wp\/v2\/posts"}],"about":[{"href":"https:\/\/haberulus.net\/index.php?rest_route=\/wp\/v2\/types\/post"}],"author":[{"embeddable":true,"href":"https:\/\/haberulus.net\/index.php?rest_route=\/wp\/v2\/users\/1"}],"replies":[{"embeddable":true,"href":"https:\/\/haberulus.net\/index.php?rest_route=%2Fwp%2Fv2%2Fcomments&post=104497"}],"version-history":[{"count":1,"href":"https:\/\/haberulus.net\/index.php?rest_route=\/wp\/v2\/posts\/104497\/revisions"}],"predecessor-version":[{"id":104499,"href":"https:\/\/haberulus.net\/index.php?rest_route=\/wp\/v2\/posts\/104497\/revisions\/104499"}],"wp:featuredmedia":[{"embeddable":true,"href":"https:\/\/haberulus.net\/index.php?rest_route=\/wp\/v2\/media\/104498"}],"wp:attachment":[{"href":"https:\/\/haberulus.net\/index.php?rest_route=%2Fwp%2Fv2%2Fmedia&parent=104497"}],"wp:term":[{"taxonomy":"category","embeddable":true,"href":"https:\/\/haberulus.net\/index.php?rest_route=%2Fwp%2Fv2%2Fcategories&post=104497"},{"taxonomy":"post_tag","embeddable":true,"href":"https:\/\/haberulus.net\/index.php?rest_route=%2Fwp%2Fv2%2Ftags&post=104497"}],"curies":[{"name":"wp","href":"https:\/\/api.w.org\/{rel}","templated":true}]}}