{"id":104524,"date":"2023-06-25T03:05:03","date_gmt":"2023-06-25T03:05:03","guid":{"rendered":"https:\/\/haberulus.net\/?p=104524"},"modified":"2023-06-25T03:05:03","modified_gmt":"2023-06-25T03:05:03","slug":"meral-aksenerin-diyeti","status":"publish","type":"post","link":"https:\/\/haberulus.net\/?p=104524","title":{"rendered":"Meral Ak\u015fener\u2019in diyeti"},"content":{"rendered":"<p><strong>\u0130Y\u0130 <\/strong>Parti lideri Ak\u015fener, d\u00fcn partisinin 3. ola\u011fan kurultay\u0131nda, 2018&#8217;deki genel se\u00e7imlere kat\u0131la\u00adbilmek i\u00e7in CHP&#8217;den 15 milletveki\u00adli transfer etmesini \u201cHayat\u0131m\u0131n en b\u00fcy\u00fck pi\u015fmanl\u0131\u011f\u0131\u201d diye anlatt\u0131. \u0130Y\u0130 Parti&#8217;nin CHP&#8217;ye olan siyasi borcunu \u00d6mer Seyfettin&#8217;in \u2018Diyet&#8217; roman\u0131na benzetti. \u2018Diyet&#8217;i hat\u0131rlars\u0131n\u0131z.<\/p>\n<p>Koca Ali, kolunu kesilmekten, kur\u00adtaran Hac\u0131 Kasap&#8217;\u0131n, bu iyili\u011fi ba\u015f\u0131na kakmas\u0131 \u00fczerine sat\u0131r\u0131 dirse\u011fine indirir ve bor\u00e7tan kurtulur. Bu \u00f6rne\u011fi veren Ak\u015fener, \u201cBundan sonra size hayatta ba\u015far\u0131lar diliyorum\u201d diyerek, CHP ile alt\u0131 y\u0131ld\u0131r s\u00fcren ortakl\u0131\u011f\u0131n\u0131 sonland\u0131rd\u0131.<\/p>\n<p><strong>ASIL ELE\u015eT\u0130R\u0130LER\u0130 METNE KOYMADI <\/strong><\/p>\n<p>Sabah kongrenin ger\u00e7ekle\u015ftirildi\u011fi Ankara ATO Congresium&#8217;a giderken, yolda bir yandan Ak\u015fener&#8217;in \u00f6nce\u00adden haz\u0131rlanm\u0131\u015f konu\u015fma metnini okuyordum. Metinde Ak\u015fener&#8217;in yumu\u015fak mesajlar verdi\u011fini g\u00f6rd\u00fcm. Oysa ge\u00e7en hafta Ak\u015fener&#8217;in Millet \u0130ttifak\u0131 ile k\u00f6pr\u00fcleri ataca\u011f\u0131n\u0131 S\u00f6zc\u00fc TV&#8217;de a\u00e7\u0131klam\u0131\u015ft\u0131m. Dolay\u0131s\u0131yla metni okuyunca \u00e7ok \u015fa\u015f\u0131rd\u0131m. Ancak dakikalar sonra Ak\u015fener konu\u015fmaya ba\u015flad\u0131\u011f\u0131nda g\u00f6r\u00add\u00fcm ki, as\u0131l mesaj\u0131n\u0131 k\u00fcrs\u00fcye saklam\u0131\u015f ve metne koymam\u0131\u015f.<\/p>\n<p><strong>\u015e\u00dcKRAN MI, P\u0130\u015eMANLIK MI? <\/strong><\/p>\n<p>Ak\u015fener, 15 milletvekili deste\u011fi i\u00e7in ge\u00e7en y\u0131l 22 Eyl\u00fcl&#8217;de K\u0131l\u0131\u00e7da\u00adro\u011flu&#8217;nu kastederek, \u201cKendisine \u00f6l\u00fcnceye kadar \u015f\u00fckran duyaca\u011f\u0131m\u201d demi\u015fti.<\/p>\n<p>Dokuz ay sonra d\u00fcn g\u00f6r\u00fc\u015f\u00fcn\u00fc ra\u00addikal \u015fekilde de\u011fi\u015ftirdi. Bu transfer i\u00e7in \u201cHayat\u0131m\u0131n en b\u00fcy\u00fck pi\u015fman\u00adl\u0131\u011f\u0131\u201d dedi. Ak\u015fener, CHP taraf\u0131ndan verilen deste\u011fin kuyruk siyasetine mal oldu\u011funu anlatt\u0131. \u2018Kuyruk siya\u00adseti&#8217; ifadesi ile Alt\u0131l\u0131 Masa&#8217;n\u0131n kurul\u00admas\u0131n\u0131 ve K\u0131l\u0131\u00e7daro\u011flu&#8217;nun adayl\u0131\u011f\u0131\u00adna \u2018Evet&#8217; demeyi kastediyor.<\/p>\n<p>Ayr\u0131ca 2019&#8217;daki yerel se\u00e7imde ittifak kurulmas\u0131n\u0131 kendisinin \u00f6nermesine ra\u011fmen \u201c\u0130stanbul&#8217;u HDP kazand\u0131rd\u0131\u201d denilmesine \u00e7ok \u00fcz\u00fcld\u00fc\u011f\u00fcn\u00fc ve cumhurba\u015fkanl\u0131\u011f\u0131 se\u00e7iminin kaybedilmesinden de sorumlu tutulduklar\u0131n\u0131 savundu.<\/p>\n<p>\u0130Y\u0130 Parti&#8217;nin \u201cmuhalefetin bir b\u00f6l\u00fcm\u00fc, kanaat \u00f6nderleri, tanzim edicileri\u201d taraf\u0131ndan da tehdit g\u00f6r\u00fcl\u00add\u00fc\u011f\u00fcn\u00fc ileri s\u00fcrd\u00fc.<\/p>\n<p><strong>\u00dc\u00c7 AY GECIKEN AYRILIK <\/strong><\/p>\n<p>Ak\u015fener, bu a\u00e7\u0131klamalar\u0131 ile, 3 Mart&#8217;ta Alt\u0131l\u0131 Masa&#8217;dan kalk\u0131p kamu\u00adoyu bask\u0131s\u0131ndan \u00f6t\u00fcr\u00fc iki g\u00fcn sonra geri ad\u0131m att\u0131\u011f\u0131 ayr\u0131l\u0131\u011f\u0131 ger\u00e7ekle\u015ftir\u00admi\u015f oldu. Bu, gecikmi\u015f bir ayr\u0131l\u0131k ilan\u0131.<\/p>\n<p>\u0130Y\u0130 Partililer K\u0131l\u0131\u00e7daro\u011flu&#8217;nun adayl\u0131\u011f\u0131n\u0131 kabul ettirmek i\u00e7in Alt\u0131l\u0131 Masa&#8217;da oyuna getirildiklerine inan\u0131\u00adyor. K\u0131l\u0131\u00e7daro\u011flu&#8217;nun HDP&#8217;den ald\u0131\u011f\u0131 destekten \u00f6t\u00fcr\u00fc kendilerinin PKK ile ili\u015fkilendirildi\u011fini iddia ediyor. Bu sebeple se\u00e7men yitirdiklerini savu\u00adnuyor.<\/p>\n<p>\u0130Y\u0130 Parti, siyasi yolculu\u011funa CHP ve AK Parti&#8217;den ayr\u0131 \u00fc\u00e7\u00fcnc\u00fc bir se\u00e7enek olarak devam edecek. Ku\u00adrucu k\u00f6klerine d\u00f6nerek, milliyet\u00e7i muhafazakar bir \u00e7izgi izleyecek. CHP ile ittifak\u0131ndan \u00f6t\u00fcr\u00fc ba\u015faramad\u0131\u011f\u0131 kurumsalla\u015fmas\u0131na e\u011filecek.<\/p>\n<p>\u0130lk yol ayr\u0131l\u0131\u011f\u0131, TBMM&#8217;deki anaya\u00adsa de\u011fi\u015fiklikleri veya kanun teklifle\u00adri g\u00f6r\u00fc\u015f\u00fcl\u00fcrken kar\u015f\u0131m\u0131za \u00e7\u0131kacak. Cumhur \u0130ttifak\u0131&#8217;n\u0131n ba\u015f\u00f6rt\u00fcs\u00fc ve aileye y\u00f6nelik anayasa de\u011fi\u015fikli\u011fin\u00adde \u0130Y\u0130 Parti&#8217;nin \u201cEvet\u201d demesi \u015fa\u015f\u0131rt\u0131\u00adc\u0131 olmaz.<\/p>\n<p><strong>YEREL SE\u00c7\u0130MDE \u0130K\u0130 G\u00d6R\u00dc\u015e <\/strong><\/p>\n<p>Sonraki ad\u0131m Mart 2024&#8217;teki yerel se\u00e7im olacak. \u0130Y\u0130 Parti&#8217;deki bir e\u011fi\u00adlim, asla ittifak yapmamak ve t\u00fcm \u015fehirlerde aday \u00e7\u0131karmak gerekti\u011fini savunuyor. \u00d6rne\u011fin, Kocaeli Millet\u00advekili L\u00fctf\u00fc T\u00fcrkkan, bu g\u00f6r\u00fc\u015fte. Ki\u00admileri ise kap\u0131y\u0131 hepten kapatm\u0131yor.<\/p>\n<p>Bal\u0131kesir Milletvekili Turhan \u00c7\u00f6\u00admez, \u201cPazarl\u0131\u011fa ba\u011fl\u0131\u201d diyor. Tabi, pazarl\u0131k derken, birka\u00e7 b\u00fcy\u00fck\u015fe\u00adhirin, dikkat de\u011fer miktarda il ve il\u00e7enin \u0130Y\u0130 Parti ile pay edilmesini kastediyorlar.<\/p>\n<p>\u0130ki ihtimalde de CHP&#8217;yi zor zaman\u00adlar bekliyor. \u00c7\u00fcnk\u00fc \u0130Y\u0130 Parti Grup Ba\u015fkanvekili M\u00fcsavat Dervi\u015fo\u011flu, 2019&#8217;dan farkl\u0131 olarak, ittifak teklifini g\u00f6t\u00fcrenin kendileri olmayaca\u011f\u0131n\u0131 vurguluyor.<\/p>\n<p>Yerel se\u00e7imde ittifak sa\u011flanmaz da \u0130stanbul ve Ankara ba\u015fta olmak \u00fczere b\u00fcy\u00fck\u015fehirler kaybedilirse, muhalifler \u0130Y\u0130 Partilileri sorumlu tutacakt\u0131r.<\/p>\n<p><strong>\u0130Y\u0130 PART\u0130 TV KURUYOR <\/strong><\/p>\n<p>\u00d6te yandan, Ak\u015fener&#8217;in ele\u015ftirile\u00adrinden muhalif medya da pay\u0131n\u0131 ald\u0131. Ak\u015fener, \u201cBizim medyam\u0131z yoktur. Muhalif medya da bizim de\u011fildir. Muhalif medyan\u0131n mensuplar\u0131 da\u2026\u201d dedi. Bu yaln\u0131zca bir k\u0131rg\u0131nl\u0131k ifadesi de\u011fil. Duydum ki \u0130Y\u0130 Parti, kendi TV&#8217;sini kurmaya haz\u0131rlan\u0131yor.<\/p>\n<p>Ak\u015fener, 1151 delegenin 1127&#8217;si\u00adnin oyuyla tekrar ba\u015fkanl\u0131\u011fa se\u00e7ildi. Partide tam bir otorite kurdu. 50 ki\u015filik blok Genel \u0130dare Kurulu listesi onand\u0131. Koray Ayd\u0131n ve M\u00fcsavat Der\u00advi\u015fo\u011flu gibi partinin a\u011f\u0131r toplar\u0131 G\u0130K&#8217;e girmedi. Buna kar\u015f\u0131l\u0131k, eski MHP Milletvekili Oktay Vural \u0130Y\u0130 Parti&#8217;ye kat\u0131ld\u0131 ve G\u0130K&#8217;e al\u0131nd\u0131.<\/p>\n<p>D\u00fcnden sonra\u2026<\/p>\n<p>\u0130Y\u0130 Parti ile CHP i\u00e7in yeni bir d\u00f6nem ba\u015fl\u0131yor. Cumhur \u0130ttifak\u0131&#8217;n\u0131n b\u00fct\u00fcn\u00adl\u00fc\u011f\u00fc kar\u015f\u0131s\u0131nda par\u00e7alanm\u0131\u015f bir mu\u00adhalefetin metropolleri iktidara teslim etmesi ka\u00e7\u0131n\u0131lmaz g\u00f6r\u00fcn\u00fcyor.<\/p>\n","protected":false},"excerpt":{"rendered":"<p>\u0130Y\u0130 Parti kurultay\u0131nda yeniden genel ba\u015fkan se\u00e7ilen Meral Ak\u015fener, 2018\u2019deki genel se\u00e7imlere kat\u0131labilmek i\u00e7in CHP\u2019den 15 milletvekili transfer etmesini \u201cHayat\u0131m\u0131n en b\u00fcy\u00fck pi\u015fmanl\u0131\u011f\u0131\u201d diye anlatt\u0131&#8230;<\/p>\n","protected":false},"author":1,"featured_media":104525,"comment_status":"closed","ping_status":"open","sticky":false,"template":"","format":"standard","meta":{"footnotes":""},"categories":[26],"tags":[1048,1089,4618,2756,320],"class_list":["post-104524","post","type-post","status-publish","format-standard","has-post-thumbnail","hentry","category-gundem","tag-aksener","tag-chp","tag-ittifak","tag-iyi-parti","tag-secim"],"_links":{"self":[{"href":"https:\/\/haberulus.net\/index.php?rest_route=\/wp\/v2\/posts\/104524","targetHints":{"allow":["GET"]}}],"collection":[{"href":"https:\/\/haberulus.net\/index.php?rest_route=\/wp\/v2\/posts"}],"about":[{"href":"https:\/\/haberulus.net\/index.php?rest_route=\/wp\/v2\/types\/post"}],"author":[{"embeddable":true,"href":"https:\/\/haberulus.net\/index.php?rest_route=\/wp\/v2\/users\/1"}],"replies":[{"embeddable":true,"href":"https:\/\/haberulus.net\/index.php?rest_route=%2Fwp%2Fv2%2Fcomments&post=104524"}],"version-history":[{"count":1,"href":"https:\/\/haberulus.net\/index.php?rest_route=\/wp\/v2\/posts\/104524\/revisions"}],"predecessor-version":[{"id":104526,"href":"https:\/\/haberulus.net\/index.php?rest_route=\/wp\/v2\/posts\/104524\/revisions\/104526"}],"wp:featuredmedia":[{"embeddable":true,"href":"https:\/\/haberulus.net\/index.php?rest_route=\/wp\/v2\/media\/104525"}],"wp:attachment":[{"href":"https:\/\/haberulus.net\/index.php?rest_route=%2Fwp%2Fv2%2Fmedia&parent=104524"}],"wp:term":[{"taxonomy":"category","embeddable":true,"href":"https:\/\/haberulus.net\/index.php?rest_route=%2Fwp%2Fv2%2Fcategories&post=104524"},{"taxonomy":"post_tag","embeddable":true,"href":"https:\/\/haberulus.net\/index.php?rest_route=%2Fwp%2Fv2%2Ftags&post=104524"}],"curies":[{"name":"wp","href":"https:\/\/api.w.org\/{rel}","templated":true}]}}