{"id":104530,"date":"2023-06-25T03:35:03","date_gmt":"2023-06-25T03:35:03","guid":{"rendered":"https:\/\/haberulus.net\/?p=104530"},"modified":"2023-06-25T03:35:03","modified_gmt":"2023-06-25T03:35:03","slug":"asgari-ucret-zammini-birak-etiketlere-bak","status":"publish","type":"post","link":"https:\/\/haberulus.net\/?p=104530","title":{"rendered":"Asgari \u00fccret zamm\u0131n\u0131 b\u0131rak, etiketlere bak\u2026"},"content":{"rendered":"<p>Asgari \u00dccret Tespit Komisyonu, net asgari \u00fccreti Temmuz ay\u0131ndan itibaren y\u00fczde 34 zamla 11 bin 402 TL olarak belirledi.<\/p>\n<p>\u00c7al\u0131\u015fma ve Sosyal G\u00fcvenlik Bakan\u0131 Vedat I\u015f\u0131khan \u201cEnflasyon oran\u0131n\u0131n hayli \u00fczerinde refah pay\u0131n\u0131 i\u00e7eren bir oranla ara zamm\u0131 ger\u00e7ekle\u015ftirmi\u015f bulunuyoruz. B\u00f6ylece \u00e7al\u0131\u015fan kesimi enflasyona ezdirmedi\u011fimiz gibi refah art\u0131\u015f\u0131ndan ciddi bir pay vermi\u015f oluyoruz\u201d dedi.<\/p>\n<p>T\u00fcrkiye \u0130\u015fveren Sendikalar\u0131 Konfederasyonu (T\u0130SK) Y\u00f6netim Kurulu Ba\u015fkan\u0131 \u00d6zg\u00fcr Burak Akkol da \u201cDengeli bir rakam i\u00e7in \u00e7al\u0131\u015ft\u0131k. B\u00fct\u00fcn imkanlar\u0131m\u0131z\u0131 sonuna kadar zorlayarak istihdam\u0131n\u0131 g\u00f6zeten bu rakama evet demenin memnuniyeti i\u00e7indeyim\u201d diye konu\u015ftu.<\/p>\n<p><strong>SEND\u0130KACILARDAN MARKET UYARISI<\/strong><\/p>\n<p>T\u00fcrk \u0130\u015f Genel Ba\u015fkan\u0131 Erg\u00fcn Atalay ise 2023 y\u0131l\u0131n\u0131n ikinci yar\u0131s\u0131nda uygulanacak yeni asgari \u00fccret i\u00e7in, \u201c\u0130n\u015fallah bu enflasyon kontrol alt\u0131na al\u0131n\u0131r, zamlar olmaz. Hem asgari \u00fccreti art\u0131r\u0131p enflasyon belli bir noktaya gelmezse \u00f6nemi kalm\u0131yor. Marketteki fiyatlar\u0131n bir an \u00f6nce kontrol alt\u0131na al\u0131nmas\u0131 gerekiyor\u201d dedi.<\/p>\n<p>Erg\u00fcn Atalay\u2019\u0131n i\u015faret etti\u011fi market fiyatlar\u0131 incelendi\u011finde, etiketlerdeki de\u011fi\u015fimle y\u00fczde 34\u2019l\u00fck asgari \u00fccret zamm\u0131 aras\u0131nda u\u00e7urum oldu\u011fu g\u00f6r\u00fcl\u00fcyor. Y\u0131l\u0131n ilk 6 ay\u0131ndaki fiyat art\u0131\u015flar\u0131, asgari \u00fccretle hayatta kalmaya \u00e7al\u0131\u015fan milyonlarca insan\u0131n, \u00f6zellikle et, s\u00fct ve kuru g\u0131da \u00fcr\u00fcnlerine ula\u015fmakta daha da zorlanaca\u011f\u0131n\u0131 ortaya koyuyor.<\/p>\n<p>\u0130\u015fte bir zincir markette yer alan baz\u0131 \u00fcr\u00fcnlerin Ocak 2023 \u2013 Haziran 2023 d\u00f6neminde ya\u015fad\u0131\u011f\u0131 de\u011fi\u015fim:<\/p>\n<p><img decoding=\"async\" src=\"https:\/\/i01.sozcucdn.com\/wp-content\/uploads\/2023\/06\/24\/tablo5.jpg\" alt=\"\" title=\"\"><\/p>\n<p><strong>TEKRAR A\u00c7LIK SINIRININ ALTINDA KALACAK<\/strong><\/p>\n<p>D\u00f6viz kurlar\u0131ndaki art\u0131\u015f\u0131n yeni enflasyon dalgas\u0131n\u0131 tetiklemesiyle asgari \u00fccretin tekrar a\u00e7l\u0131k s\u0131n\u0131r\u0131n\u0131n alt\u0131na d\u00fc\u015fmesi bekleniyor.<\/p>\n<p>T\u00fcrk-\u0130\u015f&#8217;in a\u00e7\u0131klad\u0131\u011f\u0131 a\u00e7l\u0131k s\u0131n\u0131r\u0131, May\u0131s 2023&#8217;te 10 bin 360 TL olmu\u015ftu. Yoksulluk s\u0131n\u0131r\u0131 ise 33 bin 750 TL olarak hesaplanm\u0131\u015ft\u0131.<\/p>\n","protected":false},"excerpt":{"rendered":"<p>Asgari \u00fccret zam oran\u0131 bu hafta belli oldu. \u0130ktidar &#8220;\u00e7al\u0131\u015fan kesimi enflasyona ezdirmedik&#8221; dedi. Peki market raflar\u0131ndaki fiyat de\u011fi\u015fimi bu konuyla ilgili ne s\u00f6yl\u00fcyor?<\/p>\n","protected":false},"author":1,"featured_media":104531,"comment_status":"closed","ping_status":"open","sticky":false,"template":"","format":"standard","meta":{"footnotes":""},"categories":[25],"tags":[59,60,83],"class_list":["post-104530","post","type-post","status-publish","format-standard","has-post-thumbnail","hentry","category-ekonomi","tag-asgari-ucret","tag-enflasyon","tag-is"],"_links":{"self":[{"href":"https:\/\/haberulus.net\/index.php?rest_route=\/wp\/v2\/posts\/104530","targetHints":{"allow":["GET"]}}],"collection":[{"href":"https:\/\/haberulus.net\/index.php?rest_route=\/wp\/v2\/posts"}],"about":[{"href":"https:\/\/haberulus.net\/index.php?rest_route=\/wp\/v2\/types\/post"}],"author":[{"embeddable":true,"href":"https:\/\/haberulus.net\/index.php?rest_route=\/wp\/v2\/users\/1"}],"replies":[{"embeddable":true,"href":"https:\/\/haberulus.net\/index.php?rest_route=%2Fwp%2Fv2%2Fcomments&post=104530"}],"version-history":[{"count":1,"href":"https:\/\/haberulus.net\/index.php?rest_route=\/wp\/v2\/posts\/104530\/revisions"}],"predecessor-version":[{"id":104532,"href":"https:\/\/haberulus.net\/index.php?rest_route=\/wp\/v2\/posts\/104530\/revisions\/104532"}],"wp:featuredmedia":[{"embeddable":true,"href":"https:\/\/haberulus.net\/index.php?rest_route=\/wp\/v2\/media\/104531"}],"wp:attachment":[{"href":"https:\/\/haberulus.net\/index.php?rest_route=%2Fwp%2Fv2%2Fmedia&parent=104530"}],"wp:term":[{"taxonomy":"category","embeddable":true,"href":"https:\/\/haberulus.net\/index.php?rest_route=%2Fwp%2Fv2%2Fcategories&post=104530"},{"taxonomy":"post_tag","embeddable":true,"href":"https:\/\/haberulus.net\/index.php?rest_route=%2Fwp%2Fv2%2Ftags&post=104530"}],"curies":[{"name":"wp","href":"https:\/\/api.w.org\/{rel}","templated":true}]}}