{"id":104575,"date":"2023-06-25T06:49:02","date_gmt":"2023-06-25T06:49:02","guid":{"rendered":"https:\/\/haberulus.net\/?p=104575"},"modified":"2023-06-25T06:49:02","modified_gmt":"2023-06-25T06:49:02","slug":"rozetini-babacan-takmisti-sedat-kizilcikli-deva-partisinden-istifa-etti","status":"publish","type":"post","link":"https:\/\/haberulus.net\/?p=104575","title":{"rendered":"Rozetini Babacan takm\u0131\u015ft\u0131! Sedat K\u0131z\u0131lc\u0131kl\u0131, DEVA Partisi&#8217;nden istifa etti"},"content":{"rendered":"<p>DEVA Partisi Te\u015fkilat \u0130\u015fleri Ba\u015fkan Yard\u0131mc\u0131l\u0131\u011f\u0131 g\u00f6revinden daha \u00f6nce ayr\u0131lan  <strong>Sedat K\u0131z\u0131lc\u0131kl\u0131<\/strong>, sosyal medyadan yapt\u0131\u011f\u0131 payla\u015f\u0131mla partiden istifa etti\u011fini duyurdu.<\/p>\n<p><b>&#8220;FARKLI PLATFORMLARDA DEVAM EDECE\u011e\u0130M&#8221;<\/b><\/p>\n<p>K\u0131z\u0131lc\u0131kl\u0131, &#8220;Te\u015fkilat ba\u015fkan yard\u0131mc\u0131s\u0131 arkada\u015flar\u0131m\u0131zla birlikte daha \u00f6nce g\u00f6revlerimizden istifa etti\u011fimiz DEVA Partisi ile bug\u00fcn itibariyle hi\u00e7bir ili\u015fi\u011fim kalmam\u0131\u015ft\u0131r. \u00dclkemiz i\u00e7in fikir \u00fcretmeye farkl\u0131 platformlarda devam edece\u011fim. Ayr\u0131lma karar\u0131m\u0131z hay\u0131rl\u0131 olsun. Kamuoyunun bilgisine\u2026&#8221; ifadelerine yer verdi.<\/p>\n<p><img decoding=\"async\" src=\"https:\/\/i.hbrcdn.com\/haber\/2023\/06\/25\/rozetini-babacan-takmisti-sedat-kizilcikli-deva-16063928_6993_m.jpg\" alt=\"\" title=\"\"><\/p>\n<p><b>ROZET\u0130N\u0130 BABACAN TAKMI\u015eTI<\/b><\/p>\n<p> <strong>Ak Parti<\/strong>&#8216;den istifa ederek DEVA Partisi&#8217;ne kat\u0131lan AK Parti 22. ve 23. D\u00f6nem Bursa milletvekili Sedat K\u0131z\u0131lc\u0131kl\u0131&#8217;n\u0131n rozetini Genel Ba\u015fkan Ali Babacan takm\u0131\u015ft\u0131.<\/p>\n","protected":false},"excerpt":{"rendered":"<p>Daha \u00f6nce DEVA Partisi&#8217;ndeki Te\u015fkilat \u0130\u015fleri Ba\u015fkan Yard\u0131mc\u0131l\u0131\u011f\u0131 g\u00f6revinden ayr\u0131lan Sedat K\u0131z\u0131lc\u0131kl\u0131 sosyal medya hesab\u0131ndan yapt\u0131\u011f\u0131 payla\u015f\u0131mla parti \u00fcyeli\u011finden de istifa etti\u011fini duyurdu. AK Parti&#8217;den istifa ederek DEVA Partisi&#8217;ne kat\u0131lan K\u0131z\u0131lc\u0131kl\u0131&#8217;ya rozetini Genel Ba\u015fkan Ali Babacan takm\u0131\u015ft\u0131.<\/p>\n","protected":false},"author":1,"featured_media":104576,"comment_status":"closed","ping_status":"open","sticky":false,"template":"","format":"standard","meta":{"footnotes":""},"categories":[28],"tags":[345,442],"class_list":["post-104575","post","type-post","status-publish","format-standard","has-post-thumbnail","hentry","category-politika","tag-deva","tag-parti"],"_links":{"self":[{"href":"https:\/\/haberulus.net\/index.php?rest_route=\/wp\/v2\/posts\/104575","targetHints":{"allow":["GET"]}}],"collection":[{"href":"https:\/\/haberulus.net\/index.php?rest_route=\/wp\/v2\/posts"}],"about":[{"href":"https:\/\/haberulus.net\/index.php?rest_route=\/wp\/v2\/types\/post"}],"author":[{"embeddable":true,"href":"https:\/\/haberulus.net\/index.php?rest_route=\/wp\/v2\/users\/1"}],"replies":[{"embeddable":true,"href":"https:\/\/haberulus.net\/index.php?rest_route=%2Fwp%2Fv2%2Fcomments&post=104575"}],"version-history":[{"count":1,"href":"https:\/\/haberulus.net\/index.php?rest_route=\/wp\/v2\/posts\/104575\/revisions"}],"predecessor-version":[{"id":104577,"href":"https:\/\/haberulus.net\/index.php?rest_route=\/wp\/v2\/posts\/104575\/revisions\/104577"}],"wp:featuredmedia":[{"embeddable":true,"href":"https:\/\/haberulus.net\/index.php?rest_route=\/wp\/v2\/media\/104576"}],"wp:attachment":[{"href":"https:\/\/haberulus.net\/index.php?rest_route=%2Fwp%2Fv2%2Fmedia&parent=104575"}],"wp:term":[{"taxonomy":"category","embeddable":true,"href":"https:\/\/haberulus.net\/index.php?rest_route=%2Fwp%2Fv2%2Fcategories&post=104575"},{"taxonomy":"post_tag","embeddable":true,"href":"https:\/\/haberulus.net\/index.php?rest_route=%2Fwp%2Fv2%2Ftags&post=104575"}],"curies":[{"name":"wp","href":"https:\/\/api.w.org\/{rel}","templated":true}]}}