{"id":104638,"date":"2023-06-25T08:35:03","date_gmt":"2023-06-25T08:35:03","guid":{"rendered":"https:\/\/haberulus.net\/?p=104638"},"modified":"2023-06-25T08:35:03","modified_gmt":"2023-06-25T08:35:03","slug":"hesap-soracagim-diyen-meral-aksener-aslinda-kimleri-kastetti","status":"publish","type":"post","link":"https:\/\/haberulus.net\/?p=104638","title":{"rendered":"&#8220;Hesap soraca\u011f\u0131m&#8221; diyen Meral Ak\u015fener asl\u0131nda kimleri kastetti?"},"content":{"rendered":"<p> <strong>\u0130yi Parti<\/strong> Genel Ba\u015fkan\u0131 Meral Ak\u015fener d\u00fcn partisinin ola\u011fan kurultay\u0131nda parti i\u00e7i muhaliflere ve CHP&#8217;ye y\u00fcklendi. Ses tonunu y\u00fckselten Ak\u015fener, &#8220;Ben hesap verece\u011fim, siz de hesap vereceksiniz. \u00d6yle \u00e7irkinlikler yap\u0131ld\u0131 ki g\u00fcnlerce uyuyamad\u0131m.Art\u0131k bu partide \u015f\u0131mar\u0131kl\u0131k bitmi\u015ftir, hadsizlik bitmi\u015ftir, sayg\u0131s\u0131zl\u0131k bitmi\u015ftir. Herkes haddini bilecek.&#8221; dedi. Bu s\u00f6zler b\u00fcy\u00fck yank\u0131 uyand\u0131r\u0131rken Ak\u015fener&#8217;in bu \u015fekilde partiden ayr\u0131lanlar\u0131 de\u011fil parti i\u00e7indeki baz\u0131 isimleri hedef ald\u0131\u011f\u0131 \u00f6\u011frenildi.<\/p>\n<p><b>&#8220;ATILAN P\u0130S \u0130FT\u0130RALAR ASLA AFFETMEYECE\u011e\u0130M&#8221;<\/b><\/p>\n<p>Partisinin ATO Congresium&#8217;da d\u00fczenlenen 3. Ola\u011fan Kurultay\u0131&#8217;nda konu\u015fan Ak\u015fener, milletin taleplerini t\u00fcm T\u00fcrkiye&#8217;ye duyurmak i\u00e7in dinledikleri her \u015feyi meydanlara, k\u00fcrs\u00fclere ve sosyal medyaya ta\u015f\u0131d\u0131klar\u0131n\u0131 aktard\u0131. Ak\u015fener, davalar\u0131 i\u00e7in zorluklara direndiklerini ifade ederek, \u015f\u00f6yle devam etti: &#8220;S\u00f6z\u00fcm\u00fcz do\u011fru oldu\u011fu i\u00e7in nice iftiraya g\u00f6\u011f\u00fcs gerdik. Hele ki bir \u015fey olamad\u0131\u011f\u0131na \u00f6fkelenip bizatihi i\u00e7imizden yap\u0131lan iftira, hakaret ve \u00e7irkinliklere g\u00f6\u011f\u00fcs gerdik. \u015eahsen hi\u00e7bir d\u00fc\u015fman\u0131m\u0131n, hi\u00e7bir rakibimin, beni hapse atmay\u0131 isteyenler dahil, benimle ilgili asla iddia etmedikleri, s\u00f6ylemedikleri pis iftiralara \u015fahit oldum. Allah bana bunu g\u00f6sterdi. Ama affetmeyece\u011fim. Asla affetmeyece\u011fim, billahi affetmeyece\u011fim, vallahi affetmeyece\u011fim. Bana iki \u015fey bu \u00fclkede s\u00f6ylenemedi. Kendi arkada\u015flar\u0131m s\u00f6yledi. Affetmeyece\u011fim. Hesapla\u015faca\u011f\u0131z hep birlikte. Biz, bug\u00fcnlere koltuk sahibi olmak i\u00e7in gelmedik. Biz, bug\u00fcnlere zengin olmak i\u00e7in de gelmedik. Zengin olmay\u0131 hayal edenler kap\u0131 d\u0131\u015far\u0131. Burada b\u00f6yle bir \u015fey yoktur. Biz, bug\u00fcnlere kendi ikballerimiz i\u00e7in de gelmedik.&#8221;<\/p>\n<p><img decoding=\"async\" src=\"https:\/\/i.hbrcdn.com\/haber\/2023\/06\/25\/hesap-soracagim-diyen-meral-aksener-aslinda-16064194_2460_m.jpg\" alt=\"\" title=\"\"><\/p>\n<p><b>&#8220;KAHROLUN&#8221;<\/b><\/p>\n<p>&#8220;Beni parayla sat\u0131n alabilen oldu mu? 30 y\u0131ll\u0131k siyasi hayat\u0131mda parayla ilgili hi\u00e7bir isnat olmam\u0131\u015fken, bunu yapanlar kahr\u0131 peri\u015fan olsun in\u015fallah. Biz, bug\u00fcnlere milletimiz i\u00e7in geldik, h\u0131rslara esir olmad\u0131k. Kibirle kalplerimizi karartmad\u0131k. Makam sarho\u015flu\u011funa kap\u0131lmad\u0131k. Bu yola \u00e7\u0131karken hanginizden para istedim ki? Milletvekilleri, ge\u00e7en d\u00f6nem Meclis&#8217;e girdiniz. Genel Merkeze para m\u0131 istedik sizden? Bug\u00fcn milletvekilisiniz sizden para m\u0131 isteniyor? Genel Merkez yap\u0131ld\u0131 muhteremler 15 liral\u0131k \u00e7\u00f6p kutular\u0131n\u0131 ald\u0131m ben. O g\u00fcn bana &#8216;Bu paray\u0131 nereden buldun&#8217; diye niye sormad\u0131n\u0131z? Sorumluluk alman\u0131z gerekiyordu, do\u011fru mu? Ka\u00e7t\u0131n\u0131z. Bug\u00fcn Meral Ak\u015fener&#8217;i d\u00fc\u015fmanlar\u0131n\u0131n su\u00e7lamad\u0131\u011f\u0131, iftira atmad\u0131\u011f\u0131 iftiralarla su\u00e7lad\u0131n\u0131z. Kahrolun, kahrolun, kahrolun. \u0130\u015fte bu y\u00fczden bizim siyaset anlay\u0131\u015f\u0131m\u0131z\u0131n y\u00f6n\u00fc de yolu da pusulas\u0131 da milletimizin ta kendisidir.&#8221;<\/p>\n<p><b>&#8220;BEN DE HESAP VERECECE\u011e\u0130M S\u0130Z DE&#8221;<\/b><\/p>\n<p>Ak\u015fener, kurultaylar\u0131n hesapla\u015fma yeri oldu\u011funa i\u015faret ederek &#8220;Ben hesap verece\u011fim, siz de hesap vereceksiniz. \u00d6yle \u00e7irkinlikler yap\u0131ld\u0131 ki g\u00fcnlerce uyuyamad\u0131m. Burada s\u00f6yleyemeyece\u011fim, \u00f6yle pislikler oldu ki tekrar edemeyece\u011fim. Sonra g\u00f6rd\u00fcm ki olmuyor. Herkes her \u015feyi istiyor, yetmiyor. Milletvekili olunuyor, yetmiyor. G\u0130K \u00fcyeli\u011fi isteniyor, G\u0130K oluyor, yetmiyor, genel ba\u015fkan yard\u0131mc\u0131l\u0131\u011f\u0131 isteniyor. Karde\u015fim kadrolar\u0131m\u0131z s\u0131n\u0131rl\u0131. B\u0131rak\u0131n da birileri de o g\u00f6revleri yerine getirsin. Hay\u0131r, yok, yok.&#8221; diye konu\u015ftu.<\/p>\n<p><img decoding=\"async\" src=\"https:\/\/i.hbrcdn.com\/haber\/2023\/06\/25\/hesap-soracagim-diyen-meral-aksener-aslinda-16064194_5801_m.jpg\" alt=\"\" title=\"\"><\/p>\n<p><b>&#8220;BU PART\u0130DE \u015eIMARIKLIK, HADS\u0130ZL\u0130K B\u0130TM\u0130\u015eT\u0130R&#8221;<\/b><\/p>\n<p>Demokrasi konusuna de\u011finen Ak\u015fener, \u015fu de\u011ferlendirmelerde bulundu: &#8220;Say\u0131n K\u0131l\u0131\u00e7daro\u011flu&#8217;na randevu ald\u0131m, gittik. \u0130ki parti yerel se\u00e7imlere birlikte gitmeyi teklif ettik, sonu\u00e7ta bir ba\u015far\u0131 \u00e7\u0131kt\u0131. Beni en \u00e7ok ilgilendiren, etkileyen, \u00fczen ne oldu biliyor musunuz? &#8216;\u0130stanbul se\u00e7imini biz de\u011fil HDP kazand\u0131rd\u0131, efendim bilmem nerenin se\u00e7imini biz de\u011fil HDP kazand\u0131rd\u0131.&#8217; Yuh, muh yok. Bug\u00fcn hesapla\u015f\u0131yoruz. Hesap veriyorum. Hesap soraca\u011f\u0131m sonra. Art\u0131k bu partide \u015f\u0131mar\u0131kl\u0131k bitmi\u015ftir, hadsizlik bitmi\u015ftir, sayg\u0131s\u0131zl\u0131k bitmi\u015ftir. Herkes haddini bilecek.&#8221;<\/p>\n<p><b>PART\u0130 \u0130\u00c7\u0130NDEK\u0130 MUHAL\u0130FLERE Y\u00dcKLEND\u0130<\/b><\/p>\n<p>Ak\u015fener&#8217;in s\u00f6zleri yank\u0131 uyand\u0131r\u0131rken Sayg\u0131 \u00d6zt\u00fcrk&#8217;\u00fcn haberine g\u00f6re burada Ak\u015fener&#8217;in hesap sorulaca\u011f\u0131n\u0131 s\u00f6yledi\u011fi isimler \u0130Y\u0130 Partiden ayr\u0131lanlar de\u011fil; halen parti i\u00e7inde olanlar. Genel Ba\u015fkan Yard\u0131mc\u0131s\u0131 Cihan Pa\u00e7ac\u0131 da konuya ili\u015fkin \u015funlar\u0131 s\u00f6yledi: &#8220;Genel Ba\u015fkana kar\u015f\u0131 parti i\u00e7erisinden haks\u0131z ele\u015ftiriler yap\u0131ld\u0131. Parti i\u00e7i disipline de \u00f6nem verilmesi gerekiyor. Partinin kurumsal kimli\u011fine, Genel Ba\u015fkan\u0131na kar\u015f\u0131 daha dikkatli bir dil kullan\u0131lmas\u0131 gerekiyor. Parti i\u00e7i demokrasi, kimseye hakaret etme hakk\u0131 vermez&#8221; <\/p>\n","protected":false},"excerpt":{"rendered":"<p>\u0130Y\u0130 Parti lideri Meral Ak\u015fener, d\u00fcn ger\u00e7ekle\u015fen 3. Ola\u011fan Kurultay&#8217;da son zamanlar\u0131n en sert konu\u015fmas\u0131n\u0131 yapt\u0131. &#8220;Hesap verece\u011fim, hesap soraca\u011f\u0131m. Bu partide hadsizlik, \u015f\u0131mar\u0131kl\u0131k art\u0131k bitti&#8221; diyen Ak\u015fener&#8217;in bu s\u00f6zlerle kimleri hedef ald\u0131\u011f\u0131 merak konusu oldu. Kulislerde Ak\u015fener&#8217;in partiden istifa edip gidenleri de\u011fil de hala parti i\u00e7inde bulunan muhalifleri kastetti\u011fi konu\u015fuluyor.<\/p>\n","protected":false},"author":1,"featured_media":104639,"comment_status":"closed","ping_status":"open","sticky":false,"template":"","format":"standard","meta":{"footnotes":""},"categories":[28],"tags":[1048,101,1010,215,442],"class_list":["post-104638","post","type-post","status-publish","format-standard","has-post-thumbnail","hentry","category-politika","tag-aksener","tag-hesap","tag-iftira","tag-para","tag-parti"],"_links":{"self":[{"href":"https:\/\/haberulus.net\/index.php?rest_route=\/wp\/v2\/posts\/104638","targetHints":{"allow":["GET"]}}],"collection":[{"href":"https:\/\/haberulus.net\/index.php?rest_route=\/wp\/v2\/posts"}],"about":[{"href":"https:\/\/haberulus.net\/index.php?rest_route=\/wp\/v2\/types\/post"}],"author":[{"embeddable":true,"href":"https:\/\/haberulus.net\/index.php?rest_route=\/wp\/v2\/users\/1"}],"replies":[{"embeddable":true,"href":"https:\/\/haberulus.net\/index.php?rest_route=%2Fwp%2Fv2%2Fcomments&post=104638"}],"version-history":[{"count":1,"href":"https:\/\/haberulus.net\/index.php?rest_route=\/wp\/v2\/posts\/104638\/revisions"}],"predecessor-version":[{"id":104640,"href":"https:\/\/haberulus.net\/index.php?rest_route=\/wp\/v2\/posts\/104638\/revisions\/104640"}],"wp:featuredmedia":[{"embeddable":true,"href":"https:\/\/haberulus.net\/index.php?rest_route=\/wp\/v2\/media\/104639"}],"wp:attachment":[{"href":"https:\/\/haberulus.net\/index.php?rest_route=%2Fwp%2Fv2%2Fmedia&parent=104638"}],"wp:term":[{"taxonomy":"category","embeddable":true,"href":"https:\/\/haberulus.net\/index.php?rest_route=%2Fwp%2Fv2%2Fcategories&post=104638"},{"taxonomy":"post_tag","embeddable":true,"href":"https:\/\/haberulus.net\/index.php?rest_route=%2Fwp%2Fv2%2Ftags&post=104638"}],"curies":[{"name":"wp","href":"https:\/\/api.w.org\/{rel}","templated":true}]}}