{"id":104834,"date":"2023-06-25T13:51:04","date_gmt":"2023-06-25T13:51:04","guid":{"rendered":"https:\/\/haberulus.net\/?p=104834"},"modified":"2023-06-25T13:51:04","modified_gmt":"2023-06-25T13:51:04","slug":"kazim-koyuncu-artvindeki-mezari-basinda-anildi","status":"publish","type":"post","link":"https:\/\/haberulus.net\/?p=104834","title":{"rendered":"Kaz\u0131m Koyuncu Artvin\u2019deki mezar\u0131 ba\u015f\u0131nda an\u0131ld\u0131"},"content":{"rendered":"<p>Karadeniz m\u00fczi\u011fini geni\u015f kitlelere tan\u0131tan ve sevdiren Kaz\u0131m Koyuncu\u2019nun, Artvin\u2019in Hopa il\u00e7esine ba\u011fl\u0131 Ye\u015filk\u00f6y k\u00f6y\u00fcndeki mezar\u0131 ba\u015f\u0131nda anma t\u00f6reni d\u00fczenlendi.<\/p>\n<p>T\u00f6rene, kanser nedeniyle 33 ya\u015f\u0131nda hayat\u0131n\u0131 kaybeden sanat\u00e7\u0131n\u0131n annesi H\u00fcsniye, karde\u015fleri Niyazi, Orhan ve O\u011fuz Koyuncu, ablas\u0131 Canan Erdem ve yak\u0131nlar\u0131n\u0131n yan\u0131 s\u0131ra CHP Rize Milletvekili Tahsin Ocakl\u0131, Hopa Belediye Ba\u015fkan\u0131 Taner Ekmek\u00e7i, F\u0131nd\u0131kl\u0131 Belediye Ba\u015fkan\u0131 Erc\u00fcment \u015eahin \u00c7ervato\u011flu kat\u0131ld\u0131.<\/p>\n<p>T\u00f6rende konu\u015fan CHP Rize Milletvekili Tahsin Ocakl\u0131, Kaz\u0131m Koyuncu\u2019nun d\u00fcnyaya \u00e7ok \u015fey b\u0131rakt\u0131\u011f\u0131n\u0131 belirterek \u201cBu co\u011frafyada bedenleri toprakla bulu\u015fmu\u015f binlerce insan vard\u0131 ama Kaz\u0131m Koyuncu \u015fark\u0131lar\u0131yla binlerce y\u0131l ya\u015fayacak. T\u00fcrk\u00fclerini biz s\u00f6ylemeye devam ediyoruz. Sizler de s\u00f6ylemeye devam edeceksiniz\u201d ifadesini kulland\u0131.<\/p>\n<p>Hopa Belediye Ba\u015fkan\u0131 Ekmek\u00e7i de Kaz\u0131m Koyuncu\u2019nun, Hopa\u2019dan \u00e7\u0131km\u0131\u015f, uluslararas\u0131 platformlarda kabul g\u00f6rm\u00fc\u015f bir sanat\u00e7\u0131 oldu\u011funu s\u00f6yledi.<\/p>\n<p>Koyuncu\u2019nun \u015fark\u0131lar\u0131n\u0131n g\u00fcn\u00fcm\u00fczde de milyonlarca ki\u015fi taraf\u0131ndan seslendirildi\u011fini ifade eden Ekmek\u00e7i, \u201cKaz\u0131m Koyuncu kendisinden sonra b\u00f6lgemizde bir\u00e7ok sanat\u00e7\u0131n\u0131n \u00e7\u0131kmas\u0131na \u00f6nc\u00fcl\u00fck etmi\u015ftir. Sanat\u0131n\u0131n yan\u0131nda bu anlamda da b\u00f6lgemize de\u011fer katm\u0131\u015ft\u0131r. Kendisini sayg\u0131yla an\u0131yorum. \u015eair ceketli \u00e7ocu\u011fu unutmad\u0131k, unutmayaca\u011f\u0131z\u201d dedi.<\/p>\n<p><img decoding=\"async\" src=\"https:\/\/i01.sozcucdn.com\/wp-content\/uploads\/2023\/06\/25\/kazim2.1_23260542.jpg\" alt=\"\" title=\"\"><\/p>\n<p>Sanat\u00e7\u0131n\u0131n mezar\u0131n\u0131 ziyaret eden Hopal\u0131 Kadir Gen\u00e7, Kaz\u0131m Koyuncu\u2019yu anmak i\u00e7in geldi\u011fini dile getirerek \u201cOnun d\u00fc\u015f\u00fcncelerini, hayallerini ya\u015fataca\u011f\u0131z. Her y\u0131l oldu\u011fu gibi gelecek y\u0131llarda da buraya gelerek onu anaca\u011f\u0131z\u201d diye konu\u015ftu.<\/p>\n<p>T\u00f6ren i\u00e7in Ankara\u2019dan gelen Ezgi Serdaro\u011flu da aslen Rizeli oldu\u011funu belirterek Kaz\u0131m Koyucu ile lise y\u0131llar\u0131nda tan\u0131\u015ft\u0131\u011f\u0131n\u0131 anlatt\u0131.<\/p>\n<p>Kaz\u0131m Koyuncu\u2019nun \u015fark\u0131lar\u0131yla memleket sevdas\u0131n\u0131n peki\u015fti\u011fini ve artt\u0131\u011f\u0131n\u0131 vurgulayan Serdaro\u011flu, \u015funlar\u0131 kaydetti:<\/p>\n<p>\u201cDilimizi, k\u00fclt\u00fcr\u00fcm\u00fcz\u00fc tan\u0131d\u0131k. Her s\u00f6z\u00fc, her \u015fark\u0131s\u0131 bir \u015feyler anlat\u0131yor. Memleketini seven bir insand\u0131. \u00c7ok duyguluyum. Onun sayesinde tan\u0131\u015ft\u0131\u011f\u0131m insanlar var \u00e7evremde. E\u015fimle de onun sayesinde tan\u0131\u015fm\u0131\u015ft\u0131k. \u00c7ocuklar\u0131m\u0131 onun \u015fark\u0131lar\u0131yla b\u00fcy\u00fctt\u00fcm. Onun \u015fark\u0131lar\u0131ndan isimler koydum.\u201d<\/p>\n<p><img decoding=\"async\" src=\"https:\/\/i01.sozcucdn.com\/wp-content\/uploads\/2023\/06\/25\/kazim1.1_23260543.jpg\" alt=\"\" title=\"\"><\/p>\n<p>Konu\u015fmalar\u0131n ard\u0131ndan Bor\u00e7ka ve F\u0131nd\u0131kl\u0131 Belediyesi kad\u0131n korolar\u0131ndan olu\u015fan topluluk, 25 Haziran 2005\u2019te vefat eden sanat\u00e7\u0131n\u0131n baz\u0131 \u015fark\u0131lar\u0131n\u0131 seslendirdi.<\/p>\n<p>T\u00f6ren, vatanda\u015flar\u0131n kabir ziyaretinin ard\u0131ndan sona erdi. (AA)<\/p>\n","protected":false},"excerpt":{"rendered":"<p>&#8216;\u015eair ceketli \u00e7ocuk&#8217; olarak tan\u0131nan sanat\u00e7\u0131 Kaz\u0131m Koyuncu, vefat\u0131n\u0131n 18. y\u0131l\u0131nda memleketi Artvin&#8217;in Hopa il\u00e7esindeki kabri ba\u015f\u0131nda an\u0131ld\u0131.<\/p>\n","protected":false},"author":1,"featured_media":104835,"comment_status":"closed","ping_status":"open","sticky":false,"template":"","format":"standard","meta":{"footnotes":""},"categories":[27],"tags":[1853,12859,3872,1088],"class_list":["post-104834","post","type-post","status-publish","format-standard","has-post-thumbnail","hentry","category-kultur-sanat","tag-hopa","tag-kazim-koyuncu","tag-sanatci","tag-toren"],"_links":{"self":[{"href":"https:\/\/haberulus.net\/index.php?rest_route=\/wp\/v2\/posts\/104834","targetHints":{"allow":["GET"]}}],"collection":[{"href":"https:\/\/haberulus.net\/index.php?rest_route=\/wp\/v2\/posts"}],"about":[{"href":"https:\/\/haberulus.net\/index.php?rest_route=\/wp\/v2\/types\/post"}],"author":[{"embeddable":true,"href":"https:\/\/haberulus.net\/index.php?rest_route=\/wp\/v2\/users\/1"}],"replies":[{"embeddable":true,"href":"https:\/\/haberulus.net\/index.php?rest_route=%2Fwp%2Fv2%2Fcomments&post=104834"}],"version-history":[{"count":1,"href":"https:\/\/haberulus.net\/index.php?rest_route=\/wp\/v2\/posts\/104834\/revisions"}],"predecessor-version":[{"id":104836,"href":"https:\/\/haberulus.net\/index.php?rest_route=\/wp\/v2\/posts\/104834\/revisions\/104836"}],"wp:featuredmedia":[{"embeddable":true,"href":"https:\/\/haberulus.net\/index.php?rest_route=\/wp\/v2\/media\/104835"}],"wp:attachment":[{"href":"https:\/\/haberulus.net\/index.php?rest_route=%2Fwp%2Fv2%2Fmedia&parent=104834"}],"wp:term":[{"taxonomy":"category","embeddable":true,"href":"https:\/\/haberulus.net\/index.php?rest_route=%2Fwp%2Fv2%2Fcategories&post=104834"},{"taxonomy":"post_tag","embeddable":true,"href":"https:\/\/haberulus.net\/index.php?rest_route=%2Fwp%2Fv2%2Ftags&post=104834"}],"curies":[{"name":"wp","href":"https:\/\/api.w.org\/{rel}","templated":true}]}}