{"id":10487,"date":"2022-07-19T16:36:04","date_gmt":"2022-07-19T16:36:04","guid":{"rendered":"https:\/\/haberulus.net\/?p=10487"},"modified":"2022-07-19T16:36:04","modified_gmt":"2022-07-19T16:36:04","slug":"emrecan-uzunhan-resmen-besiktasta-iste-bonservis-bedeli","status":"publish","type":"post","link":"https:\/\/haberulus.net\/?p=10487","title":{"rendered":"Emrecan Uzunhan resmen Be\u015fikta\u015f\u2019ta! \u0130\u015fte bonservis bedeli\u2026"},"content":{"rendered":"<p><b>Be\u015fikta\u015f Kul\u00fcb\u00fc, \u0130stanbulspor&#8217;dan Emrecan Uzunhan&#8217;\u0131 transfer etti\u011fini resmen a\u00e7\u0131klad\u0131. 5 y\u0131ll\u0131k s\u00f6zle\u015fme imzalanan 21 ya\u015f\u0131ndaki oyuncunun bonservis bedeli belli oldu.<\/b><\/p>\n<p>Yeni sezon \u00f6ncesinde transfer \u00e7al\u0131\u015fmalar\u0131na devam eden Be\u015fikta\u015f, savunmaya bir takviye daha yapt\u0131. Siyah-beyazl\u0131lar, \u0130stanbulspor&#8217;un 21 ya\u015f\u0131ndaki stoperi Emrecan Uzunhan\u2019\u0131 kadrosuna katt\u0131.<\/p>\n<p>Siyah-beyazl\u0131 ekipten KAP&#8217;a yap\u0131lan a\u00e7\u0131klamada, 5 y\u0131ll\u0131k s\u00f6zle\u015fme imzalanan Emrecan Uzunhan i\u00e7in \u0130stanbulspor\u2019a 2 milyon Euro+KDV \u00f6denece\u011fi duyuruldu. \u0130\u015fte Be\u015fikta\u015f\u2019ta yap\u0131lan o a\u00e7\u0131klama:<\/p>\n<p>\u201cProfesyonel Futbolcu Emrecan Uzunhan\u2019\u0131n transferi konusunda kul\u00fcb\u00fc ve kendisi ile anla\u015fmaya var\u0131lm\u0131\u015ft\u0131r. \u0130stanbulspor Kul\u00fcb\u00fc\u2019ne 2.000.000 Avro + KDV transfer bedeli \u00f6denecektir. Oyuncu ile 2022-2023 sezonundan ba\u015flamak \u00fczere be\u015f sezon i\u00e7in anla\u015fmaya var\u0131lm\u0131\u015ft\u0131r.\u201d<\/p>\n<p><b>\u0130SPANYA KAMPINA KATILACAK<\/b><\/p>\n<p>Sol stoper oynayan Emrecan sa\u011fl\u0131k kontrollerinden ge\u00e7tikten sonra Be\u015fikta\u015f\u2019a resmi imzay\u0131 atacak ve siyah beyazl\u0131lar\u0131n 20 Temmuz\u2019da ba\u015flayacak olan \u0130spanya kamp\u0131na kat\u0131lacak.<\/p>\n<p>Bu sezon S\u00fcper Lig\u2019de m\u00fccadele edecek \u0130stanbulspor\u2019da 2020\u2019de A tak\u0131ma y\u00fckselen Emrecan, sar\u0131-siyahl\u0131 formayla Spor Toto 1. Lig\u2019de toplam 23 ma\u00e7ta forma giydi.<\/p>\n","protected":false},"excerpt":{"rendered":"<p>Be\u015fikta\u015f Kul\u00fcb\u00fc, \u0130stanbulspor&#8217;dan Emrecan Uzunhan&#8217;\u0131 transfer etti\u011fini resmen a\u00e7\u0131klad\u0131. 5 y\u0131ll\u0131k s\u00f6zle\u015fme imzalanan 21 ya\u015f\u0131ndaki oyuncunun &#8230;<\/p>\n","protected":false},"author":1,"featured_media":10488,"comment_status":"open","ping_status":"open","sticky":false,"template":"","format":"standard","meta":{"footnotes":""},"categories":[31],"tags":[2898,3044],"class_list":["post-10487","post","type-post","status-publish","format-standard","has-post-thumbnail","hentry","category-spor","tag-emrecan","tag-istanbulspor"],"_links":{"self":[{"href":"https:\/\/haberulus.net\/index.php?rest_route=\/wp\/v2\/posts\/10487","targetHints":{"allow":["GET"]}}],"collection":[{"href":"https:\/\/haberulus.net\/index.php?rest_route=\/wp\/v2\/posts"}],"about":[{"href":"https:\/\/haberulus.net\/index.php?rest_route=\/wp\/v2\/types\/post"}],"author":[{"embeddable":true,"href":"https:\/\/haberulus.net\/index.php?rest_route=\/wp\/v2\/users\/1"}],"replies":[{"embeddable":true,"href":"https:\/\/haberulus.net\/index.php?rest_route=%2Fwp%2Fv2%2Fcomments&post=10487"}],"version-history":[{"count":1,"href":"https:\/\/haberulus.net\/index.php?rest_route=\/wp\/v2\/posts\/10487\/revisions"}],"predecessor-version":[{"id":10489,"href":"https:\/\/haberulus.net\/index.php?rest_route=\/wp\/v2\/posts\/10487\/revisions\/10489"}],"wp:featuredmedia":[{"embeddable":true,"href":"https:\/\/haberulus.net\/index.php?rest_route=\/wp\/v2\/media\/10488"}],"wp:attachment":[{"href":"https:\/\/haberulus.net\/index.php?rest_route=%2Fwp%2Fv2%2Fmedia&parent=10487"}],"wp:term":[{"taxonomy":"category","embeddable":true,"href":"https:\/\/haberulus.net\/index.php?rest_route=%2Fwp%2Fv2%2Fcategories&post=10487"},{"taxonomy":"post_tag","embeddable":true,"href":"https:\/\/haberulus.net\/index.php?rest_route=%2Fwp%2Fv2%2Ftags&post=10487"}],"curies":[{"name":"wp","href":"https:\/\/api.w.org\/{rel}","templated":true}]}}