{"id":104883,"date":"2023-06-25T15:51:03","date_gmt":"2023-06-25T15:51:03","guid":{"rendered":"https:\/\/haberulus.net\/?p=104883"},"modified":"2023-06-25T15:51:03","modified_gmt":"2023-06-25T15:51:03","slug":"ukrayna-israili-apacik-rus-yanlisi-pozisyon-almakla-sucladi","status":"publish","type":"post","link":"https:\/\/haberulus.net\/?p=104883","title":{"rendered":"Ukrayna, \u0130srail\u2019i \u201capa\u00e7\u0131k Rus yanl\u0131s\u0131\u201d pozisyon almakla su\u00e7lad\u0131"},"content":{"rendered":"<p>Ukrayna\u2019n\u0131n Tel Aviv B\u00fcy\u00fckel\u00e7ili\u011fi, sosyal medya hesab\u0131ndan yaz\u0131l\u0131 bir a\u00e7\u0131klama yay\u0131mlad\u0131.<\/p>\n<p>\u0130srail y\u00f6netiminin Rusya-Ukrayna Sava\u015f\u0131\u2019ndaki tutumunu sert bir dille ele\u015ftiren ve \u0130srail Ba\u015fbakan\u0131 Binyamin Netanyahu ile D\u0131\u015fi\u015fleri Bakan\u0131 Eli Cohen\u2019i hedef alan su\u00e7lamalarda bulunulan a\u00e7\u0131klamada, \u015fu ifadelere yer verildi:<\/p>\n<p>\u201cUkrayna\u2019n\u0131n Tel Aviv B\u00fcy\u00fckel\u00e7ili\u011fi, g\u00f6revdeki \u0130srail h\u00fck\u00fcmetinin Rusya Federasyonu ile yak\u0131n i\u015fbirli\u011fi yolunu tercih etti\u011fini \u00fcz\u00fcnt\u00fcyle vurgulamaktad\u0131r. Bu, 2023\u2019\u00fcn ilk yar\u0131s\u0131nda meydana gelen ve \u0130srail\u2019in Ukrayna\u2019ya neredeyse hi\u00e7 insani yard\u0131mda bulunmamas\u0131yla ayn\u0131 zamana denk gelen olduk\u00e7a tart\u0131\u015fmal\u0131 bir dizi olayla kan\u0131tlan\u0131yor.\u201d<\/p>\n<p>A\u00e7\u0131klamada, Ba\u015fbakan Netanyahu\u2019nun Rusya-Ukrayna Sava\u015f\u0131 ile ilgili medyaya yapt\u0131\u011f\u0131 a\u00e7\u0131klamalar\u0131n \u201cher seferinde, \u0130srail\u2019in Ukrayna\u2019ya askeri yard\u0131m sa\u011flama konusundaki mutlak eylemsizli\u011fini hakl\u0131 g\u00f6stermeyi ama\u00e7lad\u0131\u011f\u0131\u201d ve \u0130srail D\u0131\u015fi\u015fleri Bakan\u0131 Cohen\u2019in \u015fubatta Ukrayna\u2019ya yapt\u0131\u011f\u0131 ziyaretin de \u201cverimsiz\u201d ge\u00e7ti\u011fi vurguland\u0131.<\/p>\n<p>\u201c\u0130srailli yetkililerin ahlaki s\u0131n\u0131rlar\u0131 bariz bir \u015fekilde hi\u00e7e sayd\u0131\u011f\u0131\u201d ifade edilen a\u00e7\u0131klamada, \u0130srail\u2019in Rusya ile ili\u015flerini ilerletmeye y\u00f6nelik att\u0131\u011f\u0131 baz\u0131 diplomatik ad\u0131mlara ili\u015fkin ise \u015fu ele\u015ftirilere yer verildi:<\/p>\n<p>\u201c(Bat\u0131) Kud\u00fcs\u2019te yeni bir Rus diplomatik misyonunun kurulmas\u0131 konusunda mutabakata var\u0131ld\u0131, hatta bunun i\u00e7in bedelsiz bir arazi tahsis edildi ve bu \u0130srail D\u0131\u015fi\u015fleri Bakanl\u0131\u011f\u0131 taraf\u0131ndan \u2018b\u00fcy\u00fck bir ba\u015far\u0131\u2019 olarak sunuldu.<\/p>\n<p>Sadece bir hafta \u00f6nce Rusya B\u00fcy\u00fckel\u00e7ili\u011finin ev sahipli\u011finde (Bat\u0131) Kud\u00fcs\u2019te d\u00fczenlenen bir diplomatik resepsiyona kat\u0131lan \u00e7ok say\u0131da \u00fcst d\u00fczey \u0130srailli yetkilinin ahlaki s\u0131n\u0131rlar\u0131 bariz bir \u015fekilde hi\u00e7e sayd\u0131\u011f\u0131n\u0131 belirtmekte fayda var. Dahas\u0131, \u0130srail D\u0131\u015fi\u015fleri Bakanl\u0131\u011f\u0131, (Rusya Devlet Ba\u015fkan\u0131 Vladimir) Putin ve yanda\u015flar\u0131n\u0131n d\u00fczenli olarak yapt\u0131\u011f\u0131 antisemitik a\u00e7\u0131klamalar konusunda sessiz kald\u0131.\u201d<\/p>\n<p><strong>\u201c\u0130SRA\u0130L L\u0130DERL\u0130\u011e\u0130 S\u00d6ZL\u00dc DEMAGOJ\u0130N\u0130N ARKASINA SAKLANIYOR\u201d<\/strong><\/p>\n<p>Tel Aviv y\u00f6netiminin Rusya-Ukrayna Sava\u015f\u0131 konusundaki \u201ctarafs\u0131zl\u0131k\u201d iddias\u0131n\u0131n da ger\u00e7e\u011fi yans\u0131tmad\u0131\u011f\u0131 belirtilen a\u00e7\u0131klamada, \u201c\u0130srail liderli\u011finin, tarafs\u0131zl\u0131klar\u0131 hakk\u0131nda s\u00f6zl\u00fc demagojinin arkas\u0131na sakland\u0131\u011f\u0131\u201d ifade edildi.<\/p>\n<p>A\u00e7\u0131klamada, \u015f\u00f6yle devam edildi:<\/p>\n<p>\u201c\u0130srail Rusya\u2019ya hi\u00e7bir yapt\u0131r\u0131m uygulamad\u0131, \u00fcstelik son iki y\u0131ld\u0131r kanl\u0131 Moskova rejimiyle ikili ticaretini art\u0131rd\u0131. \u00d6nemli oranda Yahudi toplumu da bar\u0131nd\u0131ran Ukrayna halk\u0131, Rus f\u00fczeleri ve \u0130ran insans\u0131z hava ara\u00e7lar\u0131n\u0131n sald\u0131r\u0131s\u0131 alt\u0131nda kan kaybederken, \u0130srail liderli\u011fi, tarafs\u0131zl\u0131klar\u0131 hakk\u0131nda s\u00f6zl\u00fc demagojinin arkas\u0131na saklanarak (her ne kadar art\u0131k bunu gizlemese de) Rusya Federasyonu ile ili\u015fkilerini aktif olarak geli\u015ftiriyor. Ger\u00e7ekte, \u0130srail h\u00fck\u00fcmetinin s\u00f6zde \u2018tarafs\u0131zl\u0131\u011f\u0131\u2019 sahada apa\u00e7\u0131k bir Rusya yanl\u0131s\u0131 pozisyon olarak g\u00f6r\u00fcl\u00fcyor.\u201d<\/p>\n<p>\u0130srail h\u00fck\u00fcmetini \u201ctutumunu de\u011fi\u015ftirmeye ve Ukrayna\u2019y\u0131 savunma ara\u00e7lar\u0131yla desteklemeye\u201d \u00e7a\u011f\u0131ran Ukrayna&#8217;n\u0131n Tel Aviv B\u00fcy\u00fckel\u00e7ili\u011fi, s\u00f6z konusu a\u00e7\u0131klamas\u0131n\u0131, \u201c\u0130srail\u2019den tarihin do\u011fru taraf\u0131nda yer almas\u0131n\u0131 bekliyoruz!\u201d ifadeleriyle sonland\u0131rd\u0131. (AA)<\/p>\n","protected":false},"excerpt":{"rendered":"<p>Ukrayna, Rusya ile s\u00fcren sava\u015fta \u0130srail y\u00f6netimini &#8220;apa\u00e7\u0131k Rus yanl\u0131s\u0131 pozisyon almakla&#8221; ve \u0130srail liderli\u011fini tarafs\u0131zl\u0131k konusunda &#8220;demagojinin arkas\u0131na saklanmakla&#8221; su\u00e7lad\u0131.<\/p>\n","protected":false},"author":1,"featured_media":104884,"comment_status":"closed","ping_status":"open","sticky":false,"template":"","format":"standard","meta":{"footnotes":""},"categories":[24],"tags":[349,42,77,38],"class_list":["post-104883","post","type-post","status-publish","format-standard","has-post-thumbnail","hentry","category-dunya","tag-israil","tag-rusya","tag-soz","tag-ukrayna"],"_links":{"self":[{"href":"https:\/\/haberulus.net\/index.php?rest_route=\/wp\/v2\/posts\/104883","targetHints":{"allow":["GET"]}}],"collection":[{"href":"https:\/\/haberulus.net\/index.php?rest_route=\/wp\/v2\/posts"}],"about":[{"href":"https:\/\/haberulus.net\/index.php?rest_route=\/wp\/v2\/types\/post"}],"author":[{"embeddable":true,"href":"https:\/\/haberulus.net\/index.php?rest_route=\/wp\/v2\/users\/1"}],"replies":[{"embeddable":true,"href":"https:\/\/haberulus.net\/index.php?rest_route=%2Fwp%2Fv2%2Fcomments&post=104883"}],"version-history":[{"count":1,"href":"https:\/\/haberulus.net\/index.php?rest_route=\/wp\/v2\/posts\/104883\/revisions"}],"predecessor-version":[{"id":104885,"href":"https:\/\/haberulus.net\/index.php?rest_route=\/wp\/v2\/posts\/104883\/revisions\/104885"}],"wp:featuredmedia":[{"embeddable":true,"href":"https:\/\/haberulus.net\/index.php?rest_route=\/wp\/v2\/media\/104884"}],"wp:attachment":[{"href":"https:\/\/haberulus.net\/index.php?rest_route=%2Fwp%2Fv2%2Fmedia&parent=104883"}],"wp:term":[{"taxonomy":"category","embeddable":true,"href":"https:\/\/haberulus.net\/index.php?rest_route=%2Fwp%2Fv2%2Fcategories&post=104883"},{"taxonomy":"post_tag","embeddable":true,"href":"https:\/\/haberulus.net\/index.php?rest_route=%2Fwp%2Fv2%2Ftags&post=104883"}],"curies":[{"name":"wp","href":"https:\/\/api.w.org\/{rel}","templated":true}]}}