{"id":104922,"date":"2023-06-25T17:51:03","date_gmt":"2023-06-25T17:51:03","guid":{"rendered":"https:\/\/haberulus.net\/?p=104922"},"modified":"2023-06-25T17:51:03","modified_gmt":"2023-06-25T17:51:03","slug":"cinden-wagner-krizi-aciklamasi-rusyanin-ic-isidir","status":"publish","type":"post","link":"https:\/\/haberulus.net\/?p=104922","title":{"rendered":"\u00c7in\u2019den Wagner krizi a\u00e7\u0131klamas\u0131: Rusya\u2019n\u0131n i\u00e7 i\u015fidir"},"content":{"rendered":"<p>\u00c7in D\u0131\u015fi\u015fleri Bakanl\u0131\u011f\u0131ndan yap\u0131lan yaz\u0131l\u0131 a\u00e7\u0131klamada, \u201cBu Rusya\u2019n\u0131n i\u00e7 i\u015fidir. \u00c7in, Rusya\u2019n\u0131n dostane bir kom\u015fusu ve yeni d\u00f6nemde kapsaml\u0131 stratejik koordinasyon orta\u011f\u0131 olarak ulusal istikrar\u0131n\u0131 s\u00fcrd\u00fcrmesini, kalk\u0131nma ve refaha ula\u015fmas\u0131n\u0131 destekliyor.\u201d ifadesi kullan\u0131ld\u0131.<\/p>\n<p>A\u00e7\u0131klama, Rusya D\u0131\u015fi\u015fleri Bakan Yard\u0131mc\u0131s\u0131 Andrey Rudenko\u2019nun plans\u0131z bir ziyaretle \u00c7in\u2019e gelerek y\u00fcr\u00fctt\u00fc\u011f\u00fc temaslar\u0131n ard\u0131ndan geldi.<\/p>\n<p>Rudenko, D\u0131\u015fi\u015fleri Bakan\u0131 \u00c7in Gang ve Bakan Yard\u0131mc\u0131s\u0131 Ma Cao\u015fu ile g\u00f6r\u00fc\u015fm\u00fc\u015ft\u00fc.<\/p>\n<p>Rus diplomat\u0131n \u00c7in Gang ile g\u00f6r\u00fc\u015fmesinde \u201cortak kayg\u0131 konusu olan uluslararas\u0131 ve b\u00f6lgesel meselelerin tart\u0131\u015f\u0131ld\u0131\u011f\u0131\u201d belirtilmi\u015fti.<\/p>\n<p>Rudenko ile mevkida\u015f\u0131 Ma\u2019n\u0131n ba\u015fkanl\u0131k etti\u011fi heyetler aras\u0131 g\u00f6r\u00fc\u015fmede, taraflar\u0131n, \u201ciki \u00fclke liderlerinin vard\u0131\u011f\u0131 mutabakat do\u011frultusunda zorlu ve karma\u015f\u0131k bir durum arz eden uluslararas\u0131 ortamda zaman\u0131nda ileti\u015fim kurarak ortak \u00e7\u0131karlar\u0131n\u0131 korumalar\u0131n\u0131n \u00f6nem ta\u015f\u0131d\u0131\u011f\u0131n\u0131n\u201d alt\u0131n\u0131 \u00e7izilmi\u015fti.<\/p>\n<p>Taraflar, \u015eanghay \u0130\u015fbirli\u011fi \u00d6rg\u00fct\u00fcn\u00fcn (\u015e\u0130\u00d6) b\u00f6lgesel bar\u0131\u015f ve istikrar\u0131 sa\u011flamadaki rol\u00fcne i\u015faret ederek, \u201c\u00f6rg\u00fct\u00fcn sa\u011fl\u0131kl\u0131 ve s\u00fcrd\u00fcr\u00fclebilir geli\u015fimi i\u00e7in dayan\u0131\u015fmay\u0131 ve i\u015fbirli\u011fini g\u00fc\u00e7lendireceklerini\u201d bildirmi\u015fti.<\/p>\n<p><strong>WAGNER KR\u0130Z\u0130<\/strong><\/p>\n<p>\u00d6zel g\u00fcvenlik \u015firketi Wagner\u2019in kurucusu Yevgeniy Prigojin, Rus ordusunu Wagner\u2019e sald\u0131r\u0131 d\u00fczenlemekle su\u00e7lay\u0131p kar\u015f\u0131l\u0131k vermekle tehdit etmi\u015f, Wagner sava\u015f\u00e7\u0131lar\u0131 Ukrayna\u2019y\u0131 terk ederek s\u0131n\u0131rdaki Rostov b\u00f6lgesine girmi\u015fti.<\/p>\n<p>Bu durum \u00fczerine Federal G\u00fcvenlik Servisi (FSB), \u201csilahl\u0131 isyan\u201d su\u00e7lamas\u0131yla ceza davas\u0131 a\u00e7m\u0131\u015ft\u0131.<\/p>\n<p>Rusya Devlet Ba\u015fkan\u0131 Vladimir Putin, Wagner\u2019in isyan\u0131n\u0131 \u201cvatana ihanet\u201d olarak nitelendirmi\u015fti.<\/p>\n<p>Prigojin, Moskova\u2019ya gideceklerini a\u00e7\u0131klam\u0131\u015f, Kremlin y\u00f6netimi ise \u00fclkenin pek \u00e7ok b\u00f6lgesinde g\u00fcvenlik \u00f6nlemlerini art\u0131rm\u0131\u015ft\u0131.<\/p>\n<p>Yevgeniy Prigojin\u2019in d\u00fcn, Belarus Cumhurba\u015fkan\u0131 Aleksandr Luka\u015fenko\u2019nun Rusya\u2019da gerilimi azaltma \u00f6nerisini kabul etti\u011fi bildirilmi\u015fti.<\/p>\n<p>Prigojin, Rus kan\u0131 d\u00f6k\u00fclmesinin sorumlulu\u011funu anlad\u0131klar\u0131n\u0131 ve konvoylar\u0131n\u0131 geri \u00e7evirerek plana g\u00f6re saha kamplar\u0131na geri d\u00f6neceklerini a\u00e7\u0131klam\u0131\u015ft\u0131.<\/p>\n<p>Kremlin S\u00f6zc\u00fcs\u00fc Dmitriy Peskov, Prigojin\u2019e y\u00f6nelik a\u00e7\u0131lan ceza davas\u0131n\u0131n kapanaca\u011f\u0131n\u0131 belirterek, isyanc\u0131 liderinin Belarus\u2019a gidece\u011fini bildirmi\u015fti.<\/p>\n<p><strong>\u00c7\u0130N\u2019\u0130N UKRAYNA-RUSYA SAVA\u015eINDAK\u0130 TUTUMU<\/strong><\/p>\n<p>\u00c7in\u2019in ABD ile jeostratejik rekabetinin ve b\u00f6lgesel gerilimlerin artt\u0131\u011f\u0131 bir d\u00f6nemde ba\u015flayan Rusya-Ukrayna Sava\u015f\u0131, Pekin y\u00f6netimini \u201cortak d\u00fc\u015fman\u201d alg\u0131s\u0131yla benzer meydan okumalarla kar\u015f\u0131 kar\u015f\u0131ya olan Moskova ile yak\u0131nla\u015ft\u0131rm\u0131\u015ft\u0131.<\/p>\n<p>\u00c7in ve Rus liderlerinin, sava\u015f\u0131n ba\u015flamas\u0131nda hemen \u00f6nce, 4 \u015eubat 2022\u2019de Putin\u2019in Pekin K\u0131\u015f Olimpiyatlar\u0131 i\u00e7in \u00c7in\u2019e yapt\u0131\u011f\u0131 ziyaretteki g\u00f6r\u00fc\u015fmede, \u201ciki \u00fclke aras\u0131ndaki dostlu\u011fun limitinin olmad\u0131\u011f\u0131na\u201d vurgu yapan ortak a\u00e7\u0131klamas\u0131, Pekin y\u00f6netiminin k\u0131sa s\u00fcre sonra ba\u015flayacak sava\u015ftan haberdar oldu\u011fu ve \u00f6rt\u00fcl\u00fc onay verdi\u011finin i\u015fareti diye yorumlanm\u0131\u015ft\u0131.<\/p>\n<p>\u00c7in, her ne kadar sava\u015f\u0131n ard\u0131ndan Rusya\u2019ya y\u00f6nelik uluslararas\u0131 yapt\u0131r\u0131mlara kat\u0131lmasa da ABD ve Avrupa ile ekonomik ili\u015fkilerine zarar vermemek i\u00e7in yapt\u0131r\u0131mlar\u0131n \u00e7er\u00e7evesine b\u00fcy\u00fck \u00f6l\u00e7\u00fcde uymu\u015ftu.<\/p>\n<p>\u00d6te yandan Pekin, yapt\u0131r\u0131mlar\u0131n Avrupa ile Rusya aras\u0131ndaki al\u0131\u015fveri\u015fleri k\u0131s\u0131tlamas\u0131yla y\u00f6n de\u011fi\u015ftiren ticaretten de kazan\u00e7 sa\u011flam\u0131\u015f, sava\u015f\u0131n ard\u0131ndan iki \u00fclke aras\u0131ndaki ticaret hacminin, ba\u015fta enerji alan\u0131nda artt\u0131\u011f\u0131 g\u00f6zlenmi\u015fti.<\/p>\n<p>ABD ve Avrupa, Rusya\u2019ya sava\u015fta silah deste\u011fi sa\u011flamamas\u0131 y\u00f6n\u00fcnde \u00c7in\u2019i uyar\u0131rken Pekin, do\u011frudan silah sat\u0131\u015f\u0131 yapmasa da Moskova ile ortak askeri tatbikatlar dahil askeri i\u015fbirli\u011fini s\u00fcrd\u00fcrm\u00fc\u015ft\u00fc.<\/p>\n<p><strong>BARI\u015e \u00d6NER\u0130LER\u0130NDEN ARABULUCULUK G\u0130R\u0130\u015e\u0130M\u0130NE\u2026<\/strong><\/p>\n<p>\u00c7in, sava\u015f\u0131n y\u0131l d\u00f6n\u00fcm\u00fc olan 24 \u015eubat\u2019ta krizin siyasi \u00e7\u00f6z\u00fcm\u00fc i\u00e7in \u00f6nerilerini i\u00e7eren 12 maddelik \u201ctutum belgesi\u201dni a\u00e7\u0131klam\u0131\u015f, belgede gerginliklerin a\u015famal\u0131 azalt\u0131larak ate\u015fkesin sa\u011flanmas\u0131 gerekti\u011fi vurgulanm\u0131\u015ft\u0131.<\/p>\n<p>Ate\u015fkes \u00f6nerisi, ABD ve Avrupa Birli\u011fi\u2019nin yan\u0131 s\u0131ra \u00f6neriyi cephedeki fiili durumun onaylanmas\u0131 olarak alg\u0131layan Ukrayna taraf\u0131ndan da kabul g\u00f6rmemi\u015fti. Kiev y\u00f6netimi, bu ko\u015fullardaki bir bar\u0131\u015f\u0131n \u201csava\u015f\u0131n dondurulmas\u0131\u201d anlam\u0131na gelece\u011fini dile getirmi\u015fti.<\/p>\n<p>Rusya da \u00c7in\u2019in g\u00f6r\u00fc\u015f\u00fcne \u00f6nem verdi\u011fini ancak mevcut ko\u015fullarda Ukrayna meselesinin \u00e7\u00f6z\u00fcm\u00fcnde bar\u0131\u015f yoluna ge\u00e7i\u015fin sa\u011flanmas\u0131 i\u00e7in gerekli ko\u015fullar\u0131n olu\u015fmad\u0131\u011f\u0131n\u0131 bildirmi\u015fti.<\/p>\n<p>Devlet Ba\u015fkan\u0131 \u015ei, 20-22 Mart\u2019ta Moskova\u2019y\u0131 ziyaretinde Ukrayna sorununa siyasi \u00e7\u00f6z\u00fcm \u00e7a\u011fr\u0131s\u0131nda bulunmu\u015f ancak ziyarette Pekin ile Moskova aras\u0131nda stratejik i\u015fbirli\u011finin k\u00fcresel boyutta geni\u015fletilmesine yap\u0131lan vurgu, \u00c7in\u2019in Rusya\u2019ya deste\u011fini s\u00fcrd\u00fcrd\u00fc\u011f\u00fcn\u00fcn i\u015fareti olarak yorumlanm\u0131\u015ft\u0131.<\/p>\n<p>\u00c7in Devlet Ba\u015fkan\u0131 \u015ei Cinping, 26 Nisan\u2019da Ukrayna Devlet Ba\u015fkan\u0131 Volodimir Zelenskiy ile krizin ba\u015f\u0131ndan beri yapt\u0131\u011f\u0131 ilk telefon g\u00f6r\u00fc\u015fmesinde, \u00fclkesinin siyasi \u00e7\u00f6z\u00fcm i\u00e7in g\u00f6r\u00fc\u015fmeler y\u00fcr\u00fctmek \u00fczere Avrasya \u0130\u015flerinden Sorumlu \u00d6zel Temsilcisi Li Hui\u2019yi Ukrayna, Rusya ve di\u011fer \u00fclkelere g\u00f6nderece\u011fini belirterek, arabulucu rol\u00fcn\u00fcn i\u015faretini vermi\u015fti.<\/p>\n<p>Bu ama\u00e7la g\u00f6revlendirilen Li, 15 May\u0131s\u2019ta Ukrayna ile ba\u015flad\u0131\u011f\u0131 arabuluculuk turunda Polonya, Fransa, Almanya, Avrupa Birli\u011fi ve Rusya ba\u015fkentlerini ziyaret ederek temaslarda bulunmu\u015ftu. (AA)<\/p>\n","protected":false},"excerpt":{"rendered":"<p>\u00c7in y\u00f6netimi, Rusya&#8217;da Yevgeniy Prigojin&#8217;in kurucusu oldu\u011fu paral\u0131 asker grubu Wagner&#8217;in y\u00f6netime isyan\u0131yla ortaya \u00e7\u0131kan krizi bu \u00fclkenin &#8220;i\u00e7 i\u015fi&#8221; olarak g\u00f6r\u00fcyor.<\/p>\n","protected":false},"author":1,"featured_media":104923,"comment_status":"closed","ping_status":"open","sticky":false,"template":"","format":"standard","meta":{"footnotes":""},"categories":[24],"tags":[793,10857,42,38,1525],"class_list":["post-104922","post","type-post","status-publish","format-standard","has-post-thumbnail","hentry","category-dunya","tag-cin","tag-pek","tag-rusya","tag-ukrayna","tag-yon"],"_links":{"self":[{"href":"https:\/\/haberulus.net\/index.php?rest_route=\/wp\/v2\/posts\/104922","targetHints":{"allow":["GET"]}}],"collection":[{"href":"https:\/\/haberulus.net\/index.php?rest_route=\/wp\/v2\/posts"}],"about":[{"href":"https:\/\/haberulus.net\/index.php?rest_route=\/wp\/v2\/types\/post"}],"author":[{"embeddable":true,"href":"https:\/\/haberulus.net\/index.php?rest_route=\/wp\/v2\/users\/1"}],"replies":[{"embeddable":true,"href":"https:\/\/haberulus.net\/index.php?rest_route=%2Fwp%2Fv2%2Fcomments&post=104922"}],"version-history":[{"count":1,"href":"https:\/\/haberulus.net\/index.php?rest_route=\/wp\/v2\/posts\/104922\/revisions"}],"predecessor-version":[{"id":104924,"href":"https:\/\/haberulus.net\/index.php?rest_route=\/wp\/v2\/posts\/104922\/revisions\/104924"}],"wp:featuredmedia":[{"embeddable":true,"href":"https:\/\/haberulus.net\/index.php?rest_route=\/wp\/v2\/media\/104923"}],"wp:attachment":[{"href":"https:\/\/haberulus.net\/index.php?rest_route=%2Fwp%2Fv2%2Fmedia&parent=104922"}],"wp:term":[{"taxonomy":"category","embeddable":true,"href":"https:\/\/haberulus.net\/index.php?rest_route=%2Fwp%2Fv2%2Fcategories&post=104922"},{"taxonomy":"post_tag","embeddable":true,"href":"https:\/\/haberulus.net\/index.php?rest_route=%2Fwp%2Fv2%2Ftags&post=104922"}],"curies":[{"name":"wp","href":"https:\/\/api.w.org\/{rel}","templated":true}]}}