{"id":104997,"date":"2023-06-26T03:05:04","date_gmt":"2023-06-26T03:05:04","guid":{"rendered":"https:\/\/haberulus.net\/?p=104997"},"modified":"2023-06-26T03:05:04","modified_gmt":"2023-06-26T03:05:04","slug":"horguclu-sigir-bile-fiyatlari-dusuremedi","status":"publish","type":"post","link":"https:\/\/haberulus.net\/?p=104997","title":{"rendered":"H\u00f6rg\u00fc\u00e7l\u00fc s\u0131\u011f\u0131r bile fiyatlar\u0131 d\u00fc\u015f\u00fcremedi"},"content":{"rendered":"<p>T\u00fcrkiye&#8217;nin bir d\u00f6nem et ihtiyac\u0131n\u0131n hat\u0131r\u0131 say\u0131l\u0131r bir oran\u0131n\u0131 kar\u015f\u0131layan Do\u011fu ve G\u00fcneydo\u011fu&#8217;da ya\u015fanan b\u00fcy\u00fckba\u015f hayvan s\u0131k\u0131nt\u0131s\u0131 nedeniyle Et ve S\u00fct Kurumu, Afrika k\u0131tas\u0131nda yeti\u015fen s\u0131rt\u0131 h\u00f6rg\u00fc\u00e7l\u00fc s\u0131\u011f\u0131rlar ile Uruguay&#8217;dan Angus \u0131rk\u0131 s\u0131\u011f\u0131rlar ithal etti. Kasaplara haftada bir g\u00f6vde daha veren kurumun bu giri\u015fimi ihtiyac\u0131 kar\u015f\u0131lamad\u0131\u011f\u0131 gibi fiyatlarda da d\u00fc\u015f\u00fc\u015f y\u00f6n\u00fcnde bir etki g\u00f6stermedi.<\/p>\n<p><strong>\u0130THAL\u0130N K\u0130LOSU DA 220 TL<\/strong><\/p>\n<p>Yakla\u015fan kurban bayram\u0131 \u00f6ncesinde ge\u00e7en ay Afrika k\u0131tas\u0131ndan s\u0131rt\u0131 h\u00f6rg\u00fc\u00e7l\u00fc b\u00fcy\u00fckba\u015f s\u0131\u011f\u0131rlar\u0131 Mersin Liman\u0131&#8217;ndan G\u00fcneydo\u011fu&#8217;daki kesimhanelere g\u00f6nderen Et ve S\u00fct Kurumu, bu \u015fekilde hem k\u0131rm\u0131z\u0131 et s\u0131k\u0131nt\u0131s\u0131n\u0131n hem de artan fiyatlar\u0131n \u00f6n\u00fcne ge\u00e7meye \u00e7al\u0131\u015fsa da ba\u015far\u0131l\u0131 olamad\u0131. Diyarbak\u0131r&#8217;daki mezbahalarda kesilen Afrika s\u0131\u011f\u0131rlar\u0131 kentte Kasaplar Odas\u0131&#8217;na kay\u0131tl\u0131 bulunan kasaplara haftada bir g\u00f6vdeyi ge\u00e7memek \u015fart\u0131yla da\u011f\u0131t\u0131ld\u0131. Ancak bu y\u00f6ntem de i\u015fe yaramad\u0131. S\u0131\u011f\u0131rlar ihtiyac\u0131 kar\u0131\u015flamaya yetmezken, fiyatlarda da indirim ger\u00e7ekle\u015fmedi. Kasaplar, Et ve S\u00fct Kurumu&#8217;ndan ald\u0131klar\u0131 Afrika s\u0131\u011f\u0131rlar\u0131n\u0131 kemikli, kilogram ba\u015f\u0131 155 liradan sat\u0131n al\u0131p 220 liradan sat\u0131\u015fa sundu. Halihaz\u0131rda yerli s\u0131\u011f\u0131r\u0131n kemikli fiyat\u0131n\u0131 220 lira. Besici ve \u00fcretici Burhan Av\u015far, \u201cDi\u015fi hayvanlar\u0131n bilin\u00e7siz ve kontrols\u00fczce kesilmesi hayvan s\u0131k\u0131nt\u0131s\u0131 yaratt\u0131. Tez zamanda \u00fcretici do\u011fru bi\u00e7imde desteklenmeli, te\u015fvik edilmeli ve ana\u00e7 s\u00fct hayvanlar\u0131n\u0131n kesimi acil durdurulmal\u0131\u201d diye konu\u015ftu.<\/p>\n<p><b><span>Kurbanl\u0131k talebinde y\u00fczde 60 d\u00fc\u015f\u00fc\u015f<\/span><\/b><\/p>\n<p>\u2013\u00a0Besici ve \u00fcretici Burhan Av\u015far, bu y\u0131l ge\u00e7en y\u0131la g\u00f6re kurbanl\u0131k talebinde y\u00fczde 60 oran\u0131nda bir d\u00fc\u015f\u00fc\u015f ya\u015fand\u0131\u011f\u0131n\u0131 belirtti. Av\u015far, \u201cYurt d\u0131\u015f\u0131ndan hayvan ithal edilmesi de sorunu \u00e7\u00f6zmedi. Bayram geldi kap\u0131ya dayand\u0131, ancak buna ra\u011fmen piyasalar \u00e7ok durgun. Y\u00fczde 60&#8217;l\u0131k bir d\u00fc\u015f\u00fc\u015f ya\u015f\u0131yoruz. Yerli \u00fcreticiyi desteklemek yerine halen yurt d\u0131\u015f\u0131ndan hayvan ithal edilerek soruna suni \u00e7\u00f6z\u00fcmler bulunmaya \u00e7al\u0131\u015f\u0131l\u0131yor. Bu asla \u00e7\u00f6z\u00fcm de\u011fil\u201d dedi.<\/p>\n<p><b><span>Ba\u011f\u0131\u015flar yurt d\u0131\u015f\u0131na yap\u0131l\u0131yor<\/span><\/b><\/p>\n<p>Et fiyatlar\u0131ndaki dalgalanmadan dolay\u0131 bu y\u0131l kurban ba\u011f\u0131\u015flar\u0131 da a\u011f\u0131rl\u0131kl\u0131 olarak yurt d\u0131\u015f\u0131na yap\u0131ld\u0131. Dernek ve vak\u0131flar taraf\u0131ndan kabul edilen kurban ba\u011f\u0131\u015flar\u0131 i\u00e7in 5 bin lira \u00f6denirken, ba\u011f\u0131\u015f yurt d\u0131\u015f\u0131na yap\u0131ld\u0131\u011f\u0131nda ise \u00f6denen \u00fccret 2 bin liraya d\u00fc\u015f\u00fcyor. Hal b\u00f6yle olunca kurban ba\u011f\u0131\u015flar\u0131 ba\u015fta Afrika k\u0131tas\u0131 olmak \u00fczere daha \u00e7ok yoksun \u00fclkelere yap\u0131ld\u0131.<\/p>\n","protected":false},"excerpt":{"rendered":"<p>Et ve S\u00fct Kurumu, b\u00fcy\u00fckba\u015f hayvan sorununa kar\u015f\u0131 ithalata y\u00f6neldi. Afrika\u2019ya \u00f6zg\u00fc olan h\u00f6rg\u00fc\u00e7l\u00fc s\u0131\u011f\u0131rlar dahi al\u0131nmas\u0131na ra\u011fmen, artan fiyatlar\u0131n \u00f6n\u00fcne ge\u00e7ilemedi.<\/p>\n","protected":false},"author":1,"featured_media":104998,"comment_status":"closed","ping_status":"open","sticky":false,"template":"","format":"standard","meta":{"footnotes":""},"categories":[25],"tags":[3973,244,245,78,607],"class_list":["post-104997","post","type-post","status-publish","format-standard","has-post-thumbnail","hentry","category-ekonomi","tag-afrika","tag-hayvan","tag-kurban","tag-lira","tag-yurt"],"_links":{"self":[{"href":"https:\/\/haberulus.net\/index.php?rest_route=\/wp\/v2\/posts\/104997","targetHints":{"allow":["GET"]}}],"collection":[{"href":"https:\/\/haberulus.net\/index.php?rest_route=\/wp\/v2\/posts"}],"about":[{"href":"https:\/\/haberulus.net\/index.php?rest_route=\/wp\/v2\/types\/post"}],"author":[{"embeddable":true,"href":"https:\/\/haberulus.net\/index.php?rest_route=\/wp\/v2\/users\/1"}],"replies":[{"embeddable":true,"href":"https:\/\/haberulus.net\/index.php?rest_route=%2Fwp%2Fv2%2Fcomments&post=104997"}],"version-history":[{"count":1,"href":"https:\/\/haberulus.net\/index.php?rest_route=\/wp\/v2\/posts\/104997\/revisions"}],"predecessor-version":[{"id":104999,"href":"https:\/\/haberulus.net\/index.php?rest_route=\/wp\/v2\/posts\/104997\/revisions\/104999"}],"wp:featuredmedia":[{"embeddable":true,"href":"https:\/\/haberulus.net\/index.php?rest_route=\/wp\/v2\/media\/104998"}],"wp:attachment":[{"href":"https:\/\/haberulus.net\/index.php?rest_route=%2Fwp%2Fv2%2Fmedia&parent=104997"}],"wp:term":[{"taxonomy":"category","embeddable":true,"href":"https:\/\/haberulus.net\/index.php?rest_route=%2Fwp%2Fv2%2Fcategories&post=104997"},{"taxonomy":"post_tag","embeddable":true,"href":"https:\/\/haberulus.net\/index.php?rest_route=%2Fwp%2Fv2%2Ftags&post=104997"}],"curies":[{"name":"wp","href":"https:\/\/api.w.org\/{rel}","templated":true}]}}