{"id":105006,"date":"2023-06-26T05:05:03","date_gmt":"2023-06-26T05:05:03","guid":{"rendered":"https:\/\/haberulus.net\/?p=105006"},"modified":"2023-06-26T05:05:03","modified_gmt":"2023-06-26T05:05:03","slug":"kubadan-moskova-yonetimine-destek-geldi","status":"publish","type":"post","link":"https:\/\/haberulus.net\/?p=105006","title":{"rendered":"K\u00fcba\u2019dan Moskova y\u00f6netimine destek geldi"},"content":{"rendered":"<p>K\u00fcba Devlet Ba\u015fkan\u0131 Miguel Diaz-Canel, Wagner grubunun Rus y\u00f6netimine isyan\u0131n\u0131n ard\u0131ndan Rusya Devlet Ba\u015fkan\u0131 Vladimir Putin\u2019e dayan\u0131\u015fma mesaj\u0131 yollad\u0131.<\/p>\n<p>Twitter hesab\u0131ndaki payla\u015f\u0131m\u0131nda, Rusya\u2019n\u0131n birli\u011finin ve anayasal d\u00fczeninin galip \u00e7\u0131kaca\u011f\u0131na olan inanc\u0131n\u0131 dile getiren Canel, Putin\u2019e destek verdi.<\/p>\n<p>Canel, \u201c\u00dclkede ya\u015fan\u0131lan silahl\u0131 ayaklanma ve k\u0131\u015fk\u0131rt\u0131lma giri\u015fimleri kar\u015f\u0131s\u0131nda, K\u00fcba halk\u0131n\u0131n ve h\u00fck\u00fcmetinin, sayg\u0131 de\u011fer Devlet Ba\u015fkan\u0131 Putin\u2019e ve Rusya Federasyonu\u2019nun karde\u015f halk\u0131na dayan\u0131\u015fmas\u0131n\u0131 belirtiyorum.\u201d ifadesini kulland\u0131.<\/p>\n<p><strong>TANS\u0130YON HIZLA Y\u00dcKSELD\u0130<\/strong><\/p>\n<p>\u00d6zel g\u00fcvenlik \u015firketi Wagner\u2019in kurucusu Yevgeniy Prigojin, Rus ordusunu Wagner\u2019e sald\u0131r\u0131 d\u00fczenlemekle su\u00e7lay\u0131p kar\u015f\u0131l\u0131k vermekle tehdit etmi\u015f, Wagner sava\u015f\u00e7\u0131lar\u0131 Ukrayna\u2019y\u0131 terk ederek s\u0131n\u0131rdaki Rostov b\u00f6lgesine girmi\u015fti.<\/p>\n<p>Rusya Devlet Ba\u015fkan\u0131 Vladimir Putin, Wagner\u2019in isyan\u0131n\u0131 \u201cvatana ihanet\u201d olarak nitelendirmi\u015fti.<\/p>\n<p>Prigojin, Moskova\u2019ya gideceklerini a\u00e7\u0131klam\u0131\u015f, Kremlin y\u00f6netimi ise \u00fclkenin pek \u00e7ok b\u00f6lgesinde g\u00fcvenlik \u00f6nlemlerini art\u0131rm\u0131\u015ft\u0131.<\/p>\n<p>Yevgeniy Prigojin\u2019in, Belarus Cumhurba\u015fkan\u0131 Aleksandr Luka\u015fenko\u2019nun Rusya\u2019da gerilimi azaltma \u00f6nerisini d\u00fcn kabul etti\u011fi bildirilmi\u015fti.<\/p>\n<p>Kremlin S\u00f6zc\u00fcs\u00fc Dmitriy Peskov, Prigojin\u2019e y\u00f6nelik a\u00e7\u0131lan ceza davas\u0131n\u0131n kapanaca\u011f\u0131n\u0131 belirterek, isyanc\u0131 liderinin Belarus\u2019a gidece\u011fini bildirmi\u015fti. <strong>(AA)<\/strong><\/p>\n","protected":false},"excerpt":{"rendered":"<p>Rusya&#8217;da hafta sonu ya\u015fanan gerilim ile ilgili olarak K\u00fcba&#8217;dan Moskova&#8217;ya destek geldi.<\/p>\n","protected":false},"author":1,"featured_media":105007,"comment_status":"closed","ping_status":"open","sticky":false,"template":"","format":"standard","meta":{"footnotes":""},"categories":[24],"tags":[69,5020],"class_list":["post-105006","post","type-post","status-publish","format-standard","has-post-thumbnail","hentry","category-dunya","tag-rus","tag-wagner"],"_links":{"self":[{"href":"https:\/\/haberulus.net\/index.php?rest_route=\/wp\/v2\/posts\/105006","targetHints":{"allow":["GET"]}}],"collection":[{"href":"https:\/\/haberulus.net\/index.php?rest_route=\/wp\/v2\/posts"}],"about":[{"href":"https:\/\/haberulus.net\/index.php?rest_route=\/wp\/v2\/types\/post"}],"author":[{"embeddable":true,"href":"https:\/\/haberulus.net\/index.php?rest_route=\/wp\/v2\/users\/1"}],"replies":[{"embeddable":true,"href":"https:\/\/haberulus.net\/index.php?rest_route=%2Fwp%2Fv2%2Fcomments&post=105006"}],"version-history":[{"count":1,"href":"https:\/\/haberulus.net\/index.php?rest_route=\/wp\/v2\/posts\/105006\/revisions"}],"predecessor-version":[{"id":105008,"href":"https:\/\/haberulus.net\/index.php?rest_route=\/wp\/v2\/posts\/105006\/revisions\/105008"}],"wp:featuredmedia":[{"embeddable":true,"href":"https:\/\/haberulus.net\/index.php?rest_route=\/wp\/v2\/media\/105007"}],"wp:attachment":[{"href":"https:\/\/haberulus.net\/index.php?rest_route=%2Fwp%2Fv2%2Fmedia&parent=105006"}],"wp:term":[{"taxonomy":"category","embeddable":true,"href":"https:\/\/haberulus.net\/index.php?rest_route=%2Fwp%2Fv2%2Fcategories&post=105006"},{"taxonomy":"post_tag","embeddable":true,"href":"https:\/\/haberulus.net\/index.php?rest_route=%2Fwp%2Fv2%2Ftags&post=105006"}],"curies":[{"name":"wp","href":"https:\/\/api.w.org\/{rel}","templated":true}]}}