{"id":105051,"date":"2023-06-26T06:51:03","date_gmt":"2023-06-26T06:51:03","guid":{"rendered":"https:\/\/haberulus.net\/?p=105051"},"modified":"2023-06-26T06:51:03","modified_gmt":"2023-06-26T06:51:03","slug":"tum-gozler-rusyadayken-ingiliz-komutan-uyardi-yeni-cephe-acildi","status":"publish","type":"post","link":"https:\/\/haberulus.net\/?p=105051","title":{"rendered":"T\u00fcm g\u00f6zler Rusya\u2019dayken \u0130ngiliz komutan uyard\u0131: Yeni cephe a\u00e7\u0131ld\u0131"},"content":{"rendered":"<p>D\u00fcnyada g\u00fcndem, Ukrayna sava\u015f\u0131nda kritik rol oynayan Rus paral\u0131 asker grubu Wagner&#8217;in Rusya Devlet Ba\u015fkan\u0131 Vladimir Putin&#8217;e meydan okumas\u0131yla \u00fclkede ya\u015fanan k\u0131sa s\u00fcreli darbe giri\u015fimi.<\/p>\n<p>Ayaklanma, Wagner sava\u015f\u00e7\u0131lar\u0131 Moskova&#8217;ya ilerlerken sa\u011flanan anla\u015fmayla birka\u00e7 saat sonra sona erdi ancak Rusya i\u00e7inde b\u00fcy\u00fck bir sars\u0131nt\u0131ya yol a\u00e7t\u0131. Putin&#8217;in iktidar\u0131n\u0131 sallayan olay sonras\u0131 isyan\u0131n \u00f6nc\u00fcs\u00fc Wagner lideri Yevgeni Prigojin Belarus&#8217;a gitmeyi kabul etti.<\/p>\n<p>Putin taraf\u0131ndan \u201chain\u201d ilan edilen Prigojin&#8217;in ve Wagner&#8217;in ak\u0131beti tart\u0131\u015fma yarat\u0131rken \u0130ngiltere&#8217;den \u00e7arp\u0131c\u0131 bir uyar\u0131 geldi. \u0130ngiliz ordusunun \u00f6nde gelen isimlerinden eski Genelkurmay Ba\u015fkan\u0131 Richard Dannatt, Prigojin&#8217;in Belarus&#8217;a gitmesiyle Ukrayna sava\u015f\u0131nda yeni bir cephe a\u00e7\u0131ld\u0131\u011f\u0131n\u0131 s\u00f6yledi.<\/p>\n<div><img decoding=\"async\" src=\"https:\/\/i01.sozcucdn.com\/wp-content\/uploads\/2023\/06\/26\/prigozin-reuters.jpg\" alt=\"\" title=\"\"><\/p>\n<p>Prigojin, \u00f6nceki g\u00fcn yap\u0131lan anla\u015fma sonras\u0131 Rusya\u2019da Wagner sava\u015f\u00e7\u0131lar\u0131n\u0131n ele ge\u00e7irdi\u011fi Rostov\u2019daki karargahtan ayr\u0131ld\u0131.<\/p>\n<\/div>\n<p>Prigojin&#8217;in Putin&#8217;le yapt\u0131\u011f\u0131 anla\u015fman\u0131n ayr\u0131nt\u0131lar\u0131n\u0131n bilinmedi\u011fine dikkat \u00e7eken Dannatt, Wagner liderinin Belarus&#8217;tan Ukrayna&#8217;ya sava\u015f a\u00e7abilece\u011fini s\u00f6yledi ve \u201cUkrayna, Belarus s\u0131n\u0131r\u0131na \u00e7ok dikkat etmeli\u201d dedi.<\/p>\n<p><strong>\u2018ZELENSK\u0130Y SINIRA ASKER G\u00d6NDERMEL\u0130\u2019<\/strong><\/p>\n<p>Ayaklanmadan neredeyse 24 saat sonra Belarus lideri Aleksand\u0131r Luka\u015fenko arabuluculu\u011funda sa\u011flanan anla\u015fmayla Prigojin, Belarus&#8217;a gitmeyi kabul etmi\u015fti.<\/p>\n<p>Onun ve Wagner sava\u015f\u00e7\u0131lar\u0131n\u0131n ceza almamas\u0131n\u0131 \u00f6ng\u00f6ren anla\u015fman\u0131n Ukrayna sava\u015f\u0131 a\u00e7\u0131s\u0131ndan yeni riskler bar\u0131nd\u0131rd\u0131\u011f\u0131n\u0131 savunan \u0130ngiliz komutan, Sky News&#8217;e yapt\u0131\u011f\u0131 a\u00e7\u0131klamada \u201cNe kadar sava\u015f\u00e7\u0131n\u0131n Prigojin&#8217;le birlikte gitti\u011fini bilmiyoruz. Bence bu durum endi\u015fe verici. Etkin bir sava\u015f g\u00fcc\u00fcn\u00fc koruduysa bu Ukrayna&#8217;ya kuzeyden tehdit yaratabilir\u201d diye konu\u015ftu.<\/p>\n<p>Ukrayna&#8217;n\u0131n Belarus s\u0131n\u0131r\u0131, ba\u015fkent Kiev&#8217;e yakla\u015f\u0131k 160 kilometre uzakl\u0131kta. Dannatt, Ukrayna lideri Volodimir Zelenskiy&#8217;e h\u0131zla bu s\u0131n\u0131ra daha fazla asker g\u00f6nderme \u00e7a\u011fr\u0131s\u0131 yaparak \u201cRuslar bu noktay\u0131 daha \u00f6nce de kullanm\u0131\u015ft\u0131 ve yine yapabilirler\u201d ifadesini kulland\u0131.<\/p>\n","protected":false},"excerpt":{"rendered":"<p>Ukrayna i\u015fgalinin 16. ay\u0131nda Rusya\u2019da ya\u015fanan darbe giri\u015fimi d\u00fcnya g\u00fcndeminin ilk s\u0131ras\u0131nda yer almaya devam ediyor. Putin\u2019i sarsan ayaklanma Kiev\u2019i memnun etti ama \u0130ngiltere\u2019nin eski Genelkurmay Ba\u015fkan\u0131 Richard Dannatt, isyanc\u0131 Wagner lideri Prigojin\u2019in Belarus\u2019a gitmesiyle Ukrayna\u2019n\u0131n b\u00fcy\u00fck tehdit alt\u0131nda oldu\u011fu uyar\u0131s\u0131 yapt\u0131.<\/p>\n","protected":false},"author":1,"featured_media":105052,"comment_status":"closed","ping_status":"open","sticky":false,"template":"","format":"standard","meta":{"footnotes":""},"categories":[24],"tags":[514,11280,802,38,5020],"class_list":["post-105051","post","type-post","status-publish","format-standard","has-post-thumbnail","hentry","category-dunya","tag-belarus","tag-prigojin","tag-savas","tag-ukrayna","tag-wagner"],"_links":{"self":[{"href":"https:\/\/haberulus.net\/index.php?rest_route=\/wp\/v2\/posts\/105051","targetHints":{"allow":["GET"]}}],"collection":[{"href":"https:\/\/haberulus.net\/index.php?rest_route=\/wp\/v2\/posts"}],"about":[{"href":"https:\/\/haberulus.net\/index.php?rest_route=\/wp\/v2\/types\/post"}],"author":[{"embeddable":true,"href":"https:\/\/haberulus.net\/index.php?rest_route=\/wp\/v2\/users\/1"}],"replies":[{"embeddable":true,"href":"https:\/\/haberulus.net\/index.php?rest_route=%2Fwp%2Fv2%2Fcomments&post=105051"}],"version-history":[{"count":1,"href":"https:\/\/haberulus.net\/index.php?rest_route=\/wp\/v2\/posts\/105051\/revisions"}],"predecessor-version":[{"id":105053,"href":"https:\/\/haberulus.net\/index.php?rest_route=\/wp\/v2\/posts\/105051\/revisions\/105053"}],"wp:featuredmedia":[{"embeddable":true,"href":"https:\/\/haberulus.net\/index.php?rest_route=\/wp\/v2\/media\/105052"}],"wp:attachment":[{"href":"https:\/\/haberulus.net\/index.php?rest_route=%2Fwp%2Fv2%2Fmedia&parent=105051"}],"wp:term":[{"taxonomy":"category","embeddable":true,"href":"https:\/\/haberulus.net\/index.php?rest_route=%2Fwp%2Fv2%2Fcategories&post=105051"},{"taxonomy":"post_tag","embeddable":true,"href":"https:\/\/haberulus.net\/index.php?rest_route=%2Fwp%2Fv2%2Ftags&post=105051"}],"curies":[{"name":"wp","href":"https:\/\/api.w.org\/{rel}","templated":true}]}}