{"id":105312,"date":"2023-06-26T12:35:06","date_gmt":"2023-06-26T12:35:06","guid":{"rendered":"https:\/\/haberulus.net\/?p=105312"},"modified":"2023-06-26T12:35:06","modified_gmt":"2023-06-26T12:35:06","slug":"kurban-bayrami-ne-zaman-basliyor-ne-zaman-bitiyor","status":"publish","type":"post","link":"https:\/\/haberulus.net\/?p=105312","title":{"rendered":"Kurban bayram\u0131 ne zaman ba\u015fl\u0131yor, ne zaman bitiyor?"},"content":{"rendered":"<p>Zenginliklerin payla\u015f\u0131lmas\u0131, yard\u0131mla\u015fma ve dayan\u0131\u015fman\u0131n \u00f6nemini g\u00f6steren Kurban bayram\u0131 i\u00e7in geri say\u0131m ba\u015flad\u0131. Dini bayramlar\u0131n ikincisi olan Kurban bayram\u0131 d\u00f6rt g\u00fcn s\u00fcrecek.<\/p>\n<p><strong>KURBAN BAYRAMI NE ZAMAN?<\/strong><\/p>\n<p>2023 Kurban Bayram\u0131 arefe g\u00fcn\u00fc 27 Haziran Sal\u0131 g\u00fcn\u00fcne denk geliyor.<\/p>\n<p>2023 Kurban Bayram\u0131 1. g\u00fcn ise 28 Haziran \u00c7ar\u015famba g\u00fcn\u00fc ba\u015fl\u0131yor. D\u00f6rt g\u00fcn s\u00fcrecek olan bayram 1 Temmuz Cumartesi g\u00fcn\u00fc sona eriyor.<\/p>\n<p>Kurban Bayram\u0131 1. G\u00fcn\u00fc: 28 Haziran \u00c7ar\u015famba<\/p>\n<p>Kurban Bayram\u0131 2. G\u00fcn\u00fc: 29 Haziran Per\u015fembe<\/p>\n<p>Kurban Bayram\u0131 3. G\u00fcn\u00fc: 30 Haziran Cuma<\/p>\n<p>Kurban Bayram\u0131 4. G\u00fcn\u00fc: 1 Temmuz Cumartesi<\/p>\n<p><strong>KURBAN \u0130BADET\u0130N\u0130N H\u00dcKM\u00dc NED\u0130R?<\/strong><\/p>\n<p>S\u00f6zl\u00fckte yakla\u015fmak, Allah&#8217;a yak\u0131nla\u015fmaya vesile olan \u015fey anlamlar\u0131na gelen kurban din\u00ee bir terim olarak, Allah&#8217;a yakla\u015fmak ve O&#8217;nun r\u0131zas\u0131na ermek i\u00e7in ibadet maksad\u0131yla, belirli \u015fartlar\u0131 ta\u015f\u0131yan hayvan\u0131 us\u00fbl\u00fcne uygun olarak kesmeyi ve bu ama\u00e7la kesilen hayvan\u0131 ifade eder (\u0130bn \u00c2bid\u00een, Redd\u00fc&#8217;l-muht\u00e2r, IX, 452). Kurban bayram\u0131nda kesilen kurbana udhiyye, hacda kesilen kurbana ise hedy denir.<\/p>\n<p>Ak\u0131l sa\u011fl\u0131\u011f\u0131 yerinde, h\u00fcr, mukim ve din\u00ee \u00f6l\u00e7\u00fclere g\u00f6re zengin say\u0131lan m\u00fcmin, il\u00e2h\u00ee r\u0131zay\u0131 kazanmak gayesiyle kurban\u0131n\u0131 kesmekle hem Cenab-\u0131 Hakk&#8217;a yakla\u015fmakta, hem de maddi durumlar\u0131n\u0131n yetersiz olmas\u0131 sebebiyle kurban kesemeyenlere yard\u0131mda bulunmaktad\u0131r (Serahs\u00ee, el-Mebs\u00fbt, XII, 8; \u0130bn N\u00fcceym, el-Bahr, VIII, 197). Bu ibadetin ruhunda Hakk&#8217;a yak\u0131nl\u0131k ve halka fedak\u00e2rl\u0131kta bulunma anlay\u0131\u015f\u0131 vard\u0131r. Kurban, bir m\u00fcsl\u00fcman\u0131n b\u00fct\u00fcn varl\u0131\u011f\u0131n\u0131, gerekti\u011finde Allah yolunda feda etmeye haz\u0131r oldu\u011funun bir ni\u015fanesidir.<\/p>\n<p>Mezheplerin \u00e7o\u011funa g\u00f6re udhiyye kurban\u0131 kesmek s\u00fcnnettir (\u0130bn R\u00fc\u015fd, Bid\u00e2ye, I, 429). Hanef\u00ee mezhebinde ise tercih edilen g\u00f6r\u00fc\u015f, kurban\u0131n vacip oldu\u011fudur (Mer\u011f\u00een\u00e2n\u00ee, el-Hid\u00e2ye, VII, 146). Kurban, -f\u0131kh\u00ee h\u00fckm\u00fc ne olursa olsun- m\u00fcsl\u00fcman toplumlar\u0131n belirli simgesi ve \u015fiar\u0131 say\u0131lan ibadetlerden biri olarak as\u0131rlardan beri \u00f6zellikle milletimizin din\u00ee hayat\u0131nda \u00f6nemli bir yer tutmaktad\u0131r.<\/p>\n","protected":false},"excerpt":{"rendered":"<p>\u0130slam dini taraf\u0131ndan belirlenen takvime g\u00f6re, her y\u0131l\u0131n d\u00f6rd\u00fcnc\u00fc ay\u0131n\u0131n onuncu g\u00fcn\u00fcnden itibaren d\u00f6rt g\u00fcn s\u00fcren Kurban bayram\u0131 kutlan\u0131yor. Kurban Bayram\u0131 1. g\u00fcn\u00fc 28 Haziran \u00c7ar\u015famba g\u00fcn\u00fc kutlanacak, 1 Temmuz Cumartesi g\u00fcn\u00fc sona eriyor. Kurban Bayram\u0131, M\u00fcsl\u00fcman topluluklar\u0131nda \u00f6nemli bir dini ve sosyal etkinlik olup, inan\u00e7, payla\u015fma, dayan\u0131\u015fma ve sevgi gibi de\u011ferleri peki\u015ftirir.<\/p>\n","protected":false},"author":1,"featured_media":105313,"comment_status":"closed","ping_status":"open","sticky":false,"template":"","format":"standard","meta":{"footnotes":""},"categories":[26],"tags":[82,66,245,1070],"class_list":["post-105312","post","type-post","status-publish","format-standard","has-post-thumbnail","hentry","category-gundem","tag-gun","tag-haziran","tag-kurban","tag-kurban-bayrami"],"_links":{"self":[{"href":"https:\/\/haberulus.net\/index.php?rest_route=\/wp\/v2\/posts\/105312","targetHints":{"allow":["GET"]}}],"collection":[{"href":"https:\/\/haberulus.net\/index.php?rest_route=\/wp\/v2\/posts"}],"about":[{"href":"https:\/\/haberulus.net\/index.php?rest_route=\/wp\/v2\/types\/post"}],"author":[{"embeddable":true,"href":"https:\/\/haberulus.net\/index.php?rest_route=\/wp\/v2\/users\/1"}],"replies":[{"embeddable":true,"href":"https:\/\/haberulus.net\/index.php?rest_route=%2Fwp%2Fv2%2Fcomments&post=105312"}],"version-history":[{"count":1,"href":"https:\/\/haberulus.net\/index.php?rest_route=\/wp\/v2\/posts\/105312\/revisions"}],"predecessor-version":[{"id":105314,"href":"https:\/\/haberulus.net\/index.php?rest_route=\/wp\/v2\/posts\/105312\/revisions\/105314"}],"wp:featuredmedia":[{"embeddable":true,"href":"https:\/\/haberulus.net\/index.php?rest_route=\/wp\/v2\/media\/105313"}],"wp:attachment":[{"href":"https:\/\/haberulus.net\/index.php?rest_route=%2Fwp%2Fv2%2Fmedia&parent=105312"}],"wp:term":[{"taxonomy":"category","embeddable":true,"href":"https:\/\/haberulus.net\/index.php?rest_route=%2Fwp%2Fv2%2Fcategories&post=105312"},{"taxonomy":"post_tag","embeddable":true,"href":"https:\/\/haberulus.net\/index.php?rest_route=%2Fwp%2Fv2%2Ftags&post=105312"}],"curies":[{"name":"wp","href":"https:\/\/api.w.org\/{rel}","templated":true}]}}