{"id":105363,"date":"2023-06-26T13:35:10","date_gmt":"2023-06-26T13:35:10","guid":{"rendered":"https:\/\/haberulus.net\/?p=105363"},"modified":"2023-06-26T13:35:10","modified_gmt":"2023-06-26T13:35:10","slug":"merdiven-alti-urunlere-dikkat","status":"publish","type":"post","link":"https:\/\/haberulus.net\/?p=105363","title":{"rendered":"Merdiven alt\u0131 \u00fcr\u00fcnlere dikkat"},"content":{"rendered":"<p>Prof. Dr. Do\u011fan Nas\u0131r Binici, sa\u011fl\u0131ks\u0131z ko\u015fullarda \u00fcretilen \u00e7ikolata ve \u015fekerlemelerin hastal\u0131klara davetiye \u00e7\u0131kard\u0131\u011f\u0131n\u0131, bayram d\u00f6nemlerinde \u00f6zellikle tatl\u0131, \u015feker ve \u00e7ikolata t\u00fcketiminde \u00f6nemli art\u0131\u015f ya\u015fand\u0131\u011f\u0131n\u0131 belirtti.<\/p>\n<p>Binici, hijyenik ko\u015fullardan yoksun, \u201cmerdiven alt\u0131\u201d diye tabir edilen ortamlarda \u00fcretilen \u015feker, tatl\u0131 ve \u00e7ikolata gibi \u00fcr\u00fcnlerin t\u00fcketiminin, kan \u015fekeri ile kolesterolde ani y\u00fckselmelere neden olabildi\u011fini s\u00f6yledi.<\/p>\n<p><strong>\u201cBAYAT \u00dcR\u00dcNLER ER\u0130T\u0130LEREK YEN\u0130DEN SATI\u015eA SUNULUYOR\u201d<\/strong><\/p>\n<p>Merdiven alt\u0131 \u00fcreticilerin, maliyeti d\u00fc\u015f\u00fcrmek i\u00e7in \u015feker pancar\u0131ndan yap\u0131lacak tatl\u0131lar\u0131 sentetik tatland\u0131r\u0131c\u0131larla yapt\u0131\u011f\u0131n\u0131 dile getiren Binici, \u201cT\u00fcketim s\u00fcresi ge\u00e7mi\u015f bayat \u00fcr\u00fcnler eritilerek yeniden sat\u0131\u015fa sunuluyor. Merdiven alt\u0131 dedi\u011fimiz sa\u011fl\u0131ks\u0131z, hijyenden yoksun \u00fcr\u00fcnlerde \u00f6zelikle kimyasal madde i\u00e7eren g\u0131da renklendiriciler, katk\u0131 maddeleri ve tatland\u0131r\u0131c\u0131lar kullan\u0131l\u0131yor, bunlar eri\u015fkin ve \u00e7ocuk sa\u011fl\u0131\u011f\u0131 i\u00e7in tehlike arz ediyor. Bu t\u00fcr \u00fcretim yerlerinde, insanlarda hastal\u0131k yapan bir\u00e7ok mikroorganizman\u0131n bar\u0131nmas\u0131 hastal\u0131klara davetiye \u00e7\u0131karmaktad\u0131r\u201ddedi.<\/p>\n<p>Binici, \u00f6zellikle bayram s\u00fcresince t\u00fcketilecek \u015feker, \u00e7ikolata, tatl\u0131 ve lokum gibi \u00fcr\u00fcnlerin \u00f6zelikle T\u00fcrk G\u0131da Kodeksine uygun, tan\u0131nm\u0131\u015f ve bilinir markalardan al\u0131nmas\u0131n\u0131 \u00f6nerdi.<\/p>\n<p><strong>\u00c7OCUKLARDA D\u0130KKAT EKS\u0130KL\u0130\u011e\u0130N\u0130 TET\u0130KL\u0130YOR<\/strong><\/p>\n<p>Merdiven alt\u0131 \u00fcr\u00fcnlerin kullan\u0131lmas\u0131 sonucu mide bulant\u0131s\u0131, kusma ve ishal gibi \u015fikayetlerle acillere yo\u011fun ba\u015fvuru oldu\u011funu ifade eden Prof. Dr. Binici, \u015f\u00f6yle devam etti:<\/p>\n<p>\u201cBayram al\u0131\u015fveri\u015flerinde \u00fcr\u00fcnlerin \u00f6zellikle ambalaj\u0131 d\u00fczg\u00fcn, t\u00fcketim tarihine mutlaka dikkatle bakmal\u0131y\u0131z. T\u00fcketim tarihi ge\u00e7mi\u015f, ambalaj\u0131 bozulmu\u015f, rengi solmu\u015f, kokan, parlak olmayan mat renkli \u00fcr\u00fcnlerden uzak durulmal\u0131. Merdiven alt\u0131 \u00fcr\u00fcnlerin i\u00e7erisindeki kimyasal tatland\u0131r\u0131c\u0131, renklendirici ve katk\u0131 maddeleri eri\u015fkin ve \u00e7ocuklarda mide-ba\u011f\u0131rsak enfeksiyonlar\u0131, sindirim, haz\u0131ms\u0131zl\u0131k gibi \u015fikayetlere, alerjik b\u00fcnyesi olanlarda ise deri d\u00f6k\u00fcnt\u00fclerine yol a\u00e7maktad\u0131r. \u00d6zellikle ast\u0131m bron\u015fiti ve dikkat eksikli\u011fi olan \u00e7ocuklarda ise bu hastal\u0131klar\u0131 alevlendirebilir.\u201d<\/p>\n<p>Kronik hastal\u0131\u011f\u0131 olanlar\u0131n bayramda mevcut diyetlerine uymay\u0131p d\u00fczenli kullanmalar\u0131 gereken ila\u00e7lar\u0131 almad\u0131klar\u0131nda \u015feker komas\u0131, y\u00fcksek tansiyon, mevcut b\u00f6brek hastal\u0131klar\u0131nda tetiklenme ve gut ata\u011f\u0131 ile acil servislerde yo\u011funluk olu\u015fturdu\u011funa i\u015faret eden Binici, bayram sonras\u0131nda ise merdiven alt\u0131 \u00fcr\u00fcn t\u00fcketilmesine y\u00f6nelik poliklinik ba\u015fvurular\u0131nda ciddi art\u0131\u015f g\u00f6zlemlediklerini anlatt\u0131. (AA)<\/p>\n","protected":false},"excerpt":{"rendered":"<p>Sa\u011fl\u0131k Bilimleri \u00dcniversitesi Erzurum T\u0131p Fak\u00fcltesi \u0130\u00e7 Hastal\u0131klar\u0131 Anabilim Dal\u0131 Ba\u015fkan\u0131 Prof. Dr. Do\u011fan Nas\u0131r Binici, merdiven alt\u0131 \u00fcr\u00fcnlerin mide-ba\u011f\u0131rsak enfeksiyonunun yan\u0131 s\u0131ra ast\u0131m bron\u015fiti ve dikkat eksikli\u011fi olan \u00e7ocuklarda hastal\u0131\u011f\u0131 alevlendirdi\u011fini belirtti.<\/p>\n","protected":false},"author":1,"featured_media":105364,"comment_status":"closed","ping_status":"open","sticky":false,"template":"","format":"standard","meta":{"footnotes":""},"categories":[30],"tags":[12896,12897,631,1746,55],"class_list":["post-105363","post","type-post","status-publish","format-standard","has-post-thumbnail","hentry","category-saglik","tag-binici","tag-merdiven-alti","tag-seker","tag-tuketim","tag-urun"],"_links":{"self":[{"href":"https:\/\/haberulus.net\/index.php?rest_route=\/wp\/v2\/posts\/105363","targetHints":{"allow":["GET"]}}],"collection":[{"href":"https:\/\/haberulus.net\/index.php?rest_route=\/wp\/v2\/posts"}],"about":[{"href":"https:\/\/haberulus.net\/index.php?rest_route=\/wp\/v2\/types\/post"}],"author":[{"embeddable":true,"href":"https:\/\/haberulus.net\/index.php?rest_route=\/wp\/v2\/users\/1"}],"replies":[{"embeddable":true,"href":"https:\/\/haberulus.net\/index.php?rest_route=%2Fwp%2Fv2%2Fcomments&post=105363"}],"version-history":[{"count":1,"href":"https:\/\/haberulus.net\/index.php?rest_route=\/wp\/v2\/posts\/105363\/revisions"}],"predecessor-version":[{"id":105365,"href":"https:\/\/haberulus.net\/index.php?rest_route=\/wp\/v2\/posts\/105363\/revisions\/105365"}],"wp:featuredmedia":[{"embeddable":true,"href":"https:\/\/haberulus.net\/index.php?rest_route=\/wp\/v2\/media\/105364"}],"wp:attachment":[{"href":"https:\/\/haberulus.net\/index.php?rest_route=%2Fwp%2Fv2%2Fmedia&parent=105363"}],"wp:term":[{"taxonomy":"category","embeddable":true,"href":"https:\/\/haberulus.net\/index.php?rest_route=%2Fwp%2Fv2%2Fcategories&post=105363"},{"taxonomy":"post_tag","embeddable":true,"href":"https:\/\/haberulus.net\/index.php?rest_route=%2Fwp%2Fv2%2Ftags&post=105363"}],"curies":[{"name":"wp","href":"https:\/\/api.w.org\/{rel}","templated":true}]}}