{"id":105615,"date":"2023-06-27T07:19:02","date_gmt":"2023-06-27T07:19:02","guid":{"rendered":"https:\/\/haberulus.net\/?p=105615"},"modified":"2023-06-27T07:19:02","modified_gmt":"2023-06-27T07:19:02","slug":"kilicdarogluna-bir-darbe-de-yol-arkadasi-bulent-tezcandan-genel-baskanla-birlikte-tum-kadro-degismeli","status":"publish","type":"post","link":"https:\/\/haberulus.net\/?p=105615","title":{"rendered":"K\u0131l\u0131\u00e7daro\u011flu&#8217;na bir darbe de yol arkada\u015f\u0131 B\u00fclent Tezcan&#8217;dan: Genel ba\u015fkanla birlikte t\u00fcm kadro de\u011fi\u015fmeli"},"content":{"rendered":"<p> <strong>Se\u00e7im<\/strong> yenilgisinin ard\u0131ndan CHP Genel Ba\u015fkan\u0131 Kemal K\u0131l\u0131\u00e7daro\u011flu istifa \u00e7a\u011fr\u0131lar\u0131na kulak t\u0131kay\u0131p m\u00fccadele edece\u011fini s\u00f6yledi. Ancak K\u0131l\u0131\u00e7daro\u011flu&#8217;nun 2010&#8217;da genel ba\u015fkan se\u00e7ilmesi sonras\u0131 onun en yak\u0131n kurmaylar\u0131 aras\u0131nda yer alan CHP Ayd\u0131n Milletvekili B\u00fclent Tezcan da &#8220;de\u011fi\u015fim&#8221; mesaj\u0131 verdi. Tezcan, &#8220;13 y\u0131l genel ba\u015fkanl\u0131k yapt\u0131ktan sonra, bir kere de\u011fi\u015fim \u00f6ncelikle genel ba\u015fkanla olmal\u0131. Genel ba\u015fkanla birlikte liderlik kadrosunun de\u011fi\u015fmesi laz\u0131m. Ben de dahil&#8221; dedi.<\/p>\n<p><b>&#8220;RAD\u0130KAL VE KARARLI B\u0130R D\u00d6N\u00dc\u015e\u00dcM GEREK\u0130YOR&#8221;<\/b><\/p>\n<p>Se\u00e7imlerin ard\u0131ndan di\u011fer \u00fcyelerle birlikte istifas\u0131n\u0131 K\u0131l\u0131\u00e7daro\u011flu&#8217;na sunan ve yeni MYK&#8217;da g\u00f6rev almayan Tezcan BBC&#8217;nin sorular\u0131n\u0131 yan\u0131tlad\u0131. &#8220;Se\u00e7imden sonra partinizde de\u011fi\u015fim tart\u0131\u015fmas\u0131 ba\u015flad\u0131. Sizce de de\u011fi\u015fim art\u0131k zorunlu mu?&#8221; sorusunu yan\u0131tlayan Tezcan, \u015funlar\u0131 s\u00f6yledi: &#8220;Bir kere \u00f6nce \u015funu kabul edece\u011fiz. Bu se\u00e7imi kaybettik. Kaybettikten sonra da hi\u00e7bir \u015fey olmam\u0131\u015f gibi, her \u015fey normalmi\u015f gibi devam etmek m\u00fcmk\u00fcn de\u011fil. Yani ba\u015f\u0131m\u0131z\u0131 kuma g\u00f6m\u00fcp y\u00fcr\u00fcyemeyiz. Kayba g\u00f6re d\u00f6n\u00fcp ciddi durum de\u011ferlendirmesi yapmam\u0131z laz\u0131m. Art\u0131k bu mesele sadece 2024&#8217;teki yerel  <strong>se\u00e7im<\/strong> meselesi de\u011fil. \u00d6ncelikle o ama onun daha \u00f6tesinde. Ondan sonraki se\u00e7imlerde e\u011fer T\u00fcrkiye&#8217;nin kaderini de\u011fi\u015ftireceksek; T\u00fcrkiye&#8217;yi bu otoriter, pop\u00fclist rejimin cenderesinden \u00e7\u0131karacaksak CHP&#8217;nin tutumunu, i\u015f yapma bi\u00e7imini, siyaset yapma bi\u00e7imini tamam\u0131yla de\u011fi\u015ftirmek zorunday\u0131z. Bu, kararl\u0131 ve radikal bir d\u00f6n\u00fc\u015f\u00fcm\u00fc gerektiriyor.&#8221;<\/p>\n<p><img decoding=\"async\" src=\"https:\/\/i.hbrcdn.com\/haber\/2023\/06\/27\/kilicdaroglu-na-bir-darbe-de-yol-arkadasi-bulent-16068808_3413_m.jpg\" alt=\"\" title=\"\"><span>B\u00fclent Tezcan<\/span><\/p>\n<p><b>&#8220;GENEL BA\u015eKANI \u0130KNA ETMEM\u0130Z GEREK\u0130YOR&#8221;<\/b><\/p>\n<p>K\u0131l\u0131\u00e7daro\u011flu&#8217;nun yerel se\u00e7imlere kadar partinin ba\u015f\u0131nda olma y\u00f6n\u00fcnde mesaj verdi\u011fi hat\u0131rlat\u0131lan Tezcan, &#8220;Genel ba\u015fkan\u0131n a\u00e7\u0131klamalar\u0131ndan b\u00f6yle bir e\u011filim oldu\u011fu seziliyor. Ben bu do\u011frultuda Say\u0131n Genel Ba\u015fkan\u0131m\u0131z\u0131 da ikna etmemiz gerekti\u011fini d\u00fc\u015f\u00fcn\u00fcyorum. Say\u0131n Genel Ba\u015fkan\u0131n anlatt\u0131\u011f\u0131m bu tarihe bakarak, 2010 y\u0131l\u0131ndaki heyecana bakarak, bug\u00fcn geldi\u011fimiz noktaya bakarak, bu karara varaca\u011f\u0131na inan\u0131yorum. Bu; d\u00f6n\u00fc\u015f\u00fcm\u00fcn sanc\u0131s\u0131z, kararl\u0131 ve partinin b\u00fct\u00fcn dinamik g\u00fc\u00e7lerini tecr\u00fcbesiyle beraber, buraya katk\u0131da bulunacak \u015fekilde sa\u011fl\u0131kl\u0131 y\u00fcr\u00fcmesine neden olur, s\u00fcrece katk\u0131da bulunur. B\u00f6yle olmayabilir de. O zaman siyasetin do\u011fal, demokratik yar\u0131\u015f\u0131 vard\u0131r. O d\u00f6nemde do\u011fal demokratik yar\u0131\u015fa ili\u015fkin ben bir anlay\u0131\u015f koyuyorum. Bu anlay\u0131\u015f\u0131 partide do\u011fru bulan \u00e7ok say\u0131da arkada\u015f\u0131m\u0131z var. Onlar \u00e7\u0131karlar bu iddia do\u011frultusunda yola devam ederler. Bunu do\u011fru bulanlar b\u00f6yle bir liderlik etraf\u0131nda bulu\u015fur ve yoluna devam eder. Se\u00e7ilecek ki\u015fi, kim olursa olsun de\u011ferlidir.&#8221; dedi.<\/p>\n","protected":false},"excerpt":{"rendered":"<p>CHP Ayd\u0131n Milletvekili B\u00fclent Tezcan, se\u00e7imlerin ard\u0131ndan genel ba\u015fkan ve liderlik kadrosunda k\u00f6kl\u00fc bir de\u011fi\u015fim yap\u0131lmas\u0131 gerekti\u011fini belirtti. Art arda gelen de\u011fi\u015fim \u00e7a\u011fr\u0131lar\u0131n\u0131 dikkate almayan CHP lideri Kemal K\u0131l\u0131\u00e7daro\u011flu&#8217;nun yol arkada\u015flar\u0131ndan olan Tezcan, &#8220;13 y\u0131l genel ba\u015fkanl\u0131k yapt\u0131ktan sonra, bir kere de\u011fi\u015fim \u00f6ncelikle genel ba\u015fkanla olmal\u0131. Genel ba\u015fkanla birlikte liderlik kadrosunun de\u011fi\u015fmesi laz\u0131m. Ben de dahil&#8221; dedi.<\/p>\n","protected":false},"author":1,"featured_media":105616,"comment_status":"closed","ping_status":"open","sticky":false,"template":"","format":"standard","meta":{"footnotes":""},"categories":[28],"tags":[644,320,12214],"class_list":["post-105615","post","type-post","status-publish","format-standard","has-post-thumbnail","hentry","category-politika","tag-genel-baskani","tag-secim","tag-tezcan"],"_links":{"self":[{"href":"https:\/\/haberulus.net\/index.php?rest_route=\/wp\/v2\/posts\/105615","targetHints":{"allow":["GET"]}}],"collection":[{"href":"https:\/\/haberulus.net\/index.php?rest_route=\/wp\/v2\/posts"}],"about":[{"href":"https:\/\/haberulus.net\/index.php?rest_route=\/wp\/v2\/types\/post"}],"author":[{"embeddable":true,"href":"https:\/\/haberulus.net\/index.php?rest_route=\/wp\/v2\/users\/1"}],"replies":[{"embeddable":true,"href":"https:\/\/haberulus.net\/index.php?rest_route=%2Fwp%2Fv2%2Fcomments&post=105615"}],"version-history":[{"count":1,"href":"https:\/\/haberulus.net\/index.php?rest_route=\/wp\/v2\/posts\/105615\/revisions"}],"predecessor-version":[{"id":105617,"href":"https:\/\/haberulus.net\/index.php?rest_route=\/wp\/v2\/posts\/105615\/revisions\/105617"}],"wp:featuredmedia":[{"embeddable":true,"href":"https:\/\/haberulus.net\/index.php?rest_route=\/wp\/v2\/media\/105616"}],"wp:attachment":[{"href":"https:\/\/haberulus.net\/index.php?rest_route=%2Fwp%2Fv2%2Fmedia&parent=105615"}],"wp:term":[{"taxonomy":"category","embeddable":true,"href":"https:\/\/haberulus.net\/index.php?rest_route=%2Fwp%2Fv2%2Fcategories&post=105615"},{"taxonomy":"post_tag","embeddable":true,"href":"https:\/\/haberulus.net\/index.php?rest_route=%2Fwp%2Fv2%2Ftags&post=105615"}],"curies":[{"name":"wp","href":"https:\/\/api.w.org\/{rel}","templated":true}]}}