{"id":105687,"date":"2023-06-27T08:51:07","date_gmt":"2023-06-27T08:51:07","guid":{"rendered":"https:\/\/haberulus.net\/?p=105687"},"modified":"2023-06-27T08:51:07","modified_gmt":"2023-06-27T08:51:07","slug":"trumpin-basi-yine-belada-gizli-saldiri-planlarini-paylasmis","status":"publish","type":"post","link":"https:\/\/haberulus.net\/?p=105687","title":{"rendered":"Trump\u2019\u0131n ba\u015f\u0131 yine belada: Gizli sald\u0131r\u0131 planlar\u0131n\u0131 payla\u015fm\u0131\u015f"},"content":{"rendered":"<p>Eski ABD Ba\u015fkan\u0131 Donald Trump hakk\u0131nda 2021 y\u0131l\u0131nda ger\u00e7ekle\u015fen bir toplant\u0131ya dair yeni yay\u0131nlanan bir ses kayd\u0131, Trump\u2019\u0131n \u0130ran hakk\u0131nda \u201cgizli bir plan\u0131\u201d tart\u0131\u015ft\u0131\u011f\u0131n\u0131 ve bu plan\u0131n General Mark A. Milley ve Savunma Bakanl\u0131\u011f\u0131 taraf\u0131ndan haz\u0131rlanm\u0131\u015f oldu\u011funu ortaya koydu.<\/p>\n<p>The New York Times taraf\u0131ndan elde edilen ve CNN taraf\u0131ndan yay\u0131nlanan kayd\u0131n, Trump\u2019\u0131n gizli belge davas\u0131ndaki duru\u015fmas\u0131nda delil olarak kullan\u0131lmas\u0131 bekleniyor.<\/p>\n<p>Trump, ge\u00e7en hafta Fox News\u2019ten Bret Baier ile yapt\u0131\u011f\u0131 bir r\u00f6portajda, s\u00f6z konusu toplant\u0131da bir belge sunmad\u0131\u011f\u0131n\u0131 \u0131srarla belirtmi\u015fti. Ancak, ortaya \u00e7\u0131kan ses kayd\u0131, Trump\u2019\u0131n belirli bir gizli \u0130ran belgesinden bahsetti\u011fini g\u00f6steriyor.<\/p>\n<p>Toplant\u0131da Trump\u2019a, Mark Meadows\u2019\u0131n otobiyografisi \u00fczerinde \u00e7al\u0131\u015fan ki\u015filer ve Trump\u2019\u0131n kendi yard\u0131mc\u0131lar\u0131 da e\u015flik etmi\u015fti. Ses kayd\u0131na g\u00f6re Trump, belgeleri ziyaret\u00e7ilere g\u00f6steriyor ve bunu bir \u201csald\u0131r\u0131 plan\u0131\u201d olarak nitelendiriyor.<\/p>\n<p>Trump\u2019\u0131n s\u00f6zc\u00fcs\u00fc Steven Cheung, kayd\u0131n i\u00e7eri\u011fi hakk\u0131nda de\u011ferlendirme yapmaktan ka\u00e7\u0131nd\u0131. Bu ses kayd\u0131, Trump\u2019\u0131n evinde bulunan belgelerin sadece abartma veya yan\u0131ltma ama\u00e7l\u0131 oldu\u011funu iddia eden arg\u00fcmanlar\u0131n\u0131 \u00e7\u00fcr\u00fct\u00fcyor.<\/p>\n","protected":false},"excerpt":{"rendered":"<p>Eski ABD Ba\u015fkan\u0131 Trump&#8217;\u0131n bu sefer de ses kayd\u0131 y\u00fcz\u00fcnden ba\u015f\u0131 belada. ABD medyas\u0131nda Trump&#8217;\u0131n evinde bulunan gizli belgelerin onun dedi\u011fi gibi gazete kup\u00fcrleri olmad\u0131\u011f\u0131n\u0131 g\u00f6steren ses kayd\u0131 yay\u0131nland\u0131.<\/p>\n","protected":false},"author":1,"featured_media":105688,"comment_status":"closed","ping_status":"open","sticky":false,"template":"","format":"standard","meta":{"footnotes":""},"categories":[24],"tags":[3332,2471],"class_list":["post-105687","post","type-post","status-publish","format-standard","has-post-thumbnail","hentry","category-dunya","tag-belge","tag-trump"],"_links":{"self":[{"href":"https:\/\/haberulus.net\/index.php?rest_route=\/wp\/v2\/posts\/105687","targetHints":{"allow":["GET"]}}],"collection":[{"href":"https:\/\/haberulus.net\/index.php?rest_route=\/wp\/v2\/posts"}],"about":[{"href":"https:\/\/haberulus.net\/index.php?rest_route=\/wp\/v2\/types\/post"}],"author":[{"embeddable":true,"href":"https:\/\/haberulus.net\/index.php?rest_route=\/wp\/v2\/users\/1"}],"replies":[{"embeddable":true,"href":"https:\/\/haberulus.net\/index.php?rest_route=%2Fwp%2Fv2%2Fcomments&post=105687"}],"version-history":[{"count":1,"href":"https:\/\/haberulus.net\/index.php?rest_route=\/wp\/v2\/posts\/105687\/revisions"}],"predecessor-version":[{"id":105689,"href":"https:\/\/haberulus.net\/index.php?rest_route=\/wp\/v2\/posts\/105687\/revisions\/105689"}],"wp:featuredmedia":[{"embeddable":true,"href":"https:\/\/haberulus.net\/index.php?rest_route=\/wp\/v2\/media\/105688"}],"wp:attachment":[{"href":"https:\/\/haberulus.net\/index.php?rest_route=%2Fwp%2Fv2%2Fmedia&parent=105687"}],"wp:term":[{"taxonomy":"category","embeddable":true,"href":"https:\/\/haberulus.net\/index.php?rest_route=%2Fwp%2Fv2%2Fcategories&post=105687"},{"taxonomy":"post_tag","embeddable":true,"href":"https:\/\/haberulus.net\/index.php?rest_route=%2Fwp%2Fv2%2Ftags&post=105687"}],"curies":[{"name":"wp","href":"https:\/\/api.w.org\/{rel}","templated":true}]}}