{"id":105711,"date":"2023-06-27T09:21:04","date_gmt":"2023-06-27T09:21:04","guid":{"rendered":"https:\/\/haberulus.net\/?p=105711"},"modified":"2023-06-27T09:21:04","modified_gmt":"2023-06-27T09:21:04","slug":"italyan-ogretmenin-calismama-azmi-20-yil-ise-gitmeden-maas-aldi","status":"publish","type":"post","link":"https:\/\/haberulus.net\/?p=105711","title":{"rendered":"\u0130talyan \u00f6\u011fretmenin \u2018\u00e7al\u0131\u015fmama azmi\u2019: 20 y\u0131l i\u015fe gitmeden maa\u015f ald\u0131"},"content":{"rendered":"<p>\u0130talya&#8217;n\u0131n Venedik kenti yak\u0131nlar\u0131nda ya\u015fayan 56 ya\u015f\u0131ndaki \u00f6\u011fretmen Cinzio Paolina De Lio, 24 y\u0131lda sadece 4 y\u0131l i\u015fe giderek hat\u0131r\u0131 say\u0131l\u0131r bir \u201c\u00e7al\u0131\u015fmadan maa\u015f alma\u201d hikayesine imza att\u0131.<\/p>\n<p>De Lio, \u00e7al\u0131\u015fma hayat\u0131n\u0131n 20 y\u0131l\u0131n\u0131 hastal\u0131k izni, tatil ve konferanslara kat\u0131lma bahanesiyle ald\u0131\u011f\u0131 izinlerle ge\u00e7irdi. \u0130talya bas\u0131n\u0131na g\u00f6re \u201c\u00fclkenin en k\u00f6t\u00fc \u00e7al\u0131\u015fan\u0131\u201d se\u00e7ilen \u00f6\u011fretmen, neredeyse hi\u00e7 \u00e7al\u0131\u015fmadan y\u0131llarca maa\u015f ald\u0131.<\/p>\n<p>Edebiyat ve felsefe \u00f6\u011fretmeni kad\u0131n\u0131n g\u00f6rev yapt\u0131\u011f\u0131 ama pek g\u00f6r\u00fclmedi\u011fi Venedik yak\u0131n\u0131ndaki ortaokulda \u00f6\u011fretmenler sonunda ayakland\u0131. De Lio&#8217;nun i\u015fe hi\u00e7 gelmemesini protesto eden \u00f6\u011fretmenler i\u015f b\u0131rakarak duruma tepki g\u00f6sterdi.<\/p>\n<p><strong>\u0130\u015e SAATLER\u0130NDE PLAJA G\u0130TM\u0130\u015e<\/strong><\/p>\n<p>\u0130\u015f saatlerinde plaja giden kad\u0131n \u00f6\u011fretmenin kat\u0131ld\u0131\u011f\u0131 derslerde de genelde bir \u015fey yapmad\u0131\u011f\u0131 ve telefonuyla ilgilendi\u011fi, ders kitab\u0131 bile olmad\u0131\u011f\u0131 ve notlar\u0131 da rastgele verdi\u011fi kaydedildi.<\/p>\n<p>Tepkiler \u00fczerine De Lio, nihayetinde \u00e7al\u0131\u015fmadan para kazand\u0131\u011f\u0131 g\u00fcnlere veda etti ve 22 Haziran&#8217;da i\u015ften \u00e7\u0131kar\u0131ld\u0131. \u015eikayetleri de\u011ferlendiren \u0130talya mahkemesi, De Lio&#8217;nun kesinlikle \u00f6\u011fretmenlik i\u00e7in uygun olmad\u0131\u011f\u0131na h\u00fckmetti.<\/p>\n","protected":false},"excerpt":{"rendered":"<p>\u0130talya, 24 y\u0131ll\u0131k g\u00f6rev s\u00fcresi boyunca sadece 4 y\u0131l i\u015fe giden ama maa\u015f almaya devam eden \u00f6\u011fretmeni konu\u015fuyor.<\/p>\n","protected":false},"author":1,"featured_media":105712,"comment_status":"closed","ping_status":"open","sticky":false,"template":"","format":"standard","meta":{"footnotes":""},"categories":[33],"tags":[83,3840],"class_list":["post-105711","post","type-post","status-publish","format-standard","has-post-thumbnail","hentry","category-yasam","tag-is","tag-ogretmen"],"_links":{"self":[{"href":"https:\/\/haberulus.net\/index.php?rest_route=\/wp\/v2\/posts\/105711","targetHints":{"allow":["GET"]}}],"collection":[{"href":"https:\/\/haberulus.net\/index.php?rest_route=\/wp\/v2\/posts"}],"about":[{"href":"https:\/\/haberulus.net\/index.php?rest_route=\/wp\/v2\/types\/post"}],"author":[{"embeddable":true,"href":"https:\/\/haberulus.net\/index.php?rest_route=\/wp\/v2\/users\/1"}],"replies":[{"embeddable":true,"href":"https:\/\/haberulus.net\/index.php?rest_route=%2Fwp%2Fv2%2Fcomments&post=105711"}],"version-history":[{"count":1,"href":"https:\/\/haberulus.net\/index.php?rest_route=\/wp\/v2\/posts\/105711\/revisions"}],"predecessor-version":[{"id":105713,"href":"https:\/\/haberulus.net\/index.php?rest_route=\/wp\/v2\/posts\/105711\/revisions\/105713"}],"wp:featuredmedia":[{"embeddable":true,"href":"https:\/\/haberulus.net\/index.php?rest_route=\/wp\/v2\/media\/105712"}],"wp:attachment":[{"href":"https:\/\/haberulus.net\/index.php?rest_route=%2Fwp%2Fv2%2Fmedia&parent=105711"}],"wp:term":[{"taxonomy":"category","embeddable":true,"href":"https:\/\/haberulus.net\/index.php?rest_route=%2Fwp%2Fv2%2Fcategories&post=105711"},{"taxonomy":"post_tag","embeddable":true,"href":"https:\/\/haberulus.net\/index.php?rest_route=%2Fwp%2Fv2%2Ftags&post=105711"}],"curies":[{"name":"wp","href":"https:\/\/api.w.org\/{rel}","templated":true}]}}