{"id":105984,"date":"2023-06-27T17:51:04","date_gmt":"2023-06-27T17:51:04","guid":{"rendered":"https:\/\/haberulus.net\/?p=105984"},"modified":"2023-06-27T17:51:04","modified_gmt":"2023-06-27T17:51:04","slug":"kilicdaroglu-cetin-doganin-esi-ile-gorustu-83-yasinda-bir-kisiye-bu-zulum-neden-yapilir","status":"publish","type":"post","link":"https:\/\/haberulus.net\/?p=105984","title":{"rendered":"K\u0131l\u0131\u00e7daro\u011flu, \u00c7etin Do\u011fan\u2019\u0131n e\u015fi ile g\u00f6r\u00fc\u015ft\u00fc: 83 ya\u015f\u0131nda bir ki\u015fiye bu zul\u00fcm neden yap\u0131l\u0131r?"},"content":{"rendered":"<p>28 \u015eubat davas\u0131 kapsam\u0131nda tutuklanan ve bir y\u0131ldan uzun s\u00fcredir cezaevinde olan 83 ya\u015f\u0131ndaki emekli Orgeneral \u00c7etin Do\u011fan, mide kanamas\u0131 ge\u00e7irdi.<\/p>\n<p>CHP lideri Kemal K\u0131l\u0131\u00e7daro\u011flu, \u00c7etin Do\u011fan\u2019\u0131n e\u015fi Nilg\u00fcn Do\u011fan ile g\u00f6r\u00fc\u015ft\u00fc\u011f\u00fcn\u00fc sosyal medya hesab\u0131ndan duyurdu.<\/p>\n<p>K\u0131l\u0131\u00e7daro\u011flu, \u201cEmekli Orgeneral \u00c7etin Do\u011fan&#8217;\u0131n sayg\u0131de\u011fer e\u015fi Nilg\u00fcn Han\u0131m ile g\u00f6r\u00fc\u015ft\u00fcm. \u00c7etin Bey&#8217;in sa\u011fl\u0131k durumu hakk\u0131nda bilgi ald\u0131m. 83 ya\u015f\u0131nda bir ki\u015fiye bu zul\u00fcm neden yap\u0131l\u0131r? Neden \u0131srarla cezaevinde, tek ki\u015filik h\u00fccrede tutulur? Buna hangi ahlak, hangi vicdan izin verir!\u201d ifadelerini kulland\u0131.<\/p>\n","protected":false},"excerpt":{"rendered":"<p>CHP Genel Ba\u015fkan\u0131 Kemal K\u0131l\u0131\u00e7daro\u011flu; 83 ya\u015f\u0131ndaki emekli Orgeneral \u00c7etin Do\u011fan&#8217;\u0131n mide kanamas\u0131 ge\u00e7irmesinin ard\u0131ndan, e\u015fi Nilg\u00fcn Do\u011fan ile g\u00f6r\u00fc\u015ft\u00fc\u011f\u00fcn\u00fc a\u00e7\u0131klad\u0131. K\u0131l\u0131\u00e7daro\u011flu, &#8220;83 ya\u015f\u0131nda bir ki\u015fiye bu zul\u00fcm neden yap\u0131l\u0131r? Neden \u0131srarla cezaevinde, tek ki\u015filik h\u00fccrede tutulur? Buna hangi ahlak, hangi vicdan izin verir!&#8221; dedi.<\/p>\n","protected":false},"author":1,"featured_media":105985,"comment_status":"closed","ping_status":"open","sticky":false,"template":"","format":"standard","meta":{"footnotes":""},"categories":[26],"tags":[],"class_list":["post-105984","post","type-post","status-publish","format-standard","has-post-thumbnail","hentry","category-gundem"],"_links":{"self":[{"href":"https:\/\/haberulus.net\/index.php?rest_route=\/wp\/v2\/posts\/105984","targetHints":{"allow":["GET"]}}],"collection":[{"href":"https:\/\/haberulus.net\/index.php?rest_route=\/wp\/v2\/posts"}],"about":[{"href":"https:\/\/haberulus.net\/index.php?rest_route=\/wp\/v2\/types\/post"}],"author":[{"embeddable":true,"href":"https:\/\/haberulus.net\/index.php?rest_route=\/wp\/v2\/users\/1"}],"replies":[{"embeddable":true,"href":"https:\/\/haberulus.net\/index.php?rest_route=%2Fwp%2Fv2%2Fcomments&post=105984"}],"version-history":[{"count":1,"href":"https:\/\/haberulus.net\/index.php?rest_route=\/wp\/v2\/posts\/105984\/revisions"}],"predecessor-version":[{"id":105986,"href":"https:\/\/haberulus.net\/index.php?rest_route=\/wp\/v2\/posts\/105984\/revisions\/105986"}],"wp:featuredmedia":[{"embeddable":true,"href":"https:\/\/haberulus.net\/index.php?rest_route=\/wp\/v2\/media\/105985"}],"wp:attachment":[{"href":"https:\/\/haberulus.net\/index.php?rest_route=%2Fwp%2Fv2%2Fmedia&parent=105984"}],"wp:term":[{"taxonomy":"category","embeddable":true,"href":"https:\/\/haberulus.net\/index.php?rest_route=%2Fwp%2Fv2%2Fcategories&post=105984"},{"taxonomy":"post_tag","embeddable":true,"href":"https:\/\/haberulus.net\/index.php?rest_route=%2Fwp%2Fv2%2Ftags&post=105984"}],"curies":[{"name":"wp","href":"https:\/\/api.w.org\/{rel}","templated":true}]}}