{"id":105996,"date":"2023-06-27T19:05:03","date_gmt":"2023-06-27T19:05:03","guid":{"rendered":"https:\/\/haberulus.net\/?p=105996"},"modified":"2023-06-27T19:05:03","modified_gmt":"2023-06-27T19:05:03","slug":"pir-sultan-abdal-kultur-derneginden-madimak-anmasindaki-polis-mudahalesine-tepki","status":"publish","type":"post","link":"https:\/\/haberulus.net\/?p=105996","title":{"rendered":"Pir Sultan Abdal K\u00fclt\u00fcr Derne\u011fi\u2019nden Mad\u0131mak anmas\u0131ndaki polis m\u00fcdahalesine tepki"},"content":{"rendered":"<p>Pir Sultan Abdal K\u00fclt\u00fcr Derne\u011fi, 24 Haziran\u2019da Mad\u0131mak katliam\u0131n\u0131n 30. Y\u0131l d\u00f6n\u00fcm\u00fc nedeniyle Tuzlu\u00e7ay\u0131r Meydan\u0131&#8217;nda d\u00fczenlenen anma etkinli\u011finde semah d\u00f6n\u00fcl\u00fcrken ger\u00e7ekle\u015fen polis m\u00fcdahalesine tepki amac\u0131yla bug\u00fcn bas\u0131n a\u00e7\u0131klamas\u0131 yapt\u0131.<\/p>\n<p><strong>\u201cT\u00dcM BU SALDIRILAR B\u0130ZLER\u0130 YIPRATMAK, B\u0130R KORKU DUVARINA HAPSETMEK \u0130\u00c7\u0130ND\u0130R\u201d<\/strong><\/p>\n<p>Pir Sultan Abdal K\u00fclt\u00fcr Derne\u011fi Mamak \u015eubesi\u2019nden Tuzlu\u00e7ay\u0131r meydan\u0131na ger\u00e7ekle\u015ftirilen y\u00fcr\u00fcy\u00fc\u015f\u00fcn ard\u0131ndan bas\u0131n a\u00e7\u0131klamas\u0131n\u0131 Semah E\u011fitmeni \u00d6zge Kili\u00e7 yapt\u0131. Kili\u00e7, \u015funlar\u0131 s\u00f6yledi:<\/p>\n<p>* \u201c2 Temmuz Mad\u0131mak Katliam\u0131n\u0131n 30. y\u0131l\u0131nda, Pir Sultan Abdal K\u00fclt\u00fcr Derne\u011fi Mamak \u015eubenin \u00e7a\u011f\u0131r\u0131c\u0131l\u0131\u011f\u0131nda, 43 kurum ile 24 Haziran ak\u015fam\u0131 Valilik izni ile Tuzlu\u00e7ay\u0131r meydan\u0131nda anmam\u0131z ba\u015flam\u0131\u015ft\u0131r. Kolluk g\u00fc\u00e7leri taraf\u0131ndan \u2018Valilik izniniz saat 18.00 ile 20.00 aras\u0131, siz anmaya saat 19.00 ba\u015flatt\u0131n\u0131z&#8217; denilerek, havan\u0131n karar\u0131yor olmas\u0131 gerek\u00e7e g\u00f6sterilmi\u015f, \u2018g\u00fcvenli\u011finizi sa\u011flayamay\u0131z, anmay\u0131 bitirin\u2019 denilmi\u015ftir.<\/p>\n<p>* Anmalar\u0131m\u0131zda, Mad\u0131makta katledilen, ate\u015fte semaha duran, turnalar\u0131n\u0131za ithafen d\u00f6n\u00fclen, seyir i\u00e7in olmay\u0131p, Hak i\u00e7in olan, inanc\u0131m\u0131z\u0131n ve ibadetimizin bir par\u00e7as\u0131 olan semah\u0131m\u0131z d\u00f6n\u00fcl\u00fcrken, platformun elektri\u011fi kesilmi\u015ftir. Katliam\u0131n 30.y\u0131l\u0131nda, Tuzlu\u00e7ay\u0131r&#8217;da daha y\u00fcr\u00fcy\u00fc\u015ften itibaren polis tacizleri ve m\u00fcdahaleleri ya\u015fanm\u0131\u015f.<\/p>\n<p>* \u2018Asl\u0131nda y\u00fcr\u00fcy\u00fc\u015f i\u00e7in izin yok&#8217; ile ba\u015flay\u0131p y\u00fcr\u00fcy\u00fc\u015f s\u0131ras\u0131nda bizleri kald\u0131r\u0131ma s\u0131k\u0131\u015ft\u0131rmaya \u00e7al\u0131\u015fmalar\u0131ndan, at\u0131lan sloganlara, tutulan d\u00f6vizlere, kadar ellerini uzatabildikleri her noktaya m\u00fcdahale etmeye \u00e7al\u0131\u015f\u0131lm\u0131\u015ft\u0131r. Semah d\u00f6n\u00fcl\u00fcrken \u2018s\u00fcre doldu&#8217; bahanesi ile ses sisteminin fi\u015fi \u00e7ekilerek, kolluk kuvvetleri, m\u00fcdahale etmeye ba\u015flam\u0131\u015ft\u0131r. Semah\u00e7\u0131lar\u0131m\u0131z, zakirimiz ve alanda bulunan canlar\u0131m\u0131z\u0131n iradesi ile semah\u0131m\u0131z, ses sistemi kapat\u0131lmas\u0131na ra\u011fmen alanda bulunan canlar\u0131m\u0131z\u0131n, semah\u00e7\u0131lar\u0131m\u0131z\u0131n etraf\u0131nda etten \u00e7ember olu\u015fturmas\u0131 ile tamamlanm\u0131\u015ft\u0131r.<\/p>\n<p>* Kolluk g\u00fc\u00e7leri anma bitiminde da\u011f\u0131lan kitleye m\u00fcdahale etmeye devam etmi\u015ftir. Ve biz kolluk kuvvetlerine, \u2018saat ge\u00e7 oldu g\u00fcvenli\u011finizi alamay\u0131z&#8217; diyenlere, bir kez daha soruyoruz; Mad\u0131mak 8 saat canl\u0131 canl\u0131 yak\u0131l\u0131rken siz neredeydiniz? T\u00fcm bu sald\u0131r\u0131lar bizleri y\u0131pratmak, kitleyi bir korku duvar\u0131na hapsetmek, \u2018bizim izin verdi\u011fimiz \u00f6l\u00e7\u00fcde hareket edebilirsiniz&#8217; izlenimi yaratmak i\u00e7indir. Yani t\u00fcm bu sald\u0131r\u0131lar, do\u011frudan bizlere, 2 Temmuz&#8217;a, Alevilere ve t\u00fcm halklara yap\u0131lmaktad\u0131r. Ancak bilinmelidir ki biz Aleviler korkuyu Kerbela&#8217;da b\u0131rakt\u0131k.<\/p>\n<p><strong>\u201cT\u00dcM HALKIMIZI 2 TEMMUZ\u2019DA S\u0130VAS\u2019TA YAPACA\u011eIMIZ M\u0130T\u0130NGE \u00c7A\u011eIRIYORUZ\u201d<\/strong><\/p>\n<p>* Bu y\u0131l 2 Temmuz&#8217;un 30. y\u0131l\u0131 ve \u2018insanl\u0131k su\u00e7u&#8217; davas\u0131n\u0131n zaman a\u015f\u0131m\u0131na u\u011frat\u0131lmas\u0131 tehlikesiyle kar\u015f\u0131 kar\u015f\u0131yay\u0131z. Bu sebepledir ki, her y\u0131l yapt\u0131\u011f\u0131m\u0131z anmalar\u0131, bu y\u0131l \u00fclke genelinde daha g\u00fc\u00e7l\u00fc yapmaya ve 2 Temmuz g\u00fcn\u00fc katliam\u0131n yap\u0131ld\u0131\u011f\u0131 Sivas&#8217;ta, her ilden kat\u0131l\u0131mlarla merkezi bir miting yapaca\u011f\u0131z.<\/p>\n<p>* Biz Aleviler kimsenin inanc\u0131ndan, kimli\u011finden, dilinden, dininden, k\u00fclt\u00fcr\u00fcnden, cinsiyetinden dolay\u0131 \u00f6tekile\u015ftirilmedi\u011fi, horlanmad\u0131\u011f\u0131, herkesin bar\u0131\u015f i\u00e7inde bir arada karde\u015f\u00e7e ya\u015fad\u0131\u011f\u0131, hak\u00e7a b\u00f6l\u00fc\u015f\u00fcm\u00fcn esas al\u0131nd\u0131\u011f\u0131 bir d\u00fcnyada, k\u0131sacas\u0131 inanc\u0131m\u0131zda \u2018r\u0131za \u015fehri&#8217; olarak tarif edilen bir d\u00fcnyan\u0131n m\u00fcmk\u00fcn oldu\u011funa inan\u0131yoruz. Katliamlar\u0131 unutmad\u0131k, unutmayaca\u011f\u0131z, hesap soraca\u011f\u0131z. T\u00fcm halk\u0131m\u0131z\u0131 2 Temmuz&#8217;da Sivas&#8217;ta yapaca\u011f\u0131m\u0131z mitinge, sesimize ses, g\u00fcc\u00fcm\u00fcze g\u00fc\u00e7 katmaya \u00e7a\u011f\u0131r\u0131yoruz.\u201d ANKA<\/p>\n","protected":false},"excerpt":{"rendered":"<p>Pir Sultan Abdal K\u00fclt\u00fcr Derne\u011fi, 24 Haziran&#8217;da Mad\u0131mak katliam\u0131n\u0131n 30&#8217;uncu y\u0131l d\u00f6n\u00fcm\u00fc nedeniyle d\u00fczenledikleri Tuzlu\u00e7ay\u0131r Meydan\u0131\u2019ndaki anma etkinli\u011finde semah d\u00f6n\u00fcl\u00fcrken ger\u00e7ekle\u015fen polis m\u00fcdahalesine tepki amac\u0131yla bug\u00fcn bas\u0131n a\u00e7\u0131klamas\u0131 yapt\u0131.<\/p>\n","protected":false},"author":1,"featured_media":105997,"comment_status":"closed","ping_status":"open","sticky":false,"template":"","format":"standard","meta":{"footnotes":""},"categories":[26],"tags":[12588,2577,1604],"class_list":["post-105996","post","type-post","status-publish","format-standard","has-post-thumbnail","hentry","category-gundem","tag-2-temmuz","tag-anma","tag-mudahale"],"_links":{"self":[{"href":"https:\/\/haberulus.net\/index.php?rest_route=\/wp\/v2\/posts\/105996","targetHints":{"allow":["GET"]}}],"collection":[{"href":"https:\/\/haberulus.net\/index.php?rest_route=\/wp\/v2\/posts"}],"about":[{"href":"https:\/\/haberulus.net\/index.php?rest_route=\/wp\/v2\/types\/post"}],"author":[{"embeddable":true,"href":"https:\/\/haberulus.net\/index.php?rest_route=\/wp\/v2\/users\/1"}],"replies":[{"embeddable":true,"href":"https:\/\/haberulus.net\/index.php?rest_route=%2Fwp%2Fv2%2Fcomments&post=105996"}],"version-history":[{"count":1,"href":"https:\/\/haberulus.net\/index.php?rest_route=\/wp\/v2\/posts\/105996\/revisions"}],"predecessor-version":[{"id":105998,"href":"https:\/\/haberulus.net\/index.php?rest_route=\/wp\/v2\/posts\/105996\/revisions\/105998"}],"wp:featuredmedia":[{"embeddable":true,"href":"https:\/\/haberulus.net\/index.php?rest_route=\/wp\/v2\/media\/105997"}],"wp:attachment":[{"href":"https:\/\/haberulus.net\/index.php?rest_route=%2Fwp%2Fv2%2Fmedia&parent=105996"}],"wp:term":[{"taxonomy":"category","embeddable":true,"href":"https:\/\/haberulus.net\/index.php?rest_route=%2Fwp%2Fv2%2Fcategories&post=105996"},{"taxonomy":"post_tag","embeddable":true,"href":"https:\/\/haberulus.net\/index.php?rest_route=%2Fwp%2Fv2%2Ftags&post=105996"}],"curies":[{"name":"wp","href":"https:\/\/api.w.org\/{rel}","templated":true}]}}