{"id":106171,"date":"2023-06-28T08:21:06","date_gmt":"2023-06-28T08:21:06","guid":{"rendered":"https:\/\/haberulus.net\/?p=106171"},"modified":"2023-06-28T08:21:06","modified_gmt":"2023-06-28T08:21:06","slug":"8-mac-cezali-milli-takimda","status":"publish","type":"post","link":"https:\/\/haberulus.net\/?p=106171","title":{"rendered":"8 ma\u00e7 cezal\u0131 milli tak\u0131mda!"},"content":{"rendered":"<div>\n<div> <img decoding=\"async\" src=\"https:\/\/i01.sozcucdn.com\/wp-content\/themes\/Sozcu_V4\/assets\/images\/yazarlar\/fatih-soylemezoglu.png?v=8.0.6.10\" alt=\"\" title=\"\"> <\/div>\n<div>\n<div> Fatih S\u00f6ylemezo\u011flu <\/p>\n<div>  \u0130leti\u015fim Bilgileri <\/div>\n<\/p><\/div>\n<\/p><\/div>\n<\/p><\/div>\n<p>T\u00fcrkiye\u2019de eskiden milli tak\u0131mlara \u00e7a\u011fr\u0131lan sporcular\u0131n daveti kabul etmeyip gelmemesi, neredeyse namus meselesi yap\u0131l\u0131rd\u0131. \u00c7\u00fcnk\u00fc bayra\u011f\u0131, vatan\u0131 i\u00e7in m\u00fccadele etmeyen sporcu kimse taraf\u0131ndan benimsenmezdi. Belki bu kadar kat\u0131 olmak da do\u011fru de\u011fildi ama yine de milli forma i\u00e7in m\u00fccadele etmeyi reddetmek, spor hukukumuzda cezay\u0131 gerektiren bir su\u00e7.<br \/>\u00d6mer Faruk Yurtseven, 2018\u2019de keyfi nedenlerle milli tak\u0131m davetini reddetti\u011fi i\u00e7in 8 ma\u00e7 ceza alm\u0131\u015ft\u0131. Yurtd\u0131\u015f\u0131nda, NBA\u2019de oynad\u0131\u011f\u0131 i\u00e7in, T\u00fcrkiye s\u0131n\u0131rlar\u0131 i\u00e7inde ge\u00e7erli olan cezas\u0131n\u0131 hen\u00fcz \u00e7ekmedi. Ve bu ceza; a\u00e7\u0131klanan listede onun hanesinde \u2018Kalan ceza\u2019 olarak duruyor. Ne zaman T\u00fcrkiye\u2019de oynarsa cezas\u0131n\u0131 o zaman \u00e7ekecek.<\/p>\n<p>Hal b\u00f6yleyken, son a\u00e7\u0131klanan milli tak\u0131m aday kadrosuna \u2018Beyaz sayfa a\u00e7\u0131yoruz\u2019 diye yeniden davet edildi. Bakal\u0131m gelecek mi? Gelirse \u00f6nceki cezas\u0131 bir \u015fekilde halledilir. Yoksa oynayamaz!<\/p>\n<p>Burada \u00f6nemsedi\u011fim konu, federasyon ve milli tak\u0131m yetkililerinin beyaz sayfa a\u00e7ma b\u00fcy\u00fckl\u00fc\u011f\u00fcn\u00fc g\u00f6sterebiliyor olmas\u0131.<\/p>\n<p>O halde hemen; y\u0131llarca ma\u00e7 y\u00f6neten, MHK\u2019deki hemen herkesle y\u0131llarca omuz omuza veren hakem Ersan Kartal i\u00e7in de ayn\u0131 beyaz sayfa a\u00e7\u0131lmal\u0131. Tecr\u00fcbeli hakemimiz ligimize yeniden kazand\u0131r\u0131lmal\u0131.<\/p>\n<p>\u00d6yle ya\u2026 Er\u015fan Kartal bug\u00fcne kadar en a\u011f\u0131r su\u00e7 say\u0131lan milli g\u00f6revi hi\u00e7 reddetmedi\u011fine g\u00f6re, bu jesti herkesten \u00e7ok ve fazlas\u0131yla hak ediyor. \u00d6yle de\u011fil mi arkada\u015flar!<\/p>\n<p><b>SP\u0130KER VE YORUMCULAR<\/b><\/p>\n<p>Konuya girmeden \u00f6nce i\u015fini iyi yapan t\u00fcm arkada\u015flar\u0131 tenzih ediyorum. Yaz\u0131 konusu kesinlikle onlar\u0131 kapsam\u0131yor.<\/p>\n<p>Voleybol Erkek Milli Tak\u0131m\u0131m\u0131z\u2019\u0131n Ukrayna ile oynad\u0131\u011f\u0131 ma\u00e7\u0131 izlerken, TRT spikeri arkada\u015f\u0131n s\u00f6ylemlerinden utand\u0131m, s\u0131k\u0131ld\u0131m, sinirlendim ve \u00fcz\u00fcld\u00fcm. Ondan \u00f6nce de A Milli Futbol Tak\u0131m\u0131m\u0131z\u2019\u0131n Letonya ma\u00e7\u0131n\u0131 anlatan TRT spikerinin, her tart\u0131\u015fmal\u0131 pozisyonu \u00e7e\u015fitli imalarla sanki herkes bize kar\u015f\u0131 ve d\u00fc\u015fmanm\u0131\u015f gibi, Dumlup\u0131nar\u2019da Yunan ordusuna kar\u015f\u0131 Ba\u015fkomutanl\u0131k Meydan Muhaberesi\u2019ni tekrarl\u0131yormu\u015fuz gibi aktarmas\u0131, anla\u015f\u0131l\u0131r gibi de\u011fil!<br \/>Basketbolda da ayn\u0131 \u015fey olmuyor mu? B\u00fcy\u00fck Taarruz sonras\u0131 \u0130zmir&#8217;e do\u011fru ka\u00e7an Yunan askerine son darbeyi parkede vuracakm\u0131\u015f\u0131z havas\u0131 verilmiyor mu?<\/p>\n<p>Bu i\u015f art\u0131k \u00e7oluk \u00e7ocu\u011fun alay konusu, komedi programlar\u0131n\u0131n malzemesi haline geldi. Bunlar\u0131 ciddiye al\u0131p anlatt\u0131klar\u0131na kap\u0131lsan\u0131z, zannedersiniz ki b\u00fct\u00fcn d\u00fcnya bize kar\u015f\u0131, \u00fclke elden gidiyor! Oysa dolar 25 lira olmu\u015f, kimsenin umurunda de\u011fil, varsa yoksa pop\u00fclizm!<br \/>Genelde kurallardan bihaber olan bu arkada\u015flar, kendilerini d\u00fcnyan\u0131n en iyi spiker ve yorumcusu zannedip \u015fi\u015fkin bir ego ile i\u015f yaparken \u2018d\u00fc\u015fman askeri\u2019 g\u00f6rd\u00fckleri hakemleri de yerden yere vurmay\u0131 ihmal etmiyorlar! Uzman olduklar\u0131 spor bran\u015f\u0131n\u0131n kural s\u0131nav\u0131na tabi tutsan\u0131z, b\u0131rak\u0131n ge\u00e7er not (70-80) almay\u0131, 40-50 bile alamazlar! Bu konuda iddial\u0131y\u0131m. Varsa cesaretleri hodri meydan diyorum!<\/p>\n<p>Hakem hatalar\u0131 oluyor ve malum sebeplerle biz de en a\u011f\u0131r \u015fekilde ele\u015ftiriyoruz. Ama siz bazen bilmedi\u011finiz i\u00e7in, bazen kul\u00fcplerden \u00e7ekindi\u011finiz i\u00e7in, bazen de federasyon bask\u0131s\u0131ndan dolay\u0131 s\u00fcrekli pop\u00fclizm pe\u015findesiniz.<\/p>\n<p>Baz\u0131 spikerler bilmedikleri kurallarla anlatt\u0131klar\u0131 ma\u00e7larda, hakemleri hayatta sadece \u2018taraftarl\u0131k aidiyeti ile var olan\u2019 g\u00fcruhun \u00f6n\u00fcne atmay\u0131 \u00e7ok iyi biliyorlar. \u00c7\u00fcnk\u00fc pop\u00fclizm, bu arkada\u015flar\u0131n can suyu olmu\u015f.<\/p>\n<p>Yapmay\u0131n beyler, bu do\u011fru de\u011fil. Herkes sizin gibi \u2018malum sebeplerle ayakta kalmak i\u00e7in\u2019 ma\u00e7 izlemiyor. Kar\u015f\u0131n\u0131zda farkl\u0131 gerek\u00e7elerle taraftar olan insanlar var. Bunlar\u0131n kimi akl\u0131 ba\u015f\u0131nda, kimi fanatik, kimi sizin bir i\u015faretinizle sahaya inebilecek kadar ya da insanlar\u0131n kafas\u0131na bir \u015fey atacak kadar cahil. Hatta kimi sizin dolduru\u015funuzla kan d\u00f6kmeye haz\u0131r!<\/p>\n<p>Sorumlu insanlar sorumluluklar\u0131n\u0131n bilincinde hareket etmeli. Yoksa sizlerin hukuktaki azmettiriciden ne fark\u0131n\u0131z kal\u0131r?<\/p>\n<p><b>T\u00dcRK SPORUNA \u2018BAK\u2019ALIM!<\/b><\/p>\n<p>Say\u0131n Bakan; d\u00fcnya spor camias\u0131n\u0131 takip etmenize ger\u00e7ekten hayran kald\u0131m. Neden mi?<br \/>Futbol Arena adl\u0131 dijital futbol i\u00e7erik platformunun bir tweeti\u2019ne yapt\u0131\u011f\u0131n\u0131z yorumda \u201cXavi, kendini sahaya atamay\u0131nca orta alana \u0130lkay\u2019\u0131 \u00e7ekmi\u015f. \u0130yi hamle\u201d demi\u015fsiniz.<\/p>\n<p>T\u00fcrk sporunun sorunlar\u0131 so\u011fan\u0131n fiyat\u0131n\u0131 ge\u00e7mi\u015fken, siz Barcelona\u2019n\u0131n hocas\u0131, futbol efsanesi Xavi \u00fczerinden \u2018Alman futbol y\u0131ld\u0131z\u0131\u2019 \u0130lkay G\u00fcndo\u011fan\u2019\u0131n transferi \u00fczerinden espri yap\u0131yorsunuz \u00f6yle mi? B\u0131rak\u0131n Xavi, Barcelona&#8217;y\u0131 y\u00f6netsin, siz T\u00fcrk sporuna odaklan\u0131n!<br \/>Federasyonlar\u0131m\u0131zda olup bitenler ar\u015f\u0131 a\u015ft\u0131. T\u00fcrk vatanda\u015f\u0131 olmayan y\u00fcz\u00fcc\u00fclerin milli tak\u0131m ad\u0131na T\u00fcrkm\u00fc\u015f gibi yar\u0131\u015ft\u0131r\u0131lmas\u0131 skandal\u0131na imza atan Y\u00fczme Federasyonu, meydan\u0131 bo\u015f bulunca, Avrupa Oyunlar\u0131\u2019nda sadece 3 \u00fclkenin kat\u0131ld\u0131\u011f\u0131 senkronize y\u00fczme yar\u0131\u015fmas\u0131nda sonuncu olarak bronz madalya al\u0131nmas\u0131na ra\u011fmen \u201cTak\u0131m\u0131m\u0131z 26 \u00fclkenin kat\u0131ld\u0131\u011f\u0131 serbest kombinasyon tak\u0131m bran\u015f\u0131nda \u00fc\u00e7\u00fcnc\u00fc olarak bronz madalya kazand\u0131\u201d diyerek alg\u0131 manip\u00fclasyonu yapt\u0131. Sokak jargonuyla, kamuoyu ile dalga ge\u00e7ti.<\/p>\n<p>Yine Avrupa Oyunlar\u0131\u2019nda atletizmde, Avrupa Tak\u0131mlar \u015eampiyonas\u0131\u2019nda sporcular\u0131m\u0131z ald\u0131\u011f\u0131\/alamad\u0131\u011f\u0131 derecelerle 2. lige d\u00fc\u015ft\u00fc. Tokyo Olimpiyatlar\u0131\u2019na fazla sporcu ile gidebilme ad\u0131na derece manip\u00fclasyonu yapan ve bu sebeple T\u00fcrk atletizminin takibe al\u0131nmas\u0131na sebep olan Federasyon Ba\u015fkan\u0131 Fatih \u00c7intimar k\u00fcme d\u00fc\u015fen sporcular\u0131m\u0131z\u0131 tebrik ederek \u201cBundan sonraki hedefimiz U20 ve U23 Avrupa \u015eampiyonalar\u0131\u201d derken\u2026 Sizi mi, bizi mi, yoksa Alman futbol y\u0131ld\u0131z\u0131 \u0130lkay G\u00fcndo\u011fan&#8217;\u0131 transfer eden Xavi\u2019yi mi kand\u0131rmaya \u00e7al\u0131\u015f\u0131yor? Ne dersiniz?<br \/>Say\u0131n bakan, bence herkes kendi kap\u0131s\u0131n\u0131n \u00f6n\u00fcn\u00fc temizlese sanki daha iyi olacak gibi!<\/p>\n<div>  <span> <img decoding=\"async\" src=\"https:\/\/i01.sozcucdn.com\/wp-content\/themes\/Sozcu_V4\/assets\/images\/yazarlar\/fatih-soylemezoglu.png?v=8.0.6.10\" alt=\"\" title=\"\"><br \/> <\/span> <span> <span>Fatih S\u00f6ylemezo\u011flu<\/span>  <\/span>  <\/div>\n","protected":false},"excerpt":{"rendered":"<p>Fatih S\u00f6ylemezo\u011flu \u0130leti\u015fim Bilgileri T\u00fcrkiye\u2019de eskiden milli tak\u0131mlara \u00e7a\u011fr\u0131lan sporcular\u0131n daveti kabul etmeyip gelmemesi, neredeyse namus meselesi yap\u0131l\u0131rd\u0131. \u00c7\u00fcnk\u00fc bayra\u011f\u0131, vatan\u0131 i\u00e7in m\u00fccadele etmeyen sporcu kimse taraf\u0131ndan &#8230;<\/p>\n","protected":false},"author":1,"featured_media":0,"comment_status":"closed","ping_status":"open","sticky":false,"template":"","format":"standard","meta":{"footnotes":""},"categories":[31],"tags":[171,290,4138,551,87],"class_list":["post-106171","post","type-post","status-publish","format-standard","hentry","category-spor","tag-ceza","tag-mac","tag-milli-takim","tag-spor","tag-turk"],"_links":{"self":[{"href":"https:\/\/haberulus.net\/index.php?rest_route=\/wp\/v2\/posts\/106171","targetHints":{"allow":["GET"]}}],"collection":[{"href":"https:\/\/haberulus.net\/index.php?rest_route=\/wp\/v2\/posts"}],"about":[{"href":"https:\/\/haberulus.net\/index.php?rest_route=\/wp\/v2\/types\/post"}],"author":[{"embeddable":true,"href":"https:\/\/haberulus.net\/index.php?rest_route=\/wp\/v2\/users\/1"}],"replies":[{"embeddable":true,"href":"https:\/\/haberulus.net\/index.php?rest_route=%2Fwp%2Fv2%2Fcomments&post=106171"}],"version-history":[{"count":1,"href":"https:\/\/haberulus.net\/index.php?rest_route=\/wp\/v2\/posts\/106171\/revisions"}],"predecessor-version":[{"id":106172,"href":"https:\/\/haberulus.net\/index.php?rest_route=\/wp\/v2\/posts\/106171\/revisions\/106172"}],"wp:attachment":[{"href":"https:\/\/haberulus.net\/index.php?rest_route=%2Fwp%2Fv2%2Fmedia&parent=106171"}],"wp:term":[{"taxonomy":"category","embeddable":true,"href":"https:\/\/haberulus.net\/index.php?rest_route=%2Fwp%2Fv2%2Fcategories&post=106171"},{"taxonomy":"post_tag","embeddable":true,"href":"https:\/\/haberulus.net\/index.php?rest_route=%2Fwp%2Fv2%2Ftags&post=106171"}],"curies":[{"name":"wp","href":"https:\/\/api.w.org\/{rel}","templated":true}]}}