{"id":106206,"date":"2023-06-28T09:05:08","date_gmt":"2023-06-28T09:05:08","guid":{"rendered":"https:\/\/haberulus.net\/?p=106206"},"modified":"2023-06-28T09:05:08","modified_gmt":"2023-06-28T09:05:08","slug":"1-eylulde-basliyor-kira-anlasmazliklari-bir-ayda-bitecek","status":"publish","type":"post","link":"https:\/\/haberulus.net\/?p=106206","title":{"rendered":"1 Eyl\u00fcl\u2019de ba\u015fl\u0131yor\u2026 Kira anla\u015fmazl\u0131klar\u0131 bir ayda bitecek"},"content":{"rendered":"<p>Zorunlu hale getirilen ve 1 Eyl\u00fcl\u2019de uygulanmas\u0131na ba\u015flanacak arabuluculukla y\u0131lda yakla\u015f\u0131k 80 bin kira uyu\u015fmazl\u0131\u011f\u0131, mahkemelere gitmeden en fazla bir ayda \u00e7\u00f6z\u00fcme kavu\u015fturulacak.<\/p>\n<p>T\u00fcrkiye B\u00fcy\u00fck Millet Meclisi\u2019nde kabul edilerek yasala\u015fan \u0130cra ve \u0130flas Kanunu ile Baz\u0131 Kanunlarda De\u011fi\u015fiklik Yap\u0131lmas\u0131na Dair Kanunla kira uyu\u015fmazl\u0131klar\u0131nda arabuluculuk dava \u015fart\u0131 haline getirildi.<\/p>\n<p><b>DAVA A\u00c7MADAN \u00d6NCE ARABULUCUYA BA\u015eVURULACAK<\/b><\/p>\n<p>Bu uyu\u015fmazl\u0131klarda 1 Eyl\u00fcl\u2019den itibaren taraflar dava a\u00e7madan \u00f6nce arabulucuya ba\u015fvuracak. M\u00fcracaatlar, adliyelerdeki arabuluculuk b\u00fcrolar\u0131na \u00fccretsiz yap\u0131lacak. Ba\u015fvurularda, yarg\u0131 gideri, har\u00e7, tan\u0131k, bilirki\u015fi \u00fccreti gibi bir \u00f6deme yapma zorunlulu\u011fu bulunmayacak.<\/p>\n<p>Arabuluculuk g\u00f6r\u00fc\u015fmeleri \u00fc\u00e7 hafta i\u00e7erisinde tamamlanacak. Zorunlu durumlarda arabulucu taraf\u0131ndan bu s\u00fcre en fazla bir hafta daha uzat\u0131labilecek. G\u00f6r\u00fc\u015fmeler sonras\u0131nda anla\u015fma sa\u011flanamamas\u0131 halinde dava a\u00e7\u0131labilecek.<\/p>\n<p><b>80 B\u0130N UYU\u015eMAZLI\u011eIN SON BULMASI HEDEFLEN\u0130YOR<\/b><\/p>\n<p>Y\u0131lda yakla\u015f\u0131k 80 bin kira uyu\u015fmazl\u0131\u011f\u0131 arabuluculara gitmesi bekleniyor. Uygulamayla, uyu\u015fmazl\u0131klar\u0131n taraflar\u0131n r\u0131zas\u0131yla \u00e7\u00f6z\u00fcme kavu\u015fturulmas\u0131 hedefleniyor.<\/p>\n<p>Adalet Bakan\u0131 Y\u0131lmaz Tun\u00e7, kira d\u00fczenlemesine y\u00f6nelik yapt\u0131\u011f\u0131 a\u00e7\u0131klamada, ev sahibi ile kirac\u0131 aras\u0131ndaki uyu\u015fmazl\u0131klar\u0131n derinle\u015fmemesini istediklerini belirtmi\u015fti.<\/p>\n<p>Bakan Tun\u00e7, kira uyu\u015fmazl\u0131klar\u0131n\u0131n mahkemelere gitmeden bar\u0131\u015f\u00e7\u0131l \u015fekilde \u00e7\u00f6z\u00fcme kavu\u015fturulaca\u011f\u0131n\u0131 vurgulam\u0131\u015ft\u0131. (AA)<\/p>\n","protected":false},"excerpt":{"rendered":"<p>1 Eyl\u00fcl&#8217;de uygulamas\u0131na ba\u015flanacak arabuluculukla y\u0131lda yakla\u015f\u0131k 80 bin kira uyu\u015fmazl\u0131\u011f\u0131n\u0131n en fazla 1 ay i\u00e7erisinde \u00e7\u00f6z\u00fcme kavu\u015fturulmas\u0131 bekleniyor.<\/p>\n","protected":false},"author":1,"featured_media":106207,"comment_status":"closed","ping_status":"open","sticky":false,"template":"","format":"standard","meta":{"footnotes":""},"categories":[25],"tags":[6369,311],"class_list":["post-106206","post","type-post","status-publish","format-standard","has-post-thumbnail","hentry","category-ekonomi","tag-arabulucu","tag-kira"],"_links":{"self":[{"href":"https:\/\/haberulus.net\/index.php?rest_route=\/wp\/v2\/posts\/106206","targetHints":{"allow":["GET"]}}],"collection":[{"href":"https:\/\/haberulus.net\/index.php?rest_route=\/wp\/v2\/posts"}],"about":[{"href":"https:\/\/haberulus.net\/index.php?rest_route=\/wp\/v2\/types\/post"}],"author":[{"embeddable":true,"href":"https:\/\/haberulus.net\/index.php?rest_route=\/wp\/v2\/users\/1"}],"replies":[{"embeddable":true,"href":"https:\/\/haberulus.net\/index.php?rest_route=%2Fwp%2Fv2%2Fcomments&post=106206"}],"version-history":[{"count":1,"href":"https:\/\/haberulus.net\/index.php?rest_route=\/wp\/v2\/posts\/106206\/revisions"}],"predecessor-version":[{"id":106208,"href":"https:\/\/haberulus.net\/index.php?rest_route=\/wp\/v2\/posts\/106206\/revisions\/106208"}],"wp:featuredmedia":[{"embeddable":true,"href":"https:\/\/haberulus.net\/index.php?rest_route=\/wp\/v2\/media\/106207"}],"wp:attachment":[{"href":"https:\/\/haberulus.net\/index.php?rest_route=%2Fwp%2Fv2%2Fmedia&parent=106206"}],"wp:term":[{"taxonomy":"category","embeddable":true,"href":"https:\/\/haberulus.net\/index.php?rest_route=%2Fwp%2Fv2%2Fcategories&post=106206"},{"taxonomy":"post_tag","embeddable":true,"href":"https:\/\/haberulus.net\/index.php?rest_route=%2Fwp%2Fv2%2Ftags&post=106206"}],"curies":[{"name":"wp","href":"https:\/\/api.w.org\/{rel}","templated":true}]}}