{"id":106239,"date":"2023-06-28T09:35:08","date_gmt":"2023-06-28T09:35:08","guid":{"rendered":"https:\/\/haberulus.net\/?p=106239"},"modified":"2023-06-28T09:35:08","modified_gmt":"2023-06-28T09:35:08","slug":"11-yasindaki-melih-tarik-naimoglu-karatede-balkan-sampiyonu","status":"publish","type":"post","link":"https:\/\/haberulus.net\/?p=106239","title":{"rendered":"11 ya\u015f\u0131ndaki Melih Tar\u0131k Naimo\u011flu karatede Balkan \u015fampiyonu"},"content":{"rendered":"<p>Isparta\u2019da ya\u015fayan Melih Tar\u0131k Naimo\u011flu (11), izledi\u011fi bir videodan etkilenip ba\u015flad\u0131\u011f\u0131 karatede, Balkan \u015fampiyonlu\u011funa kadar ula\u015ft\u0131. Hedefinin d\u00fcnya \u015fampiyonu oldu\u011funu s\u00f6yleyen Naimo\u011flu, \u201c\u0130zledi\u011fim bir karate videosundan etkilendikten sonra bu spora ba\u015flama karar\u0131 verdim. Ailem ve antren\u00f6r\u00fcm en b\u00fcy\u00fck destek\u00e7im\u201d dedi.<\/p>\n<p>Ispartal\u0131 Melih Tar\u0131k Naimo\u011flu, Karada\u011f\u2019da 26 \u2013 28 May\u0131s tarihleri aras\u0131nda d\u00fczenlenen 27. Balkan \u00c7ocuklar Karate \u015eampiyonas\u0131\u2019nda 11 \u00fclkeden 42 sporcu aras\u0131nda puan vermeden t\u00fcm rakiplerini yenerek erkekler 35 kilo kumite kategorisinde Balkan \u015fampiyonu oldu.<\/p>\n<p>IYA\u015e Sel\u00e7uklu Ortaokulu \u00f6\u011frencisi Melih Tar\u0131k Naimo\u011flu, kazand\u0131\u011f\u0131 \u015fampiyonluktan dolay\u0131 \u00e7ok mutlu oldu\u011funu belirterek, ailesinin ve antren\u00f6r\u00fcn\u00fcn \u015fampiyonluk s\u00fcrecinde en b\u00fcy\u00fck destek\u00e7isi oldu\u011funu s\u00f6yledi.<\/p>\n<p><img decoding=\"async\" src=\"https:\/\/i01.sozcucdn.com\/wp-content\/uploads\/2023\/06\/28\/balkan-4353_23274275.jpg\" alt=\"\" title=\"\"><\/p>\n<p>Melih Tar\u0131k Naimo\u011flu, \u201c5 y\u0131ld\u0131r karate yap\u0131yorum. \u0130zledi\u011fim bir karate videosundan etkilendikten sonra bu spora ba\u015flama karar\u0131 verdim. Ailem ve antren\u00f6r\u00fcm en b\u00fcy\u00fck destek\u00e7im. Karateye ba\u015flad\u0131ktan sonra daha disiplinli oldum. Dengeli beslenme al\u0131\u015fkanl\u0131\u011f\u0131 edindim ve sosyal \u00e7evrem de geni\u015fledi. Balkan \u015eampiyonas\u0131\u2019nda T\u00fcrk bayra\u011f\u0131n\u0131 en y\u00fckse\u011fe ta\u015f\u0131d\u0131\u011f\u0131m i\u00e7in gururluyum. Hedefim d\u00fcnya \u015fampiyonu olmak. Herkese spor yapmas\u0131n\u0131 tavsiye ediyorum\u201d dedi.<\/p>\n<p><img decoding=\"async\" src=\"https:\/\/i01.sozcucdn.com\/wp-content\/uploads\/2023\/06\/28\/balkan-4351_23274278.jpg\" alt=\"\" title=\"\"><\/p>\n<p>Antren\u00f6r Kadir Karaka\u015f da, \u201cMelih Tar\u0131k\u2019\u0131n di\u011fer sporculardan bir fark\u0131 var, hem kata dal\u0131nda hem de kumite dal\u0131nda yar\u0131\u015fan bir sporcudur. \u0130ki dalda yar\u0131\u015ft\u0131\u011f\u0131 i\u00e7in harcam\u0131\u015f oldu\u011fu enerji 2 kat daha fazla ve daha disiplinli olmas\u0131 gerekiyor. Normal bir kumiteci haftada 3 g\u00fcn \u00e7al\u0131\u015f\u0131yorsa Melih, 6 g\u00fcn \u00e7al\u0131\u015fmak zorunda kal\u0131yor. Melih, bu y\u0131l 25 \u2013 30 Nisan tarihleri aras\u0131nda Denizli\u2019de yap\u0131lan T\u00fcrkiye \u00c7ocuklar Karate \u015eampiyonas\u0131\u2019nda kata ve kumite dal\u0131nda yar\u0131\u015fm\u0131\u015ft\u0131r. Kumite dal\u0131nda 11 ya\u015f erkekler 35 kiloda T\u00fcrkiye \u015eampiyonu olmu\u015ftur\u201d diye konu\u015ftu.<\/p>\n","protected":false},"excerpt":{"rendered":"<p>Isparta&#8217;da ya\u015fayan 11 ya\u015f\u0131ndaki Melih Tar\u0131k Naimo\u011flu, karate videolar\u0131ndan etkilenip ba\u015flad\u0131\u011f\u0131 karatede Balkan \u015fampiyonlu\u011funa kadar ula\u015ft\u0131. \u0130\u015fte Naimo\u011flu&#8217;nun ilham veren hikayesi\u2026<\/p>\n","protected":false},"author":1,"featured_media":106240,"comment_status":"closed","ping_status":"open","sticky":false,"template":"","format":"standard","meta":{"footnotes":""},"categories":[31],"tags":[10505,551],"class_list":["post-106239","post","type-post","status-publish","format-standard","has-post-thumbnail","hentry","category-spor","tag-karate","tag-spor"],"_links":{"self":[{"href":"https:\/\/haberulus.net\/index.php?rest_route=\/wp\/v2\/posts\/106239","targetHints":{"allow":["GET"]}}],"collection":[{"href":"https:\/\/haberulus.net\/index.php?rest_route=\/wp\/v2\/posts"}],"about":[{"href":"https:\/\/haberulus.net\/index.php?rest_route=\/wp\/v2\/types\/post"}],"author":[{"embeddable":true,"href":"https:\/\/haberulus.net\/index.php?rest_route=\/wp\/v2\/users\/1"}],"replies":[{"embeddable":true,"href":"https:\/\/haberulus.net\/index.php?rest_route=%2Fwp%2Fv2%2Fcomments&post=106239"}],"version-history":[{"count":1,"href":"https:\/\/haberulus.net\/index.php?rest_route=\/wp\/v2\/posts\/106239\/revisions"}],"predecessor-version":[{"id":106241,"href":"https:\/\/haberulus.net\/index.php?rest_route=\/wp\/v2\/posts\/106239\/revisions\/106241"}],"wp:featuredmedia":[{"embeddable":true,"href":"https:\/\/haberulus.net\/index.php?rest_route=\/wp\/v2\/media\/106240"}],"wp:attachment":[{"href":"https:\/\/haberulus.net\/index.php?rest_route=%2Fwp%2Fv2%2Fmedia&parent=106239"}],"wp:term":[{"taxonomy":"category","embeddable":true,"href":"https:\/\/haberulus.net\/index.php?rest_route=%2Fwp%2Fv2%2Fcategories&post=106239"},{"taxonomy":"post_tag","embeddable":true,"href":"https:\/\/haberulus.net\/index.php?rest_route=%2Fwp%2Fv2%2Ftags&post=106239"}],"curies":[{"name":"wp","href":"https:\/\/api.w.org\/{rel}","templated":true}]}}