{"id":106266,"date":"2023-06-28T10:35:07","date_gmt":"2023-06-28T10:35:07","guid":{"rendered":"https:\/\/haberulus.net\/?p=106266"},"modified":"2023-06-28T10:35:07","modified_gmt":"2023-06-28T10:35:07","slug":"zuckerberge-meydan-okuyan-elon-muska-dovus-efsanesinden-destek","status":"publish","type":"post","link":"https:\/\/haberulus.net\/?p=106266","title":{"rendered":"Zuckerberg\u2019e meydan okuyan Elon Musk\u2019a d\u00f6v\u00fc\u015f efsanesinden destek"},"content":{"rendered":"<p>D\u00fcnyan\u0131n en zengin insanlar\u0131 aras\u0131nda yer alan Elon Musk ve Mark Zuckerberg aras\u0131nda beklenen kafes d\u00f6v\u00fc\u015f\u00fcyle ilgili heyecan verici geli\u015fmeler ya\u015fan\u0131yor.<\/p>\n<p>Teknoloji d\u00fcnyas\u0131n\u0131n iki \u00fcnl\u00fc ismi rekabetlerini ringlere ta\u015f\u0131maya karar vermi\u015f, 51 ya\u015f\u0131ndaki Elon Musk, Japon d\u00f6v\u00fc\u015f sanat\u0131 jujutsu e\u011fitimi alan 39 ya\u015f\u0131ndaki Zuckerberg&#8217;e meydan okumu\u015ftu. Zuckerberg de Musk&#8217;a \u201cKonum at\u201d diye yan\u0131t vererek d\u00f6v\u00fc\u015fe haz\u0131r oldu\u011fu mesaj\u0131 g\u00f6ndermi\u015fti.<\/p>\n<p>\u0130ki \u00fcnl\u00fc giri\u015fimciye yak\u0131n isimler de, Musk ve Zuckerberg&#8217;in d\u00f6v\u00fc\u015f konusunda ciddi olduklar\u0131n\u0131 ve hatta Musk\u2019\u0131n antrenman yapmaya ba\u015flayaca\u011f\u0131n\u0131 s\u00f6ylemi\u015fti.<\/p>\n<p>\u0130kilinin ringe \u00e7\u0131kma ihtimali heyecan yarat\u0131rken Karma D\u00f6v\u00fc\u015f Sanatlar\u0131 (MMA) alan\u0131nda d\u00fcnyan\u0131n en \u00fcnl\u00fc d\u00f6v\u00fc\u015f\u00e7\u00fclerinden biri olan Georges St. Pierre, Elon Musk&#8217;a m\u00fcthi\u015f bir teklifte bulunarak \u00fcnl\u00fc zengine e\u011fitim verme \u00f6nerisi yapt\u0131. UFC efsanesi, 24 Haziran&#8217;da Twitter&#8217;da Musk&#8217;a \u201cB\u00fcy\u00fck hayran\u0131n\u0131m ve Zuckerberg&#8217;e kar\u015f\u0131 e\u011fitmenin olup sana yard\u0131m etmekten onur duyar\u0131m\u201d mesaj\u0131 g\u00f6nderdi.<\/p>\n<div><img decoding=\"async\" src=\"https:\/\/i01.sozcucdn.com\/wp-content\/uploads\/2023\/06\/28\/ufc.jpg\" alt=\"\" title=\"\"><\/p>\n<p>Georges St. Pierre<\/p>\n<\/div>\n<p><strong>\u2018ZUCKERBERG\u2019\u0130 YERE SEREB\u0130L\u0130R\u2019<\/strong><\/p>\n<p>Musk da \u00fc\u00e7 g\u00fcn sonra \u00fcnl\u00fc d\u00f6v\u00fc\u015f\u00e7\u00fcye, \u201cTamam, hadi yapal\u0131m\u201d diyerek yan\u0131t verdi ve teklifi kabul etti. Musk mesaj\u0131na iki alev emojisi eklemeyi de ihmal etmedi.<\/p>\n<p>D\u00f6v\u00fc\u015f uzmanlar\u0131na g\u00f6re eski UFC \u015fampiyonu St. Pierre&#8217;in deste\u011fi Musk&#8217;a kafes d\u00f6v\u00fc\u015f\u00fcnde b\u00fcy\u00fck \u00fcst\u00fcnl\u00fck sa\u011flayacak. Bir\u00e7ok ki\u015fi St. Pierre&#8217;in deste\u011fiyle Musk&#8217;\u0131n Zuckerberg&#8217;i yere serebilece\u011fini ifade etti.<\/p>\n<div><img decoding=\"async\" src=\"https:\/\/i01.sozcucdn.com\/wp-content\/uploads\/2023\/06\/28\/musk.jpg\" alt=\"\" title=\"\"><\/p>\n<p>Musk daha \u00f6nce sumo ringinde g\u00f6r\u00fclm\u00fc\u015ft\u00fc.<\/p>\n<\/div>\n<p><strong>\u2018T\u00dcM ZAMANLARIN EN \u00c7OK \u0130ZLENEN D\u00d6V\u00dc\u015e\u00dc OLUR\u2019<\/strong><\/p>\n<p>D\u00fcnyan\u0131n en b\u00fcy\u00fck karma d\u00f6v\u00fc\u015f sanatlar\u0131 organizasyonu olan UFC&#8217;nin Ba\u015fkan\u0131 Dana White da Tesla ve Meta kurucular\u0131 aras\u0131ndaki d\u00f6v\u00fc\u015f\u00fc organize etmeye haz\u0131r olduklar\u0131n\u0131 s\u00f6yledi. \u201cMark ve Elon&#8217;la konu\u015ftum. Bu konuda \u00e7ok ciddiler\u201d diyen White, bu kar\u015f\u0131la\u015fman\u0131n \u201ct\u00fcm zamanlar\u0131n en \u00e7ok izlenen ve en k\u00e2rl\u0131 d\u00f6v\u00fc\u015f\u00fc\u201d olabilece\u011fini kaydetti.<\/p>\n<p>UFC Ba\u015fkan\u0131, Las Vegas&#8217;ta d\u00fczenlenebilecek d\u00f6v\u00fc\u015fte biletlerin 100 dolara sat\u0131labilece\u011fini ifade etti.<\/p>\n<p>Musk daha \u00f6nce karate, tekvando ve judo dersleri ald\u0131\u011f\u0131n\u0131 s\u00f6ylemi\u015fti. Zuckerberg ise ge\u00e7en ay jujutsu turnuvas\u0131na kat\u0131larak iddias\u0131n\u0131 ortaya koymu\u015ftu.<\/p>\n","protected":false},"excerpt":{"rendered":"<p>\u015eaka olarak ba\u015flayan ama ciddile\u015fen Elon Musk ve Mark Zuckerberg aras\u0131ndaki kafes d\u00f6v\u00fc\u015f\u00fc \u00f6ncesi d\u00fcnyan\u0131n en \u00f6nemli d\u00f6v\u00fc\u015f\u00e7\u00fclerinden Georges St. Pierre\u2019den Musk\u2019a b\u00fcy\u00fck destek geldi.<\/p>\n","protected":false},"author":1,"featured_media":106267,"comment_status":"closed","ping_status":"open","sticky":false,"template":"","format":"standard","meta":{"footnotes":""},"categories":[32],"tags":[12860,230,1905,3891],"class_list":["post-106266","post","type-post","status-publish","format-standard","has-post-thumbnail","hentry","category-teknoloji","tag-dovus","tag-musk","tag-unlu","tag-zuckerberg"],"_links":{"self":[{"href":"https:\/\/haberulus.net\/index.php?rest_route=\/wp\/v2\/posts\/106266","targetHints":{"allow":["GET"]}}],"collection":[{"href":"https:\/\/haberulus.net\/index.php?rest_route=\/wp\/v2\/posts"}],"about":[{"href":"https:\/\/haberulus.net\/index.php?rest_route=\/wp\/v2\/types\/post"}],"author":[{"embeddable":true,"href":"https:\/\/haberulus.net\/index.php?rest_route=\/wp\/v2\/users\/1"}],"replies":[{"embeddable":true,"href":"https:\/\/haberulus.net\/index.php?rest_route=%2Fwp%2Fv2%2Fcomments&post=106266"}],"version-history":[{"count":1,"href":"https:\/\/haberulus.net\/index.php?rest_route=\/wp\/v2\/posts\/106266\/revisions"}],"predecessor-version":[{"id":106268,"href":"https:\/\/haberulus.net\/index.php?rest_route=\/wp\/v2\/posts\/106266\/revisions\/106268"}],"wp:featuredmedia":[{"embeddable":true,"href":"https:\/\/haberulus.net\/index.php?rest_route=\/wp\/v2\/media\/106267"}],"wp:attachment":[{"href":"https:\/\/haberulus.net\/index.php?rest_route=%2Fwp%2Fv2%2Fmedia&parent=106266"}],"wp:term":[{"taxonomy":"category","embeddable":true,"href":"https:\/\/haberulus.net\/index.php?rest_route=%2Fwp%2Fv2%2Fcategories&post=106266"},{"taxonomy":"post_tag","embeddable":true,"href":"https:\/\/haberulus.net\/index.php?rest_route=%2Fwp%2Fv2%2Ftags&post=106266"}],"curies":[{"name":"wp","href":"https:\/\/api.w.org\/{rel}","templated":true}]}}