{"id":106287,"date":"2023-06-28T11:21:04","date_gmt":"2023-06-28T11:21:04","guid":{"rendered":"https:\/\/haberulus.net\/?p=106287"},"modified":"2023-06-28T11:21:04","modified_gmt":"2023-06-28T11:21:04","slug":"vatandaslarin-yuzde-60i-bir-haftalik-tatil-masraflarini-karsilayamiyor","status":"publish","type":"post","link":"https:\/\/haberulus.net\/?p=106287","title":{"rendered":"Vatanda\u015flar\u0131n y\u00fczde 60\u2019\u0131 bir haftal\u0131k tatil masraflar\u0131n\u0131 kar\u015f\u0131layam\u0131yor"},"content":{"rendered":"<p>Bu y\u0131l\u0131n ikinci dini bayram\u0131 olan ve 4 g\u00fcn s\u00fcren Kurban Bayram\u0131 d\u00f6neminde 26 ve 27 Haziran g\u00fcnleri de h\u00fck\u00fcmet taraf\u0131ndan tatil ilan edildi\u011fi i\u00e7in bayram tatili hafta sonu tatilleriyle beraber toplamda 9 g\u00fcn oldu.<\/p>\n<p>Ancak tatil 9 g\u00fcn olsa da turizm i\u015fletmelerinde artan fiyatlara vatanda\u015f\u0131n b\u00fct\u00e7esi yetmedi. Son y\u0131llarda d\u00f6viz kurundaki sert art\u0131\u015f\u0131n yaratt\u0131\u011f\u0131 pahal\u0131l\u0131k ve \u00fclkede uzun s\u00fcredir devam eden y\u00fcksek enflasyon pek \u00e7ok vatanda\u015f\u0131n tatil yapmas\u0131n\u0131 zorla\u015ft\u0131rd\u0131.<\/p>\n<p><b>T\u00dcRKLER\u0130N Y\u00dcZDE 60\u2019ININ TAT\u0130LE PARASI YETM\u0130YOR<\/b><\/p>\n<p>T\u00fcrkiye\u2019de vatanda\u015flar\u0131n yakla\u015f\u0131k y\u00fczde 60\u2019\u0131 bir haftal\u0131k tatil yapmaya g\u00fcc\u00fcn\u00fcn yetmeyece\u011fini s\u00f6ylerken tatilde \u015fehir d\u0131\u015f\u0131na \u00e7\u0131kanlar\u0131n \u00e7o\u011fu da memlekete, akraba veya arkada\u015f ziyaretine gitti\u011fini s\u00f6yledi.<\/p>\n<p>T\u00fcrkiye \u0130statistik Kurumu\u2019nun (T\u00dc\u0130K) Gelir ve Ya\u015fam Ko\u015fullar\u0131 Ara\u015ft\u0131rmas\u0131 verilerine g\u00f6re, 2022\u2019de hanelerin y\u00fczde 59,6\u2019s\u0131 evden uzakta bir haftal\u0131k tatil masraflar\u0131n\u0131 ekonomik olarak kar\u015f\u0131layamad\u0131\u011f\u0131n\u0131 beyan etmi\u015fti.<\/p>\n<p>Kur krizinin ya\u015fand\u0131\u011f\u0131 2021 y\u0131l\u0131nda bir haftal\u0131k tatil masraflar\u0131n\u0131 kar\u015f\u0131layamayaca\u011f\u0131n\u0131 belirtenlerin oran\u0131 y\u00fczde 60,8\u2019e kadar y\u00fckselmi\u015fti. Bu oran 2020\u2019de y\u00fczde 59,3, 2019\u2019da y\u00fczde 58,7, 2018\u2019de ise y\u00fczde 58,3 olmu\u015ftu.<\/p>\n<p>Yani T\u00fcrkiye\u2019de vatanda\u015flar\u0131n yaln\u0131zca y\u00fczde 40\u2019\u0131 bir haftal\u0131k tatil yapabilme olana\u011f\u0131na sahipken turizm verilerine bak\u0131ld\u0131\u011f\u0131nda tatile gidenlerin de genellikle akraba ve arkada\u015f ziyareti yapt\u0131\u011f\u0131 g\u00f6r\u00fcld\u00fc. Bunda otel, pansiyon, \u00e7ad\u0131r yeri gibi tesislerin a\u015f\u0131r\u0131 pahal\u0131 olmas\u0131 ana neden oldu.<\/p>\n<p><b>SEYAHATE \u00c7IKANLAR AKRABA EV\u0130NDE KALDI<\/b><\/p>\n<p>T\u00dc\u0130K\u2019in Hanehalk\u0131 Yurt \u0130\u00e7i Turizm verilerine g\u00f6re, ge\u00e7ti\u011fimiz y\u0131l seyahate \u00e7\u0131kanlar\u0131n y\u00fczde 67,7\u2019si akraba veya arkada\u015f evinde konaklad\u0131. Seyahate \u00e7\u0131kanlar\u0131n y\u00fczde 17,7\u2019si kendi evinde konaklarken otelde konaklayanlar\u0131n oran\u0131 8,1, pansiyonda konaklayanlar\u0131n oran\u0131 y\u00fczde 1 oldu.<\/p>\n<p>Ge\u00e7ti\u011fimiz y\u0131l boyunca toplam 55 milyon ki\u015fi seyahate \u00e7\u0131karken bu seyahatlerin y\u00fczde 59,4\u2019\u00fc yak\u0131nlar\u0131 ziyaret amac\u0131yla ger\u00e7ekle\u015fti. Tatil ve gezi ama\u00e7l\u0131 seyahate \u00e7\u0131kanlar\u0131n oran\u0131 ise yaln\u0131zca y\u00fczde 31,1 oldu.<\/p>\n<p><b>EN UCUZ TAT\u0130L 35 B\u0130N TL\u2019DEN BA\u015eLIYOR<\/b><\/p>\n<p>Vatanda\u015flar\u0131n tatile gidememesinde ise en b\u00fcy\u00fck etken tatil maliyetleri oldu.<\/p>\n<p>S\u00d6ZC\u00dc\u2019den Gamze Bal\u2019\u0131n haberine g\u00f6re, ge\u00e7en y\u0131l iki ki\u015filik bir haftal\u0131k tatilin ortalama maliyeti 15-20 bin TL\u2019den ba\u015flarken, bu y\u0131l iki ki\u015finin yaln\u0131zca bir haftal\u0131k konaklama bedeli 35 bin TL&#8217;ye \u00e7\u0131kt\u0131. Buna yemek ve ula\u015f\u0131m da eklendi\u011finde iki ki\u015finin bir haftal\u0131k tatilinin 45-50 bin TL&#8217;ye ula\u015ft\u0131.<\/p>\n<p>Turizmci B\u00fclent B\u00fclb\u00fclo\u011flu&#8217;nun verdi\u011fi bilgiye g\u00f6re, bu yaz otel fiyatlar\u0131 ge\u00e7en y\u0131la k\u0131yasla minimum y\u00fczde 80-100 aral\u0131\u011f\u0131nda zamland\u0131.<\/p>\n<p>4 y\u0131ld\u0131zl\u0131 bir otelde her \u015fey dahil konseptinde 2 ki\u015filik bir haftal\u0131k tatil i\u00e7in gecelik ki\u015fi ba\u015f\u0131 ortalama 2 bin liradan a\u015fa\u011f\u0131 fiyat bulman\u0131n zor oldu\u011funu s\u00f6yleyen B\u00fclb\u00fclo\u011flu, \u201cYani yaln\u0131zca otele en az 28 bin lira vermek gerekecek. Bu fiyat 100 bin liray\u0131 a\u015f\u0131yor\u201d dedi.<\/p>\n","protected":false},"excerpt":{"rendered":"<p>Kurban Bayram\u0131 tatili 9 g\u00fcn olmas\u0131na ra\u011fmen artan konaklama ve yeme i\u00e7me maliyetleri vatanda\u015flar\u0131n tatil yapmas\u0131n\u0131 zorla\u015ft\u0131r\u0131yor. \u0130statistiklere g\u00f6re T\u00fcrk vatanda\u015flar\u0131n\u0131n y\u00fczde 60&#8217;\u0131 bir hafta ve \u00fczerinde bir \u015fehir d\u0131\u015f\u0131 tatilini kar\u015f\u0131layam\u0131yor.<\/p>\n","protected":false},"author":1,"featured_media":106288,"comment_status":"closed","ping_status":"open","sticky":false,"template":"","format":"standard","meta":{"footnotes":""},"categories":[25],"tags":[12954,1548,211,210],"class_list":["post-106287","post","type-post","status-publish","format-standard","has-post-thumbnail","hentry","category-ekonomi","tag-cikanlar","tag-oran","tag-otel","tag-tatil"],"_links":{"self":[{"href":"https:\/\/haberulus.net\/index.php?rest_route=\/wp\/v2\/posts\/106287","targetHints":{"allow":["GET"]}}],"collection":[{"href":"https:\/\/haberulus.net\/index.php?rest_route=\/wp\/v2\/posts"}],"about":[{"href":"https:\/\/haberulus.net\/index.php?rest_route=\/wp\/v2\/types\/post"}],"author":[{"embeddable":true,"href":"https:\/\/haberulus.net\/index.php?rest_route=\/wp\/v2\/users\/1"}],"replies":[{"embeddable":true,"href":"https:\/\/haberulus.net\/index.php?rest_route=%2Fwp%2Fv2%2Fcomments&post=106287"}],"version-history":[{"count":1,"href":"https:\/\/haberulus.net\/index.php?rest_route=\/wp\/v2\/posts\/106287\/revisions"}],"predecessor-version":[{"id":106289,"href":"https:\/\/haberulus.net\/index.php?rest_route=\/wp\/v2\/posts\/106287\/revisions\/106289"}],"wp:featuredmedia":[{"embeddable":true,"href":"https:\/\/haberulus.net\/index.php?rest_route=\/wp\/v2\/media\/106288"}],"wp:attachment":[{"href":"https:\/\/haberulus.net\/index.php?rest_route=%2Fwp%2Fv2%2Fmedia&parent=106287"}],"wp:term":[{"taxonomy":"category","embeddable":true,"href":"https:\/\/haberulus.net\/index.php?rest_route=%2Fwp%2Fv2%2Fcategories&post=106287"},{"taxonomy":"post_tag","embeddable":true,"href":"https:\/\/haberulus.net\/index.php?rest_route=%2Fwp%2Fv2%2Ftags&post=106287"}],"curies":[{"name":"wp","href":"https:\/\/api.w.org\/{rel}","templated":true}]}}