{"id":106347,"date":"2023-06-28T13:21:04","date_gmt":"2023-06-28T13:21:04","guid":{"rendered":"https:\/\/haberulus.net\/?p=106347"},"modified":"2023-06-28T13:21:04","modified_gmt":"2023-06-28T13:21:04","slug":"abd-istihbaratindan-carpici-iddia-rus-komutan-wagnerin-isyan-edecegini-biliyordu","status":"publish","type":"post","link":"https:\/\/haberulus.net\/?p=106347","title":{"rendered":"ABD istihbarat\u0131ndan \u00e7arp\u0131c\u0131 iddia: Rus komutan Wagner\u2019in isyan edece\u011fini biliyordu"},"content":{"rendered":"<p><span>Rusya&#8217;da paral\u0131 asker grubu Wagner&#8217;in ayaklanmas\u0131 bitti ama yank\u0131lar\u0131 g\u00fcndemden d\u00fc\u015fm\u00fcyor.<\/p>\n<p><\/span>ABD&#8217;nin \u00f6nde gelen yay\u0131n organlar\u0131ndan New York Times, ABD istihbarat\u0131na g\u00f6re, Rus ordusunun en \u00f6nemli isimlerinden General Sergey Surovikin&#8217;in Wagner lideri Yevgeni Prigojin&#8217;in isyan planlar\u0131ndan \u00f6nceden haberdar oldu\u011funu yazd\u0131.<\/p>\n<p>Daha \u00f6nce Suriye sava\u015f\u0131nda da \u00f6nemli rol \u00fcstlenen Surovikin, Ocak 2023&#8217;e kadar Ukrayna\u2019daki Rus kuvvetlerinin komutan\u0131yd\u0131. G\u00f6revi b\u0131rakmas\u0131na ra\u011fmen sava\u015f planlar\u0131n\u0131 y\u00f6netmeye devam eden Surovikin, Rusya ordusunda b\u00fcy\u00fck sayg\u0131 ve destek g\u00f6ren biri isim olarak tan\u0131n\u0131yor.<\/p>\n<p><strong>PR\u0130GOJ\u0130N\u2019\u0130N SEVD\u0130\u011e\u0130 KOMUTAN<\/strong><\/p>\n<p>\u201cGeneral Armageddon\u201d lakapl\u0131 Rus komutan, ordunun sava\u015ftaki kapasitesini ve Rusya Savunma Bakan\u0131 Sergey \u015eoygu&#8217;yu yerden yere vuran Wagner lideri Prigojin&#8217;in de \u00f6vd\u00fc\u011f\u00fc bir isimdi.<\/p>\n<div><img decoding=\"async\" src=\"https:\/\/i01.sozcucdn.com\/wp-content\/uploads\/2022\/08\/29\/soygu-putin-reuters.jpg\" alt=\"\" title=\"\"><\/p>\n<p>Putin ve Savunma Bakan\u0131 Sergey \u015eoygu<\/p>\n<\/div>\n<p>New York Times&#8217;a konu\u015fan ABD&#8217;li yetkililer, Surovikin\u2019in isyan\u0131n planlanmas\u0131na yard\u0131m edip etmedi\u011fini \u00f6\u011frenmeye \u00e7al\u0131\u015ft\u0131klar\u0131n\u0131 ifade etti. Yetkililer baz\u0131 Rus generallerin Prigojin&#8217;i desteklemi\u015f olabilece\u011fine dair i\u015faretler oldu\u011funu s\u00f6yledi.<\/p>\n<p>Habere g\u00f6re Wagner lideri, ordu i\u00e7inden destek g\u00f6rmeseydi bu \u00e7apta bir isyan hareketi d\u00fczenlemeye cesaret edemezdi.<\/p>\n<p>Savunma Bakan\u0131 \u015eoygu, ocak ay\u0131nda Genelkurmay Ba\u015fkan\u0131 Valeri Gerasimov\u2019u Ukrayna sava\u015f\u0131n\u0131 denetlemekle g\u00f6revlendirmi\u015f, Surovikin de Gerasimov&#8217;un yard\u0131mc\u0131s\u0131 olmu\u015ftu. Prigojin aylard\u0131r \u015eoygu ve Geramisov&#8217;u \u201cWagner&#8217;e destek vermemekle\u201d su\u00e7layarak iki isme istifa \u00e7a\u011fr\u0131s\u0131 yap\u0131yordu.<\/p>\n<p><strong>\u2018RUS Y\u00d6NET\u0130M\u0130 \u0130\u00c7\u0130NDEK\u0130 SAVA\u015eIN G\u00d6STERGES\u0130\u2019<\/strong><\/p>\n<p>New York Times, General Surovikin&#8217;in ayaklanmaya yard\u0131m etmi\u015f olma ihtimalinin Rusya&#8217;daki y\u00f6netim i\u00e7inde ve askeri komuta merkezinde b\u00fcy\u00fck karga\u015fa oldu\u011funun g\u00f6stergesi olarak g\u00f6r\u00fclece\u011fi yorumunu yapt\u0131.<\/p>\n<p>Haberde, Ukrayna sava\u015f\u0131 ba\u015flad\u0131\u011f\u0131ndan bu yana Rusya i\u00e7indeki rekabetin derinle\u015fti\u011fi kaydedildi.<\/p>\n<p><strong>KREML\u0130N\u2019DEN YANIT<\/strong><\/p>\n<p>\u00d6te yandan iddiayla ilgili Kremlin&#8217;den yan\u0131t geldi. Kremlin s\u00f6zc\u00fcs\u00fc Dimitri Peskov, \u201cBu konuda \u015fu anda \u00e7ok fazla spek\u00fclasyon var\u201d dedi.<\/p>\n<p>Peskov, \u201cSurovikin&#8217;in olaylardaki olas\u0131 rol\u00fcyle ilgili olarak \u201c\u015eu anda ya\u015fananlara dair \u00e7ok fazla s\u00f6ylenti var. Bu da onlardan biri\u201d demekle yetindi.<\/p>\n<p>Sergey Surovikin, isyan\u0131n ya\u015fand\u0131\u011f\u0131 cumartesi ak\u015fam\u0131 Putin&#8217;e destek vermi\u015f ve sava\u015f\u00e7\u0131lar\u0131n\u0131n Moskova&#8217;ya y\u00f6nlendiren Prigojin&#8217;e geri \u00e7ekilme \u00e7a\u011fr\u0131s\u0131 yapm\u0131\u015ft\u0131.<\/p>\n","protected":false},"excerpt":{"rendered":"<p>Rus paral\u0131 asker grubu Wagner\u2019in Yevgeni Prigojin liderli\u011finde Putin y\u00f6netimine meydan okumas\u0131yla ilgili ABD\u2019den \u00e7ok dikkat \u00e7eken bir iddia geldi.<\/p>\n","protected":false},"author":1,"featured_media":106348,"comment_status":"closed","ping_status":"open","sticky":false,"template":"","format":"standard","meta":{"footnotes":""},"categories":[24],"tags":[711,11280,69,802,5020],"class_list":["post-106347","post","type-post","status-publish","format-standard","has-post-thumbnail","hentry","category-dunya","tag-destek","tag-prigojin","tag-rus","tag-savas","tag-wagner"],"_links":{"self":[{"href":"https:\/\/haberulus.net\/index.php?rest_route=\/wp\/v2\/posts\/106347","targetHints":{"allow":["GET"]}}],"collection":[{"href":"https:\/\/haberulus.net\/index.php?rest_route=\/wp\/v2\/posts"}],"about":[{"href":"https:\/\/haberulus.net\/index.php?rest_route=\/wp\/v2\/types\/post"}],"author":[{"embeddable":true,"href":"https:\/\/haberulus.net\/index.php?rest_route=\/wp\/v2\/users\/1"}],"replies":[{"embeddable":true,"href":"https:\/\/haberulus.net\/index.php?rest_route=%2Fwp%2Fv2%2Fcomments&post=106347"}],"version-history":[{"count":1,"href":"https:\/\/haberulus.net\/index.php?rest_route=\/wp\/v2\/posts\/106347\/revisions"}],"predecessor-version":[{"id":106349,"href":"https:\/\/haberulus.net\/index.php?rest_route=\/wp\/v2\/posts\/106347\/revisions\/106349"}],"wp:featuredmedia":[{"embeddable":true,"href":"https:\/\/haberulus.net\/index.php?rest_route=\/wp\/v2\/media\/106348"}],"wp:attachment":[{"href":"https:\/\/haberulus.net\/index.php?rest_route=%2Fwp%2Fv2%2Fmedia&parent=106347"}],"wp:term":[{"taxonomy":"category","embeddable":true,"href":"https:\/\/haberulus.net\/index.php?rest_route=%2Fwp%2Fv2%2Fcategories&post=106347"},{"taxonomy":"post_tag","embeddable":true,"href":"https:\/\/haberulus.net\/index.php?rest_route=%2Fwp%2Fv2%2Ftags&post=106347"}],"curies":[{"name":"wp","href":"https:\/\/api.w.org\/{rel}","templated":true}]}}