{"id":106377,"date":"2023-06-28T14:05:05","date_gmt":"2023-06-28T14:05:05","guid":{"rendered":"https:\/\/haberulus.net\/?p=106377"},"modified":"2023-06-28T14:05:05","modified_gmt":"2023-06-28T14:05:05","slug":"nafia-kus-klasik-arabayla-sehir-turu-atti","status":"publish","type":"post","link":"https:\/\/haberulus.net\/?p=106377","title":{"rendered":"Nafia Ku\u015f klasik arabayla \u015fehir turu att\u0131"},"content":{"rendered":"<p>Azerbaycan\u2019da d\u00fczenlenen 2023 D\u00fcnya Tekvando \u015eampiyonas\u0131\u2019nda ve Polonya\u2019da ger\u00e7ekle\u015ftirilen 3. Avrupa Oyunlar\u0131\u2019nda alt\u0131n madalya kazanan milli tekvandocu Nafia Ku\u015f, memleketi Adana\u2019da \u00fcst\u00fc a\u00e7\u0131k klasik arabayla \u015fehir turu att\u0131.<\/p>\n<p>Kat\u0131ld\u0131\u011f\u0131 uluslararas\u0131 organizasyonlarda 2 alt\u0131n madalya kazanarak \u00f6nemli bir ba\u015far\u0131 elde eden Nafia, memleketi Adana\u2019da ilgiyle kar\u015f\u0131la\u015ft\u0131. \u00dcst\u00fc a\u00e7\u0131k klasik otomobile binen 28 ya\u015f\u0131ndaki sporcu, ailesi ve sporcu arkada\u015flar\u0131yla kent merkezinde \u015fehir turuna \u00e7\u0131kt\u0131.<\/p>\n<p>Nafia, gazetecilere yapt\u0131\u011f\u0131 a\u00e7\u0131klamada, ba\u015far\u0131 elde etmek i\u00e7in 19 y\u0131ld\u0131r m\u00fccadele verdi\u011fini s\u00f6yledi. Bu s\u00fcre\u00e7te sakatl\u0131klar ve yenilgiler ya\u015fad\u0131\u011f\u0131n\u0131 dile getiren Nafia, hepsinin \u00fcstesinden gelmeyi bildi\u011fini aktard\u0131.<\/p>\n<p>Bundan sonra da g\u00fczel ba\u015far\u0131lara imza ataca\u011f\u0131n\u0131 belirten Nafia, \u201c\u00d6n\u00fcm\u00fczde 2024 Paris Olimpiyatlar\u0131 var. Orada da \u00fclkemi en g\u00fczel \u015fekilde temsil edip, kariyerimin tek eksik alt\u0131n madalyas\u0131n\u0131 kazanmak istiyorum. Bunun i\u00e7in \u00e7ok m\u00fccadele veriyorum. O alt\u0131n madalyay\u0131 da kazanaca\u011f\u0131ma inan\u0131yorum\u201d diye konu\u015ftu.<\/p>\n","protected":false},"excerpt":{"rendered":"<p>\u015eampiyon milli tekvandocu Nafia Ku\u015f, memleketi Adana&#8217;da klasik arabayla tur att\u0131.<\/p>\n","protected":false},"author":1,"featured_media":106378,"comment_status":"closed","ping_status":"open","sticky":false,"template":"","format":"standard","meta":{"footnotes":""},"categories":[31],"tags":[12959],"class_list":["post-106377","post","type-post","status-publish","format-standard","has-post-thumbnail","hentry","category-spor","tag-nafia"],"_links":{"self":[{"href":"https:\/\/haberulus.net\/index.php?rest_route=\/wp\/v2\/posts\/106377","targetHints":{"allow":["GET"]}}],"collection":[{"href":"https:\/\/haberulus.net\/index.php?rest_route=\/wp\/v2\/posts"}],"about":[{"href":"https:\/\/haberulus.net\/index.php?rest_route=\/wp\/v2\/types\/post"}],"author":[{"embeddable":true,"href":"https:\/\/haberulus.net\/index.php?rest_route=\/wp\/v2\/users\/1"}],"replies":[{"embeddable":true,"href":"https:\/\/haberulus.net\/index.php?rest_route=%2Fwp%2Fv2%2Fcomments&post=106377"}],"version-history":[{"count":1,"href":"https:\/\/haberulus.net\/index.php?rest_route=\/wp\/v2\/posts\/106377\/revisions"}],"predecessor-version":[{"id":106379,"href":"https:\/\/haberulus.net\/index.php?rest_route=\/wp\/v2\/posts\/106377\/revisions\/106379"}],"wp:featuredmedia":[{"embeddable":true,"href":"https:\/\/haberulus.net\/index.php?rest_route=\/wp\/v2\/media\/106378"}],"wp:attachment":[{"href":"https:\/\/haberulus.net\/index.php?rest_route=%2Fwp%2Fv2%2Fmedia&parent=106377"}],"wp:term":[{"taxonomy":"category","embeddable":true,"href":"https:\/\/haberulus.net\/index.php?rest_route=%2Fwp%2Fv2%2Fcategories&post=106377"},{"taxonomy":"post_tag","embeddable":true,"href":"https:\/\/haberulus.net\/index.php?rest_route=%2Fwp%2Fv2%2Ftags&post=106377"}],"curies":[{"name":"wp","href":"https:\/\/api.w.org\/{rel}","templated":true}]}}