{"id":106383,"date":"2023-06-28T14:21:04","date_gmt":"2023-06-28T14:21:04","guid":{"rendered":"https:\/\/haberulus.net\/?p=106383"},"modified":"2023-06-28T14:21:04","modified_gmt":"2023-06-28T14:21:04","slug":"turkiye-isvec-toplantisi-6-temmuzda-duzenlenecek","status":"publish","type":"post","link":"https:\/\/haberulus.net\/?p=106383","title":{"rendered":"T\u00fcrkiye-\u0130sve\u00e7 toplant\u0131s\u0131 6 Temmuz\u2019da d\u00fczenlenecek"},"content":{"rendered":"<p>\u0130sve\u00e7\u2019in NATO \u00fcyeli\u011fi hakk\u0131nda T\u00fcrkiye, \u0130sve\u00e7 ve Finlandiya\u2019n\u0131n d\u0131\u015fi\u015fleri bakanlar\u0131n\u0131n da kat\u0131laca\u011f\u0131 \u00fcst d\u00fczey toplant\u0131n\u0131n, 6 Temmuz\u2019da, Br\u00fcksel\u2019de yap\u0131laca\u011f\u0131 bildirildi.<\/p>\n<p>NATO Genel Sekreteri Jens Stoltenberg, Estonya Ba\u015fbakan\u0131 Kaja Kallas ile Br\u00fcksel\u2019deki NATO karargah\u0131nda yapt\u0131\u011f\u0131 g\u00f6r\u00fc\u015fmenin ard\u0131ndan d\u00fczenlenen ortak bas\u0131n toplant\u0131s\u0131nda konu\u015ftu. Finlandiya\u2019n\u0131n, bir NATO zirvesine ilk kez \u00fcye olarak kat\u0131laca\u011f\u0131n\u0131 hat\u0131rlatan Stoltenberg, 11-12 Temmuz\u2019da Litvanya\u2019n\u0131n ba\u015fkenti Vilnius\u2019ta yap\u0131lacak NATO Zirvesi\u2019ne kadar \u0130sve\u00e7\u2019in \u00fcyelik s\u00fcrecinin de tamamlanmas\u0131 i\u00e7in \u00e7al\u0131\u015ft\u0131klar\u0131n\u0131 belirtti.<\/p>\n<p>Bu ama\u00e7la bu hafta ba\u015f\u0131nda T\u00fcrkiye, \u0130sve\u00e7 ve Finlandiya aras\u0131nda Br\u00fcksel\u2019deki NATO karargah\u0131nda \u00fcst d\u00fczey bir toplant\u0131 teklifi yapt\u0131\u011f\u0131n\u0131 an\u0131msatan Stoltenberg, daha \u00f6nce zaman\u0131n\u0131 a\u00e7\u0131klamad\u0131\u011f\u0131 toplant\u0131n\u0131n, \u201cgelecek hafta per\u015fembe g\u00fcn\u00fc\u201d d\u00fczenlenece\u011fini kaydetti.<\/p>\n<p>Stoltenberg, pazartesi g\u00fcn\u00fc yapt\u0131\u011f\u0131 a\u00e7\u0131klamada, \u201cD\u00fcn Cumhurba\u015fkan\u0131 Erdo\u011fan ile konu\u015ftum. Ayr\u0131ca Finlandiya ve \u0130sve\u00e7 h\u00fck\u00fcmetleri ile yak\u0131n temas halindeyim. Zirve \u00f6ncesinde Br\u00fcksel\u2019de \u00fcst d\u00fczey bir toplant\u0131 yap\u0131lmas\u0131 konusunda anla\u015fmaya vard\u0131k. Bu toplant\u0131da d\u0131\u015fi\u015fleri bakanlar\u0131, istihbarat birimlerinin ba\u015fkanlar\u0131 ve ulusal g\u00fcvenlik dan\u0131\u015fmanlar\u0131 bulunacak. Ama\u00e7, \u0130sve\u00e7\u2019in NATO\u2019ya kat\u0131l\u0131m\u0131n\u0131n tamamlanmas\u0131 konusunda ilerleme sa\u011flamak\u201d ifadesini kullanm\u0131\u015ft\u0131.<\/p>\n<p>Madrid\u2019de, Haziran 2022\u2019de d\u00fczenlenen NATO Zirvesi\u2019nde T\u00fcrkiye, Finlandiya, \u0130sve\u00e7 aras\u0131nda olu\u015fturulan \u00fc\u00e7l\u00fc mutabakat uyar\u0131nca tesis edilen Daimi Ortak Mekanizma\u2019n\u0131n d\u00f6rd\u00fcnc\u00fc toplant\u0131s\u0131, 14 Haziran\u2019da, Ankara\u2019da yap\u0131lm\u0131\u015ft\u0131.<\/p>\n<p>Cumhurba\u015fkan\u0131 Ba\u015fdan\u0131\u015fman\u0131 B\u00fcy\u00fckel\u00e7i Akif \u00c7a\u011fatay K\u0131l\u0131\u00e7\u2019\u0131n ev sahipli\u011finde, Cumhurba\u015fkanl\u0131\u011f\u0131 K\u00fclliyesi\u2019nde ger\u00e7ekle\u015ftirilen toplant\u0131ya, NATO heyeti ba\u015fkan\u0131 olarak NATO Genel Sekreter Kabine \u015eefi Stian Jenssen, \u0130sve\u00e7 heyeti ba\u015fkan\u0131 olarak \u0130sve\u00e7 D\u0131\u015fi\u015fleri Bakanl\u0131\u011f\u0131 Devlet Sekreteri B\u00fcy\u00fckel\u00e7i Jan Knutsson ve Finlandiya heyeti ba\u015fkan\u0131 olarak da Finlandiya D\u0131\u015fi\u015fleri Bakanl\u0131\u011f\u0131 Daimi Devlet Sekreteri Jukka Salovaara kat\u0131lm\u0131\u015ft\u0131. (AA)<\/p>\n","protected":false},"excerpt":{"rendered":"<p>\u0130sve\u00e7&#8217;in NATO \u00fcyeli\u011fi hakk\u0131ndaki \u00fcst d\u00fczey toplant\u0131 6 Temmuz&#8217;da yap\u0131lacak.<\/p>\n","protected":false},"author":1,"featured_media":106384,"comment_status":"closed","ping_status":"open","sticky":false,"template":"","format":"standard","meta":{"footnotes":""},"categories":[24],"tags":[674,816,263,507],"class_list":["post-106383","post","type-post","status-publish","format-standard","has-post-thumbnail","hentry","category-dunya","tag-finlandiya","tag-isvec","tag-nato","tag-toplanti"],"_links":{"self":[{"href":"https:\/\/haberulus.net\/index.php?rest_route=\/wp\/v2\/posts\/106383","targetHints":{"allow":["GET"]}}],"collection":[{"href":"https:\/\/haberulus.net\/index.php?rest_route=\/wp\/v2\/posts"}],"about":[{"href":"https:\/\/haberulus.net\/index.php?rest_route=\/wp\/v2\/types\/post"}],"author":[{"embeddable":true,"href":"https:\/\/haberulus.net\/index.php?rest_route=\/wp\/v2\/users\/1"}],"replies":[{"embeddable":true,"href":"https:\/\/haberulus.net\/index.php?rest_route=%2Fwp%2Fv2%2Fcomments&post=106383"}],"version-history":[{"count":1,"href":"https:\/\/haberulus.net\/index.php?rest_route=\/wp\/v2\/posts\/106383\/revisions"}],"predecessor-version":[{"id":106385,"href":"https:\/\/haberulus.net\/index.php?rest_route=\/wp\/v2\/posts\/106383\/revisions\/106385"}],"wp:featuredmedia":[{"embeddable":true,"href":"https:\/\/haberulus.net\/index.php?rest_route=\/wp\/v2\/media\/106384"}],"wp:attachment":[{"href":"https:\/\/haberulus.net\/index.php?rest_route=%2Fwp%2Fv2%2Fmedia&parent=106383"}],"wp:term":[{"taxonomy":"category","embeddable":true,"href":"https:\/\/haberulus.net\/index.php?rest_route=%2Fwp%2Fv2%2Fcategories&post=106383"},{"taxonomy":"post_tag","embeddable":true,"href":"https:\/\/haberulus.net\/index.php?rest_route=%2Fwp%2Fv2%2Ftags&post=106383"}],"curies":[{"name":"wp","href":"https:\/\/api.w.org\/{rel}","templated":true}]}}