{"id":106539,"date":"2023-06-29T04:21:13","date_gmt":"2023-06-29T04:21:13","guid":{"rendered":"https:\/\/haberulus.net\/?p=106539"},"modified":"2023-06-29T04:21:13","modified_gmt":"2023-06-29T04:21:13","slug":"tepkiler-artiyor-fas-stockholm-buyukelcisini-suresiz-geri-cagirdi","status":"publish","type":"post","link":"https:\/\/haberulus.net\/?p=106539","title":{"rendered":"Tepkiler art\u0131yor, Fas, Stockholm B\u00fcy\u00fckel\u00e7isini s\u00fcresiz geri \u00e7a\u011f\u0131rd\u0131"},"content":{"rendered":"<p>Arap \u00fclkelerinden Suudi Arabistan, Kuveyt, Yemen\u2019in yan\u0131 s\u0131ra, Arap Parlamentolar Birli\u011fi ve K\u00f6rfez \u0130\u015fbirli\u011fi Konseyi (K\u0130K), \u0130sve\u00e7\u2019in ba\u015fkenti Stockholm\u2019de bir caminin \u00f6n\u00fcnde Kur\u2019an-\u0131 Kerim yak\u0131lmas\u0131n\u0131 k\u0131nad\u0131.<\/p>\n<p>\u25a0 <strong>Suudi Arabistan<\/strong> D\u0131\u015fi\u015fleri Bakanl\u0131\u011f\u0131 a\u00e7\u0131klamas\u0131nda, tekrar eden bu tiksindirici eylemlerin gerek\u00e7esi ne olursa olsun kabul edilmez oldu\u011fu, bu davran\u0131\u015flar\u0131n nefreti, \u0131rk\u00e7\u0131l\u0131\u011f\u0131 ve d\u0131\u015flamay\u0131 k\u00f6r\u00fckledi\u011fi ifade edildi.<\/p>\n<p>\u25a0<strong> Kuveyt<\/strong> D\u0131\u015fi\u015fleri Bakanl\u0131\u011f\u0131 da olay\u0131 t\u00fcm d\u00fcnyadaki M\u00fcsl\u00fcmanlar\u0131n duygular\u0131n\u0131 alevlendirecek tehlikeli, provokatif bir ad\u0131m olarak tan\u0131mlad\u0131\u011f\u0131 a\u00e7\u0131klamas\u0131nda, uluslararas\u0131 topluma ve \u0130sve\u00e7 h\u00fck\u00fcmetine nefret ve taassup duygular\u0131n\u0131n bertaraf edilmesi i\u00e7in acil harekete ge\u00e7meleri \u00e7a\u011fr\u0131s\u0131 yapt\u0131.<\/p>\n<p>\u25a0 <strong>Yemen<\/strong> D\u0131\u015fi\u015fleri Bakanl\u0131\u011f\u0131 a\u00e7\u0131klamas\u0131nda nefret dolu a\u015f\u0131r\u0131l\u0131k yanl\u0131s\u0131 bir hareket taraf\u0131ndan \u0130slami kutsal m\u00fcnasebetlerin oldu\u011fu bir s\u00fcre\u00e7te d\u00fcnya \u00e7ap\u0131nda M\u00fcsl\u00fcmanlar\u0131n duygular\u0131n\u0131 kas\u0131tl\u0131 provoke etmenin hesaba \u00e7ekilmesi ve bunu te\u015fvik edenlerin t\u00fcm\u00fcn\u00fcn cezaland\u0131r\u0131lmas\u0131 gerekti\u011fi kaydedildi. Bakanl\u0131k, ho\u015fg\u00f6r\u00fc de\u011ferlerine inanmayan, nefret k\u00fclt\u00fcr\u00fcn\u00fc hedef alan bu t\u00fcrden tacizlerin engellenmesine ili\u015fkin \u00f6nlemlerin al\u0131nmas\u0131 \u00e7a\u011fr\u0131s\u0131 yapt\u0131.<\/p>\n<p>\u25a0 Kur\u2019an-\u0131 Kerim\u2019i yakma eylemine tepki g\u00f6steren kurumlar aras\u0131nda<strong> K\u00f6rfez \u0130\u015fbirli\u011fi Konseyi<\/strong> de yer ald\u0131. K\u0130K yapt\u0131\u011f\u0131 a\u00e7\u0131klamada, s\u00f6z konusu eylemlerin a\u015f\u0131r\u0131l\u0131k, \u00e7ekememezlik ve nefreti g\u00f6sterdi\u011fini, \u0130sve\u00e7 makamlar\u0131n\u0131n bunlar\u0131n durdurulmas\u0131 i\u00e7in ivedilikle harekete ge\u00e7mesi gerekti\u011fi istendi.<\/p>\n<p>\u25a0 <strong>Filistin<\/strong>, \u0130sve\u00e7\u2019in ba\u015fkenti Stockholm\u2019de bir caminin \u00f6n\u00fcnde Kur\u2019an-\u0131 Kerim yak\u0131lmas\u0131n\u0131 \u201c\u0130slam dini ve Kur\u2019an-\u0131 Kerim\u2019e y\u00f6nelik nefret ve \u0131rk\u00e7\u0131l\u0131\u011f\u0131n bir ifadesi\u201d olarak de\u011ferlendirerek k\u0131nad\u0131. Filistin D\u0131\u015fi\u015fleri Bakanl\u0131\u011f\u0131ndan yap\u0131lan yaz\u0131l\u0131 a\u00e7\u0131klamada, \u201cD\u0131\u015fi\u015fleri Bakanl\u0131\u011f\u0131, \u0130sve\u00e7\u2019in ba\u015fkenti Stockholm\u2019de nefret dolu bir a\u015f\u0131r\u0131l\u0131k yanl\u0131s\u0131 taraf\u0131ndan \u0130slam dini ve Kur\u2019an-\u0131 Kerim\u2019e y\u00f6nelik nefret ve \u0131rk\u00e7\u0131l\u0131\u011f\u0131n bir ifadesi olarak Kur\u2019an-\u0131 Kerim\u2019in bir n\u00fcshas\u0131n\u0131n yak\u0131lmas\u0131 ve ona sayg\u0131s\u0131zl\u0131k edilmesi su\u00e7unu k\u0131n\u0131yor.\u201d ifadesine yer verildi.<br \/>A\u00e7\u0131klamada, Kur\u2019an-\u0131 Kerim yakma eyleminin, \u201cinsan haklar\u0131 ilkelerine, ho\u015fg\u00f6r\u00fc de\u011ferlerine, di\u011ferini kabul etmeye, demokrasiye ve t\u00fcm dinlerin mensuplar\u0131 aras\u0131nda bar\u0131\u015f i\u00e7inde bir arada ya\u015fama de\u011ferlerine kar\u015f\u0131 a\u00e7\u0131k bir sald\u0131r\u0131\u201d oldu\u011fu vurguland\u0131.<br \/>A\u00e7\u0131klamada \u201cBu \u0131rk\u00e7\u0131 eylemin ifade \u00f6zg\u00fcrl\u00fc\u011f\u00fcne tamamen ayk\u0131r\u0131 oldu\u011fu ve d\u00fcnyadaki milyonlarca M\u00fcsl\u00fcman\u2019\u0131n hissiyat\u0131na dokundu\u011fu\u201d kaydedildi.<\/p>\n<p>\u25a0 <strong>Arap Parlamentolar Birli\u011fi<\/strong> de yap\u0131lan\u0131n d\u00fcnya M\u00fcsl\u00fcmanlar\u0131 i\u00e7in k\u0131\u015fk\u0131rt\u0131c\u0131 bir eylem oldu\u011funu belirterek, \u201c\u0130sve\u00e7 makamlar\u0131n\u0131n bu t\u00fcrden provokatif eylemlere devam etmesini\u201d k\u0131nad\u0131.<\/p>\n<p>\u25a0 L\u00fcbnan\u2019daki Y\u00fcksek <strong>\u0130slami \u015eii Konseyi<\/strong>, olay\u0131 \u0130slam \u00fcmmetine kar\u015f\u0131 bir sald\u0131r\u0131, din ve inan\u00e7 \u00f6zg\u00fcrl\u00fc\u011f\u00fcne kar\u015f\u0131 a\u00e7\u0131k bir ihlal olarak niteledi. \u015eii Konseyi a\u00e7\u0131klamas\u0131nda, halklara ve ayd\u0131nlara yap\u0131lan \u00e7a\u011fr\u0131da bu \u201cdin sava\u015f\u0131n\u0131n\u201d kar\u015f\u0131s\u0131nda ciddi bir \u015fekilde durulmas\u0131 ve \u0130sve\u00e7 h\u00fck\u00fcmetine bask\u0131lar\u0131n art\u0131r\u0131lmas\u0131 istendi.<\/p>\n<p>\u25a0 <strong>\u00dcrd\u00fcn<\/strong>, D\u00fcnya M\u00fcsl\u00fcman Alimler Birli\u011fi, Hamas Hareketi ve \u0130slami Cihad Hareketi, olaya ili\u015fkin daha \u00f6nceki a\u00e7\u0131klamalar\u0131nda tepki ve k\u0131namalar\u0131n\u0131 duyurmu\u015ftu.<\/p>\n<p>\u0130sve\u00e7\u2019in ba\u015fkenti Stockholm\u2019de Irak as\u0131ll\u0131 Salwan Momika isimli bir ki\u015fi d\u00fcn Stockholm Camisi \u00f6n\u00fcnde polis korumas\u0131 alt\u0131nda Kur\u2019an-\u0131 Kerim yakm\u0131\u015ft\u0131.<\/p>\n<p><b><strong>Fas, Stockholm B\u00fcy\u00fckel\u00e7isini s\u00fcresiz geri \u00e7a\u011f\u0131rd\u0131<\/strong><\/b><\/p>\n<p>Fas, Kur\u2019an-\u0131 Kerim yak\u0131lmas\u0131 nedeniyle Stockholm\u2019deki B\u00fcy\u00fckel\u00e7isini isti\u015farelerde bulunmak \u00fczere s\u00fcresiz olarak \u00fclkeye, \u0130sve\u00e7\u2019in Rabat\u2019taki maslahatg\u00fczar\u0131n\u0131 da D\u0131\u015fi\u015fleri Bakanl\u0131\u011f\u0131\u2019na \u00e7a\u011f\u0131rd\u0131.<\/p>\n<p>D\u0131\u015fi\u015fleri Bakanl\u0131\u011f\u0131ndan yap\u0131lan yaz\u0131l\u0131 a\u00e7\u0131klamada, olay\u0131n \u015fiddetle k\u0131nand\u0131\u011f\u0131 ve el\u00e7ilere ili\u015fkin at\u0131lan ad\u0131m\u0131n Fas Kral\u0131 6. Muhammed\u2019in bizzat talimat\u0131yla oldu\u011fu kaydedildi.<\/p>\n<p>\u0130sve\u00e7 h\u00fck\u00fcmetinin Stockholm\u2019de bir cami \u00f6n\u00fcnde Kur\u2019an-\u0131 Kerim yak\u0131lmas\u0131na yeniden izin verdi\u011fi ifade edilen a\u00e7\u0131klamada, olay \u201cHac mevsimi ve Kurban Bayram\u0131 gibi kutsal bir d\u00f6nemle e\u015fzamanl\u0131 bir milyardan fazla M\u00fcsl\u00fcman\u0131n duygular\u0131n\u0131n duvardan duvara vuruldu\u011fu yeni sorumsuz bir sald\u0131r\u0131\u201d olarak nitelendi.<\/p>\n<p>A\u00e7\u0131klamada \u015fu ifadeler yer ald\u0131:<\/p>\n<p>\u201c\u00dclkeler aras\u0131ndaki olabilecek siyasi tutumlar ya da anla\u015fmazl\u0131klar ne olursa olsun, Fas Krall\u0131\u011f\u0131, M\u00fcsl\u00fcmanlar\u0131n inanc\u0131n\u0131n bu yolla a\u015fa\u011f\u0131lanmas\u0131n\u0131 kabul edilemez g\u00f6rmektedir. Yine ho\u015fg\u00f6r\u00fc ilkeleri ve evrensel de\u011ferlerin, baz\u0131lar\u0131n\u0131n g\u00f6r\u00fc\u015flerini kavramaya ve ayn\u0131 zamanda bir milyardan fazla M\u00fcsl\u00fcman\u0131n inan\u00e7lar\u0131n\u0131 az dikkate almaya indirgenmesi m\u00fcmk\u00fcn de\u011fildir.\u201d<\/p>\n<p>A\u00e7\u0131klamada, provokatif, tekrarlanan Kur\u2019an-\u0131 Kerim yakma eylemlerinin \u0130sve\u00e7 h\u00fck\u00fcmetinin r\u0131zas\u0131yla g\u00f6zler \u00f6n\u00fcnde ger\u00e7ekle\u015fmesine kar\u015f\u0131 Kral 6. Muhammed\u2019in talimat\u0131yla Rabat\u2019taki \u0130sve\u00e7 maslahatg\u00fczar\u0131n\u0131n D\u0131\u015fi\u015fleri Bakanl\u0131\u011f\u0131na \u00e7a\u011fr\u0131ld\u0131\u011f\u0131 ve sald\u0131r\u0131n\u0131n \u015fiddetle k\u0131nand\u0131\u011f\u0131, kabul edilemeyen bu davran\u0131\u015f\u0131n reddedildi\u011fi kaydedildi.<\/p>\n<p>Ayn\u0131 \u015fekilde s\u00fcresi belirsiz olmak \u00fczere Stockholm\u2019deki Fas B\u00fcy\u00fckel\u00e7isi\u2019nin de isti\u015fare amac\u0131yla \u00fclkeye geri \u00e7a\u011fr\u0131ld\u0131\u011f\u0131 bildirildi.<\/p>\n","protected":false},"excerpt":{"rendered":"<p>\u0130sve\u00e7&#8217;te polis korumas\u0131 alt\u0131na Kur&#8217;an-\u0131 Kerim yak\u0131lmas\u0131na kar\u015f\u0131 tepkiler b\u00fcy\u00fcyor. Arap \u00fclkelerinden Suudi Arabistan, Kuveyt, Filistin, Yemen&#8217;in yan\u0131 s\u0131ra, Arap Parlamentolar Birli\u011fi ve K\u00f6rfez \u0130\u015fbirli\u011fi Konseyi Kur&#8217;an-\u0131 Kerim&#8217;in yak\u0131lmas\u0131n\u0131 k\u0131nad\u0131. Fas, Stockholm B\u00fcy\u00fckel\u00e7isini s\u00fcresiz geri \u00e7a\u011f\u0131rd\u0131.<\/p>\n","protected":false},"author":1,"featured_media":106540,"comment_status":"closed","ping_status":"open","sticky":false,"template":"","format":"standard","meta":{"footnotes":""},"categories":[24],"tags":[5518,1428,12958,5077,7501],"class_list":["post-106539","post","type-post","status-publish","format-standard","has-post-thumbnail","hentry","category-dunya","tag-disisleri-bakanligi","tag-eylem","tag-kuran-i-kerim","tag-musluman","tag-nefret"],"_links":{"self":[{"href":"https:\/\/haberulus.net\/index.php?rest_route=\/wp\/v2\/posts\/106539","targetHints":{"allow":["GET"]}}],"collection":[{"href":"https:\/\/haberulus.net\/index.php?rest_route=\/wp\/v2\/posts"}],"about":[{"href":"https:\/\/haberulus.net\/index.php?rest_route=\/wp\/v2\/types\/post"}],"author":[{"embeddable":true,"href":"https:\/\/haberulus.net\/index.php?rest_route=\/wp\/v2\/users\/1"}],"replies":[{"embeddable":true,"href":"https:\/\/haberulus.net\/index.php?rest_route=%2Fwp%2Fv2%2Fcomments&post=106539"}],"version-history":[{"count":1,"href":"https:\/\/haberulus.net\/index.php?rest_route=\/wp\/v2\/posts\/106539\/revisions"}],"predecessor-version":[{"id":106541,"href":"https:\/\/haberulus.net\/index.php?rest_route=\/wp\/v2\/posts\/106539\/revisions\/106541"}],"wp:featuredmedia":[{"embeddable":true,"href":"https:\/\/haberulus.net\/index.php?rest_route=\/wp\/v2\/media\/106540"}],"wp:attachment":[{"href":"https:\/\/haberulus.net\/index.php?rest_route=%2Fwp%2Fv2%2Fmedia&parent=106539"}],"wp:term":[{"taxonomy":"category","embeddable":true,"href":"https:\/\/haberulus.net\/index.php?rest_route=%2Fwp%2Fv2%2Fcategories&post=106539"},{"taxonomy":"post_tag","embeddable":true,"href":"https:\/\/haberulus.net\/index.php?rest_route=%2Fwp%2Fv2%2Ftags&post=106539"}],"curies":[{"name":"wp","href":"https:\/\/api.w.org\/{rel}","templated":true}]}}