{"id":106542,"date":"2023-06-29T04:51:02","date_gmt":"2023-06-29T04:51:02","guid":{"rendered":"https:\/\/haberulus.net\/?p=106542"},"modified":"2023-06-29T04:51:02","modified_gmt":"2023-06-29T04:51:02","slug":"turkiye-uzerinde-baski-artiyor-batili-yetkililer-yasananlari-anlatti","status":"publish","type":"post","link":"https:\/\/haberulus.net\/?p=106542","title":{"rendered":"T\u00fcrkiye \u00fczerinde bask\u0131 art\u0131yor: Bat\u0131l\u0131 yetkililer ya\u015fananlar\u0131 anlatt\u0131"},"content":{"rendered":"<p>Rusya ile Ukrayna aras\u0131ndaki sava\u015f devam ederken NATO\u2019ya \u00fcye olmak i\u00e7in Finlandiya ile ba\u015fvuran \u0130sve\u00e7\u2019in \u00fcyelik s\u00fcreci halen sallant\u0131da\u2026<\/p>\n<p>Finlandiya resmen NATO \u00fcyesi olurken T\u00fcrkiye ile Macaristan hen\u00fcz \u0130sve\u00e7\u2019in \u00fcyeli\u011fini onaylamad\u0131. Temmuz ay\u0131nda Litvanya\u2019n\u0131n ba\u015fkenti Vilnius\u2019ta yap\u0131lacak olan NATO Liderler Zirvesi \u00f6ncesinde ittifak\u0131n en b\u00fcy\u00fck g\u00fcndem maddesi \u0130sve\u00e7\u2019in \u00fcyeli\u011fi.<\/p>\n<p>NATO, \u0130sve\u00e7\u2019i dahil ederek Rusya\u2019ya \u201cbirliktelik\u201d mesaj\u0131 verme amac\u0131n\u0131 g\u00fcderken, hen\u00fcz T\u00fcrkiye ve Macaristan\u2019dan ye\u015fil \u0131\u015f\u0131k gelmedi. \u0130ngiliz haber ajans\u0131 Reuters\u2019a konu\u015fan Bat\u0131l\u0131 yetkililer T\u00fcrkiye \u00fczerinde bask\u0131n\u0131n artt\u0131\u011f\u0131n\u0131 ve son d\u00f6nemde yo\u011fun bir g\u00f6r\u00fc\u015fme trafi\u011fi oldu\u011funu duyurdu.<\/p>\n<p><strong>\u201cZ\u0130RVE SONRASINA KALAB\u0130L\u0130R\u201d<\/strong><\/p>\n<p>Reuters\u2019taki haberde, \u201cNATO m\u00fcttefikleri T\u00fcrkiye\u2019yi ikna etmek i\u00e7in \u00e7abalar\u0131n\u0131 art\u0131r\u0131rken gelecek ay yap\u0131lacak zirve \u00f6ncesinde ba\u015far\u0131ya ula\u015f\u0131p ula\u015famayacaklar\u0131 belli de\u011fil. 10-11 Temmuz\u2019da yap\u0131lacak zirvede blo\u011fun en b\u00fcy\u00fck \u00f6nceli\u011fi bu konu\u201d yorumu yap\u0131ld\u0131.<\/p>\n<p>Reuters\u2019a konu\u015fan ve ismini a\u00e7\u0131klamayan Bat\u0131l\u0131 bir yetkili, \u201cSon g\u00fcnlerde bir\u00e7ok NATO \u00fclkesinden yetkili T\u00fcrkiye ile \u00e7al\u0131\u015farak Ankara\u2019n\u0131n onay\u0131n\u0131 alma giri\u015fimlerinde bulunuyor. NATO\u00a0 m\u00fcttefikleri aktif olarak \u0130sve\u00e7\u2019in \u00fcyeli\u011fini savunuyor fakat Ankara\u2019n\u0131n bunu zirveden \u00f6nce onaylamas\u0131 kesin de\u011fil. Onay, zirve sonuna kalabilir\u201d dedi.<\/p>\n<p><strong>BATI HAREKETE GE\u00c7T\u0130<\/strong><\/p>\n<p>\u00c7ar\u015famba g\u00fcn\u00fc Beyaz Saray Ulusal G\u00fcvenlik Dan\u0131\u015fman\u0131 Jake Sullivan, Cumhurba\u015fkan\u0131 Erdo\u011fan\u2019\u0131n s\u00f6zc\u00fcs\u00fc ve ba\u015fdan\u0131\u015fman\u0131 Akif \u00c7a\u011fatay K\u0131l\u0131\u00e7 ile g\u00f6r\u00fc\u015f\u00fcrken, Almanya Ba\u015fbakan\u0131 Olaf Scholz da Erdo\u011fan ile konuyu g\u00f6r\u00fc\u015ft\u00fc.<\/p>\n<p>\u00c7ar\u015famba g\u00fcn\u00fc \u0130sve\u00e7\u2019in ba\u015fkenti Stockholm\u2019de bir sald\u0131rgan\u0131n cami \u00f6n\u00fcnde Kuran-\u0131 Kerim yakmas\u0131 da iplerin gerilmesine sebep oldu. Reuters bu olay\u0131, \u201cBu olay T\u00fcrkiye\u2019nin tepkisini \u00e7ekti ve \u0130sve\u00e7\u2019in NATO \u00fcyelik s\u00fcrecini daha da karma\u015f\u0131k bir hale getirebilir\u201d \u015feklinde yorumlad\u0131.<\/p>\n","protected":false},"excerpt":{"rendered":"<p>Temmuz ay\u0131nda Litvanya&#8217;da yap\u0131lacak NATO Liderler Zirvesi \u00f6ncesinde g\u00fcndem \u0130sve\u00e7&#8217;in \u00fcyeli\u011fi&#8230; Reuters&#8217;a konu\u015fan Bat\u0131l\u0131 yetkililer T\u00fcrkiye ile ya\u015fananlarla ilgili ilgi \u00e7ekici a\u00e7\u0131klamalarda bulundu.<\/p>\n","protected":false},"author":1,"featured_media":106543,"comment_status":"closed","ping_status":"open","sticky":false,"template":"","format":"standard","meta":{"footnotes":""},"categories":[24],"tags":[9856,263,15,445,2377],"class_list":["post-106542","post","type-post","status-publish","format-standard","has-post-thumbnail","hentry","category-dunya","tag-isvecin","tag-nato","tag-turkiye","tag-uye","tag-zirve"],"_links":{"self":[{"href":"https:\/\/haberulus.net\/index.php?rest_route=\/wp\/v2\/posts\/106542","targetHints":{"allow":["GET"]}}],"collection":[{"href":"https:\/\/haberulus.net\/index.php?rest_route=\/wp\/v2\/posts"}],"about":[{"href":"https:\/\/haberulus.net\/index.php?rest_route=\/wp\/v2\/types\/post"}],"author":[{"embeddable":true,"href":"https:\/\/haberulus.net\/index.php?rest_route=\/wp\/v2\/users\/1"}],"replies":[{"embeddable":true,"href":"https:\/\/haberulus.net\/index.php?rest_route=%2Fwp%2Fv2%2Fcomments&post=106542"}],"version-history":[{"count":1,"href":"https:\/\/haberulus.net\/index.php?rest_route=\/wp\/v2\/posts\/106542\/revisions"}],"predecessor-version":[{"id":106544,"href":"https:\/\/haberulus.net\/index.php?rest_route=\/wp\/v2\/posts\/106542\/revisions\/106544"}],"wp:featuredmedia":[{"embeddable":true,"href":"https:\/\/haberulus.net\/index.php?rest_route=\/wp\/v2\/media\/106543"}],"wp:attachment":[{"href":"https:\/\/haberulus.net\/index.php?rest_route=%2Fwp%2Fv2%2Fmedia&parent=106542"}],"wp:term":[{"taxonomy":"category","embeddable":true,"href":"https:\/\/haberulus.net\/index.php?rest_route=%2Fwp%2Fv2%2Fcategories&post=106542"},{"taxonomy":"post_tag","embeddable":true,"href":"https:\/\/haberulus.net\/index.php?rest_route=%2Fwp%2Fv2%2Ftags&post=106542"}],"curies":[{"name":"wp","href":"https:\/\/api.w.org\/{rel}","templated":true}]}}