{"id":106593,"date":"2023-06-29T07:21:03","date_gmt":"2023-06-29T07:21:03","guid":{"rendered":"https:\/\/haberulus.net\/?p=106593"},"modified":"2023-06-29T07:21:03","modified_gmt":"2023-06-29T07:21:03","slug":"van-satilik-konutta-trabzon-kiralik-konutta-zam-sampiyonu","status":"publish","type":"post","link":"https:\/\/haberulus.net\/?p=106593","title":{"rendered":"Van sat\u0131l\u0131k konutta, Trabzon kiral\u0131k konutta zam \u015fampiyonu"},"content":{"rendered":"<p>\u00dclkeye gelen Ruslar\u0131n Antalya ve Mersin\u2019deki konut fiyatlar\u0131na olumsuz etkisinden sonra \u015fimdi de Anadolu\u2019daki farkl\u0131 iller h\u0131zl\u0131 fiyat art\u0131\u015flar\u0131yla \u00f6n plana \u00e7\u0131kmaya ba\u015flad\u0131.<\/p>\n<p>Bah\u00e7e\u015fehir \u00dcniversitesi Ekonomik ve Toplumsal Ara\u015ft\u0131rmalar Merkezi\u2019nin (BETAM) 2023 May\u0131s\u2019a ili\u015fkin a\u00e7\u0131klad\u0131\u011f\u0131 iki ayr\u0131 rapor, sat\u0131l\u0131k konut fiyatlar\u0131nda Van\u2019\u0131n, kiral\u0131k konut fiyatlar\u0131nda ise Trabzon\u2019un zam \u015fampiyonu oldu\u011funu ortaya koydu.<\/p>\n<p>Buna g\u00f6re, may\u0131s ay\u0131nda \u00fclke genelinde sat\u0131l\u0131k konut fiyatlar\u0131n\u0131n en \u00e7ok artt\u0131\u011f\u0131 il, y\u00fczde 122,8 ile Van olurken; ayn\u0131 ay kiral\u0131k konut fiyatlar\u0131 y\u00fczde 288 ile en fazla Trabzon\u2019da zamland\u0131.<\/p>\n<p>Hem kiral\u0131k hem sat\u0131l\u0131k konut fiyatlar\u0131n\u0131n \u00fclke genelinde en \u00e7ok artt\u0131\u011f\u0131 ikinci il olarak \u00f6ne \u00e7\u0131kan Malatya\u2019da ise, sat\u0131l\u0131k konutlar may\u0131sta y\u0131ll\u0131k bazda y\u00fczde 121,7 artarken, kira bedelleri y\u00fczde 261,4 y\u00fckseldi.<\/p>\n<p>\u00d6ne \u00e7\u0131kan bu \u00fc\u00e7 ilin emlak\u00e7\u0131lar odas\u0131 ba\u015fkanlar\u0131, fiyatlardaki hareketlili\u011fin nedenlerini sozcu.com.tr\u2019ye anlatt\u0131.<\/p>\n<div><img decoding=\"async\" src=\"https:\/\/i01.sozcucdn.com\/wp-content\/uploads\/2023\/06\/29\/adsiz.jpg\" alt=\"\" title=\"\"><\/p>\n<p>May\u0131sta \u00fclke genelinde y\u00fczde 101 artan kira bedelleri, Trabzon\u2019da y\u00fczde 288 artarak kenti kirada zam \u015fampiyonu yapt\u0131 (Kaynak: BETAM)<\/p>\n<\/div>\n<p><b>ARAPLARA DOLAR BAZINDA K\u0130RALAMA, K\u0130RALARI U\u00c7URDU<\/b><\/p>\n<p>Trabzon \u0130n\u015faat\u00e7\u0131lar ve Emlak\u00e7\u0131lar Odas\u0131 Ba\u015fkan\u0131 Ayhan Taflan, kentin kiral\u0131k konut fiyat art\u0131\u015f\u0131nda ba\u015f\u0131 \u00e7ekmesinde artan talebe ra\u011fmen in\u015faat maliyetlerinin art\u0131\u015f\u0131ndan dolay\u0131 yeni konut yap\u0131lam\u0131yor olmas\u0131n\u0131n etkili oldu\u011funu; en \u00f6nemli nedenlerden birinin de, evlerin Arap turistlere g\u00fcnl\u00fc\u011f\u00fc en az 5-6 bin TL\u2019den ba\u015flayan fiyatlarla kiralanmas\u0131 oldu\u011funu s\u00f6yledi.<\/p>\n<p>Taflan, K\u00f6rfez \u00fclkelerinden gelen ve geni\u015f aile yap\u0131s\u0131na sahip bu turistlerin konaklama i\u00e7in otel yerine konut kiralamay\u0131 tercih ettiklerini, gelmeden \u00f6nce de rezervasyon yapt\u0131rd\u0131klar\u0131n\u0131 anlatt\u0131.<\/p>\n<p><b>8 B\u0130N TL\u2019Y\u0130 B\u0130R G\u00dcNDE KAZANMA YOLUNA G\u0130D\u0130YORLAR<\/b><\/p>\n<p>\u201cBurada kiral\u0131k konut fiyatlar\u0131 bir y\u0131l i\u00e7inde 3 bin 500-4 bin 500 TL seviyelerinde iken 8-10 bin TL\u2019ye kadar \u00e7\u0131kt\u0131\u201d diyen Taflan, \u201cAncak ev sahipleri, dairelerini vatanda\u015f yerine Arap turistlere kiralamay\u0131 daha \u00e7ok tercih ediyor. \u00c7\u00fcnk\u00fc 8-10 bin TL\u2019yi bir ayda kazanmak yerine Araplara kiraya verip bu paray\u0131 neredeyse bir g\u00fcnde kazan\u0131yorlar. Yani bir ayda 8-10 bin TL yerine 150 bin-240 bin TL kazanmay\u0131 tercih ediyorlar\u201d dedi.<\/p>\n<p>Taflan, evlerin Araplara dolar baz\u0131nda kiraland\u0131\u011f\u0131n\u0131, g\u00fcnl\u00fc\u011f\u00fc 250 bin dolardan ba\u015flayan bu bedellerin l\u00fcks evler i\u00e7in g\u00fcnl\u00fck 350-400 dolar\u0131 buldu\u011funu dile getirdi.<\/p>\n<p><b>TAY\u0130N\u0130 TRABZON\u2019A \u00c7IKANLAR VE EVLENECEKLER EV BULAMIYOR<\/b><\/p>\n<p>Hal b\u00f6yle olunca, hem tayini \u00e7\u0131kt\u0131\u011f\u0131 i\u00e7in Trabzon\u2019a gelen memurlar\u0131n hem de d\u00fc\u011f\u00fcn sezonunun ba\u015flamas\u0131ndan dolay\u0131 evlenecek gen\u00e7lerin kiral\u0131k daire aray\u0131p, bulamamas\u0131yla sonu\u00e7land\u0131\u011f\u0131 belirtiliyor.<\/p>\n<p>Trabzon\u2019daki kira bedellerinde durum b\u00f6yleyken Taflan, sat\u0131l\u0131k konut fiyatlar\u0131n\u0131n da 2,5-3 milyon TL\u2019den ba\u015flad\u0131\u011f\u0131n\u0131 anlatan Taflan, 43 y\u0131ll\u0131k emlak\u00e7\u0131l\u0131k hayat\u0131nda ilk defa b\u00f6yle bir d\u00f6nem ya\u015fad\u0131klar\u0131n\u0131 s\u00f6yl\u00fcyor:<\/p>\n<div><img decoding=\"async\" src=\"https:\/\/i01.sozcucdn.com\/wp-content\/uploads\/2023\/06\/29\/adsiz-1.jpg\" alt=\"\" title=\"\"><\/p>\n<p>May\u0131sta sat\u0131l\u0131k konut fiyatlar\u0131 en \u00e7ok Van\u2019da artt\u0131. (Kaynak: BETAM)<\/p>\n<\/div>\n<p><b>EMLAK\u00c7I: NASIL VERS\u0130N \u0130NSANLAR BU K\u0130RALARI?<\/b><\/p>\n<p>\u201cHayat pahal\u0131l\u0131\u011f\u0131na ve azalan al\u0131m g\u00fcc\u00fcne bakt\u0131\u011f\u0131n\u0131zda, hemen herkesin yerle\u015fik ya\u015fayanlardan ziyade kendi kazanc\u0131n\u0131 d\u00fc\u015f\u00fcnd\u00fc\u011f\u00fcn\u00fc g\u00f6r\u00fcyorsunuz. Turizm sekt\u00f6r\u00fc ba\u015fat bir sekt\u00f6r, tamam ama ka\u015f yaparken g\u00f6z \u00e7\u0131karmayal\u0131m.<\/p>\n<p>Trabzon\u2019un eti belli, budu belli; sanayisi, fabrikas\u0131 olmayan, i\u015f\u00e7inin ve memurun ya\u015fad\u0131\u011f\u0131 bir \u015fehir. Nas\u0131l versin insanlar bu kiralar\u0131?<\/p>\n<p>Halk eskiden di\u015finden t\u0131rna\u011f\u0131ndan art\u0131rarak ev al\u0131rd\u0131, \u015fimdi di\u015finden t\u0131rna\u011f\u0131ndan art\u0131r\u0131p kira \u00f6demeye \u00e7al\u0131\u015f\u0131yor. Turizm sezonu bitti\u011finde yine biz bize kalaca\u011f\u0131z. Bu d\u00fc\u015f\u00fcn\u00fclm\u00fcyor. 43 y\u0131ld\u0131r bu sekt\u00f6r\u00fcn i\u00e7indeyim, b\u00f6yle bir d\u00f6nem hat\u0131rlam\u0131yorum.\u201d<\/p>\n<p><b>VAN\u2019DA ORANTISIZ G\u00d6\u00c7 ETK\u0130L\u0130 OLDU<\/b><\/p>\n<p>Van Emlak\u00e7\u0131lar Derne\u011fi Ba\u015fkan\u0131 Orhan \u00d6zdek ise, son d\u00f6nemde Van\u2019a 10 \u00e7evre ilden orant\u0131s\u0131z bir g\u00f6\u00e7 ya\u015fand\u0131\u011f\u0131n\u0131, bu durumun Kahramanmara\u015f merkezli depremlerden sonra h\u0131zland\u0131\u011f\u0131n\u0131; ayr\u0131ca \u015fehirde ya\u015fanan imar sorunundan dolay\u0131 yeni konut yap\u0131lamad\u0131\u011f\u0131 i\u00e7in de konut sto\u011funun eridi\u011fini ve artan talebi kar\u015f\u0131layamaz hale geldi\u011fini, bunun da hem kiral\u0131k hem sat\u0131l\u0131k daire fiyatlar\u0131n\u0131 art\u0131rarak Vanl\u0131lar\u0131 ma\u011fdur etmeye ba\u015flad\u0131\u011f\u0131n\u0131 anlatt\u0131.<\/p>\n<p>\u201cVan\u2019a gerek yerli gerek yabanc\u0131 turist taraf\u0131nda ciddi bir ilgi var. Bu, Van\u2019\u0131n konumu, iklimi, sosyal hayat\u0131 ve ya\u015fam k\u00fclt\u00fcr\u00fc dolay\u0131s\u0131yla hep olurdu ama son d\u00f6nemde ciddi \u015fekilde artt\u0131\u201d diyen \u00d6zdek, \u201cCiddi n\u00fcfus art\u0131\u015f\u0131n\u0131n getirdi\u011fi olumsuzluklardan Van halk\u0131 da zarar g\u00f6r\u00fcyor. Yeterli konut yok, imar s\u0131k\u0131nt\u0131s\u0131 var. B\u00f6lgedeki depremin de etkisi oldu\u201d diye konu\u015ftu.<\/p>\n<p><b>\u2018B\u0130R G\u00dcNDE 20-25 K\u0130\u015e\u0130DEN TALEP GEL\u0130YOR, EV YOK\u2019<\/b><\/p>\n<p>Kentte ge\u00e7en sene en y\u00fcksek kiral\u0131k daire fiyat\u0131n\u0131n 4 bin 500 TL iken bu y\u0131l 8-10 bin TL\u2019ye kadar \u00e7\u0131kt\u0131\u011f\u0131n\u0131 kaydeden \u00d6zdek, ge\u00e7en sene 1 milyon TL\u2019den sat\u0131lan konutlar\u0131n ise bu y\u0131l 2-2,3 milyon TL\u2019ye kadar \u00e7\u0131kt\u0131\u011f\u0131n\u0131 belirtti.<\/p>\n<p>Kentte ya\u015fanan n\u00fcfus art\u0131\u015f\u0131ndan dolay\u0131 talepteki art\u0131\u015fa \u00f6rnek veren \u00d6zdek, \u015f\u00f6yle dedi:<br \/>\u201cG\u00fcnde en az 20-25 insan kiral\u0131k ev istiyor. Sadece bu hafta i\u00e7inde 90 ki\u015fi talepte bulundu. Maalesef arz s\u0131k\u0131nt\u0131s\u0131ndan dolay\u0131 bunlar\u0131n hi\u00e7birine cevap veremedik.\u201d<\/p>\n<p><b>MALATYA\u2019DA DEPREME DAYANIKSIZ EVLER \u0130\u00c7\u0130N 10 B\u0130N TL \u0130STEN\u0130YOR<\/b><\/p>\n<p>Malatya emek\u00e7iler Odas\u0131 Ba\u015fkan\u0131 Ali \u00d6zg\u00fcl ise, kentteki kira ve sat\u0131l\u0131k ev fiyatlar\u0131ndaki art\u0131\u015fta depremin etkili oldu\u011funu s\u00f6yledi.<\/p>\n<p>\u015eehirdeki evlerin y\u00fczde 90\u2019\u0131n\u0131n depreme dayan\u0131ks\u0131z oldu\u011fu halde, depremden \u00f6nce 2 bin 500- 3 bin TL aral\u0131\u011f\u0131nda de\u011fi\u015fen kira bedellerinin, \u015fu an 10 bin liraya \u00e7\u0131kt\u0131\u011f\u0131n\u0131 ifade eden \u00d6zg\u00fcl, \u015f\u00f6yle devam etti:<\/p>\n<p>\u201cMalatya\u2019da 5 bin TL dahi kira i\u00e7in \u00e7ok b\u00fcy\u00fck bir rakam. 3+1 daireleri normal fiyatlar\u0131n\u0131 5- 6 bin lira civar\u0131nda olmas\u0131 gerekirken bug\u00fcn fiyatlar\u0131 10 bin liraya kadar yakla\u015ft\u0131. \u0130nsanlar f\u0131rsat\u00e7\u0131l\u0131k yap\u0131yor. Bu insanlar\u0131n ona da vicdanl\u0131 olmalar\u0131n\u0131 \u00e7a\u011fr\u0131s\u0131nda bulunuyorum. Bir deprem oldu. Biz h\u00e2l\u00e2 bir ders alamad\u0131k, f\u0131rsat\u00e7\u0131l\u0131k yapmaya devam ediyoruz.\u201d<\/p>\n","protected":false},"excerpt":{"rendered":"<p>May\u0131s ay\u0131nda \u00fclke genelinde en \u00e7ok kira art\u0131\u015f\u0131n\u0131n ya\u015fand\u0131\u011f\u0131 il olarak \u00f6ne \u00e7\u0131kan Trabzon&#8217;da kira bedelleri 8-10 bin TL&#8217;ye \u00e7\u0131kt\u0131. Sat\u0131l\u0131k konutlardaki fiyat art\u0131\u015f\u0131nda ba\u015f\u0131 \u00e7eken Van&#8217;da ise, bir konut 2 milyon TL&#8217;den a\u015fa\u011f\u0131 sat\u0131lm\u0131yor. Peki bu illerde fiyatlar neden bu seviyelere geldi?<\/p>\n","protected":false},"author":1,"featured_media":106594,"comment_status":"closed","ping_status":"open","sticky":false,"template":"","format":"standard","meta":{"footnotes":""},"categories":[25],"tags":[75,311,3686,1485,2504],"class_list":["post-106593","post","type-post","status-publish","format-standard","has-post-thumbnail","hentry","category-ekonomi","tag-fiyat","tag-kira","tag-kiralik","tag-trabzon","tag-van"],"_links":{"self":[{"href":"https:\/\/haberulus.net\/index.php?rest_route=\/wp\/v2\/posts\/106593","targetHints":{"allow":["GET"]}}],"collection":[{"href":"https:\/\/haberulus.net\/index.php?rest_route=\/wp\/v2\/posts"}],"about":[{"href":"https:\/\/haberulus.net\/index.php?rest_route=\/wp\/v2\/types\/post"}],"author":[{"embeddable":true,"href":"https:\/\/haberulus.net\/index.php?rest_route=\/wp\/v2\/users\/1"}],"replies":[{"embeddable":true,"href":"https:\/\/haberulus.net\/index.php?rest_route=%2Fwp%2Fv2%2Fcomments&post=106593"}],"version-history":[{"count":1,"href":"https:\/\/haberulus.net\/index.php?rest_route=\/wp\/v2\/posts\/106593\/revisions"}],"predecessor-version":[{"id":106595,"href":"https:\/\/haberulus.net\/index.php?rest_route=\/wp\/v2\/posts\/106593\/revisions\/106595"}],"wp:featuredmedia":[{"embeddable":true,"href":"https:\/\/haberulus.net\/index.php?rest_route=\/wp\/v2\/media\/106594"}],"wp:attachment":[{"href":"https:\/\/haberulus.net\/index.php?rest_route=%2Fwp%2Fv2%2Fmedia&parent=106593"}],"wp:term":[{"taxonomy":"category","embeddable":true,"href":"https:\/\/haberulus.net\/index.php?rest_route=%2Fwp%2Fv2%2Fcategories&post=106593"},{"taxonomy":"post_tag","embeddable":true,"href":"https:\/\/haberulus.net\/index.php?rest_route=%2Fwp%2Fv2%2Ftags&post=106593"}],"curies":[{"name":"wp","href":"https:\/\/api.w.org\/{rel}","templated":true}]}}