{"id":106596,"date":"2023-06-29T07:35:02","date_gmt":"2023-06-29T07:35:02","guid":{"rendered":"https:\/\/haberulus.net\/?p=106596"},"modified":"2023-06-29T07:35:02","modified_gmt":"2023-06-29T07:35:02","slug":"rize-yaylalarinda-kardan-mikroplastik-cikti","status":"publish","type":"post","link":"https:\/\/haberulus.net\/?p=106596","title":{"rendered":"Rize yaylalar\u0131nda kardan \u2018mikroplastik\u2019 \u00e7\u0131kt\u0131"},"content":{"rendered":"<p>Rize T\u00fcrkiye Odalar ve Borsalar Birli\u011fi (TOBB) Fen Lisesi 11\u2019inci s\u0131n\u0131f \u00f6\u011frencileri Alperen A\u00e7\u0131kme\u015fe ve Ey\u00fcphan Albayrak, Ulusal Kutup Bilim Seferine kat\u0131lan bilim insanlar\u0131ndan esinlenerek mikroplastikler kirlili\u011fini ara\u015ft\u0131rmaya ba\u015flad\u0131. \u00d6\u011frenciler, kentte deniz seviyesinden 1500 ile 2 bin 500 metre y\u00fckseklikteki Hand\u00fcz\u00fc, Elevit, Tulump\u0131nar, Ovit ve \u00c7a\u011frankaya yaylalar\u0131ndan ge\u00e7en y\u0131l aral\u0131kta yeni ya\u011fan kardan numune ald\u0131.<\/p>\n<p>\u00d6\u011frenciler, ayak bas\u0131lmam\u0131\u015f temiz kar \u00f6rneklerini Recep Tayyip Erdo\u011fan \u00dcniversitesi (RTE\u00dc) Su \u00dcr\u00fcnleri Fak\u00fcltesindeki laboratuvarda mercek alt\u0131na al\u0131p, inceledi. \u0130ncelemelerde ya\u011fan karda 5 milimetreden k\u00fc\u00e7\u00fck mikroplastik par\u00e7as\u0131 tespit edildi.<\/p>\n<p><strong>T\u00dcRK\u0130YE 3\u2019\u00dcNC\u00dcS\u00dc OLDULAR<\/strong><\/p>\n<p>Gen\u00e7ler \u00e7al\u0131\u015fmalar\u0131n\u0131 projelendirerek T\u00dcB\u0130TAK\u2019\u0131n lise \u00f6\u011frencileri aras\u0131nda d\u00fczenledi\u011fi Kutup projeleri yar\u0131\u015fmas\u0131na kat\u0131ld\u0131. Milyonlarca par\u00e7aya ayr\u0131l\u0131p yok olmadan do\u011fada kalan mikroplastiklerin, atmosferde dola\u015f\u0131p, kar yoluyla i\u00e7me suyu kayna\u011f\u0131 olan derelere ve denize kar\u0131\u015fma riskini g\u00f6zler \u00f6n\u00fcne seren \u00f6\u011frenciler, projeleriyle T\u00fcrkiye 3\u2019\u00fcnc\u00fcs\u00fc oldu.<\/p>\n<div><img decoding=\"async\" src=\"https:\/\/i01.sozcucdn.com\/wp-content\/uploads\/2023\/06\/29\/ulgen1_23278625.jpg\" alt=\"\" title=\"\"><\/p>\n<p>Do\u00e7. Dr. \u00dclgen Aytan<\/p>\n<\/div>\n<p><strong>KORUNMANIN YOLUNU AC\u0130LEN BULMALIYIZ\u2019<\/strong><\/p>\n<p>\u00d6\u011frencilere \u00e7al\u0131\u015fmalar\u0131nda destek veren RTE\u00dc Su \u00dcr\u00fcnleri Fak\u00fcltesi \u00d6\u011fretim \u00dcyesi Do\u00e7. Dr. \u00dclgen Aytan, \u201cT\u00fcrkiyede ilk kez yeni ya\u011fan karda mikroplastik tespit edildi. Yeni ya\u011fan karda mikroplastik varl\u0131\u011f\u0131 asl\u0131nda bu kirleticinin ne kadar s\u0131n\u0131r tan\u0131maz oldu\u011funu, kayna\u011f\u0131ndan nas\u0131l \u00e7ok uza\u011fa ta\u015f\u0131nabildi\u011fini ortaya koydu. \u0130nsan kan\u0131na kadar mikroplastiklere rastlan\u0131yor. Bu \u00e7al\u0131\u015fma bizi tekrar d\u00fc\u015f\u00fcnmeye sevk ediyor. Sentetik tekstilden ne \u015fekilde korumal\u0131y\u0131z, bunun yollar\u0131n\u0131 acilen bulmal\u0131y\u0131z\u201d diye konu\u015ftu.<\/p>\n<div><img decoding=\"async\" src=\"https:\/\/i01.sozcucdn.com\/wp-content\/uploads\/2023\/06\/29\/kimya1_23278624.jpg\" alt=\"\" title=\"\"><\/p>\n<p>Kimya \u00d6\u011fretmeni Kadriye Din\u00e7<\/p>\n<\/div>\n<p><strong>\u015eEH\u0130R MERKEZ\u0130NDEK\u0130 TEHL\u0130KE B\u00dcY\u00dcK<\/strong><\/p>\n<p>\u00d6\u011frencilerin proje dan\u0131\u015fman\u0131 Kimya \u00d6\u011fretmeni Kadriye Din\u00e7, \u201cBelirledi\u011fimiz lokasyonlar ger\u00e7ekten insan elinin de\u011fmedi\u011fi b\u00f6lgelerdi. \u00d6rnekleri b\u00fcy\u00fck hassasiyetle almam\u0131za ra\u011fmen kar\u015f\u0131la\u015ft\u0131\u011f\u0131m\u0131z bu sonu\u00e7, \u015fehir merkezindeki tehlikenin \u00e7ok daha b\u00fcy\u00fck oldu\u011funu g\u00f6zler \u00f6n\u00fcne seriyor. E\u011fer bunlara tedbir al\u0131nmazsa ileride bizi tehdit edece\u011fini, nesillerden nesillere aktaraca\u011f\u0131m\u0131z gen mutasyonlar\u0131na sebep olabilece\u011fini d\u00fc\u015f\u00fcn\u00fcyorum\u201d dedi.<\/p>\n<p><img decoding=\"async\" src=\"https:\/\/i01.sozcucdn.com\/wp-content\/uploads\/2023\/06\/29\/ogrenciler1_23278623.jpg\" alt=\"\" title=\"\"><\/p>\n<p><strong>\u2018OLUMSUZ SONUCU VARSA ONLARI DA G\u00d6RECE\u011e\u0130Z\u2019<\/strong><\/p>\n<p>Proje ekibinde yer alan Alperen A\u00e7\u0131kme\u015fe, Ulusal Kutup Bilim Seferine giden T\u00fcrk bilim insanlar\u0131n\u0131n \u00e7al\u0131\u015fmalar\u0131n\u0131n projelerine esin kayna\u011f\u0131 oldu\u011funu s\u00f6yledi. A\u00e7\u0131kme\u015fe, \u201cAntarktika\u2019dan al\u0131nan numunelerde T\u00fcrk bilim insanlar\u0131 taraf\u0131ndan mikroplastik tespit edilmi\u015fti. Bu bizi de Antarktika gibi uzak bir yerde mikroplastiklere rastlan\u0131ld\u0131ysa acaba bizim yaylalar\u0131m\u0131zda da mikroplastik var m\u0131d\u0131r diye d\u00fc\u015f\u00fcnd\u00fcrd\u00fc. Bu d\u00fc\u015f\u00fcncemizi \u00dclgen Aytan Hocam\u0131za anlatt\u0131k. Hocam\u0131z bize numuneleri nas\u0131l al\u0131p nas\u0131l analiz edece\u011fimizi \u00f6\u011fretti. E\u011fitimden sonra ald\u0131\u011f\u0131m\u0131z numuneleri laboratuvarda inceledik; analizlerin sonucunda mikroplastiklere rastlad\u0131k. Biz bu ara\u015ft\u0131rma ile mikroplastiklerin ne kadar s\u0131n\u0131r tan\u0131maz bir kirletici olduklar\u0131n\u0131 bir kez daha g\u00f6zler \u00f6n\u00fcne seriyoruz. Bunun sonucunda mikroplastiklerin ne kadar olumsuz sonucu varsa onlar\u0131 da g\u00f6rece\u011fiz\u201d dedi.<\/p>\n<p><img decoding=\"async\" src=\"https:\/\/i01.sozcucdn.com\/wp-content\/uploads\/2023\/06\/29\/resimid_232786311_23278631.jpg\" alt=\"\" title=\"\"><\/p>\n<p><strong>KAR B\u0130LE MASUM DE\u011e\u0130L<\/strong><\/p>\n<p>Mikroplastik kirlili\u011finin gelecekte b\u00fcy\u00fck tehlike olaca\u011f\u0131n\u0131 s\u00f6yleyen Rize TOBB Fen Lisesi \u00f6\u011frencisi Ey\u00fcphan Albayrak da, \u201c5 farkl\u0131 lokasyonda numuneleri ald\u0131k ve laboratuvar ortam\u0131nda inceledik. Elde etti\u011fimiz sonu\u00e7larla T\u00fcrkiye\u2019de ilk defa mikroplastiklerin kar ile yery\u00fcz\u00fcne ta\u015f\u0131nd\u0131\u011f\u0131n\u0131 kan\u0131tlam\u0131\u015f olduk. Buldu\u011fumuz mikroplastiklerin t\u00fcm\u00fc fiber tipliydi. Bunlar \u00e7o\u011funlukla kulland\u0131\u011f\u0131m\u0131z sentetik tekstillerden atmosfere kar\u0131\u015f\u0131p insan etkisinden \u00e7ok uzak yerlere ta\u015f\u0131nd\u0131\u011f\u0131n\u0131 g\u00f6steriyor. E\u011fer plastik malzemeleri bu \u015fekilde kullanmaya devam edersek, daha uzak alanlar\u0131 tehdit ederek oradaki canl\u0131lar\u0131 k\u00f6t\u00fc etkileyece\u011fiz. Uzun bir s\u00fcre\u00e7ten ge\u00e7tik ve sonucunda T\u00fcrkiye 3\u2019\u00fcnc\u00fcs\u00fc olduk; gururluyuz. Projeden \u00f6nce kar bembeyaz, temiz diye d\u00fc\u015f\u00fcn\u00fcrd\u00fck. Hatta kar yedi\u011fimiz bile olmu\u015ftur. Art\u0131k kar\u0131n bile masum olmad\u0131\u011f\u0131n\u0131 biliyoruz. Buldu\u011fumuz sonu\u00e7lar, mikroplastiklerin ileride ne kadar b\u00fcy\u00fck tehlike oldu\u011funu g\u00f6steriyor ve gelecekte d\u00fcnyay\u0131 b\u00fcy\u00fck oranda tehdit edece\u011fini g\u00f6zler \u00f6n\u00fcne seriyor. Bunlar da bizi korkutuyor\u201d ifadelerinde bulundu. \u00a0(DHA)<\/p>\n","protected":false},"excerpt":{"rendered":"<p>Rize&#8217;de fen lisesi \u00f6\u011frencileri, b\u00f6lgedeki y\u00fcksek rak\u0131ml\u0131 yaylalara ge\u00e7en y\u0131l ya\u011fan kardan ald\u0131klar\u0131 numuneleri, mercek alt\u0131na ald\u0131. \u0130ncelemelerde ya\u011fan karda 5 milimetreden k\u00fc\u00e7\u00fck mikroplastik par\u00e7as\u0131na rastland\u0131. Do\u00e7. Dr. \u00dclgen Aytan, &#8220;T\u00fcrkiyede ilk kez yeni ya\u011fan karda mikroplastik tespit edildi. Bu \u00e7al\u0131\u015fma bizi tekrar d\u00fc\u015f\u00fcnmeye sevk ediyor&#8221; dedi.<\/p>\n","protected":false},"author":1,"featured_media":106597,"comment_status":"closed","ping_status":"open","sticky":false,"template":"","format":"standard","meta":{"footnotes":""},"categories":[30],"tags":[500,1563,8731,684,15],"class_list":["post-106596","post","type-post","status-publish","format-standard","has-post-thumbnail","hentry","category-saglik","tag-insan","tag-kar","tag-mikroplastik","tag-proje","tag-turkiye"],"_links":{"self":[{"href":"https:\/\/haberulus.net\/index.php?rest_route=\/wp\/v2\/posts\/106596","targetHints":{"allow":["GET"]}}],"collection":[{"href":"https:\/\/haberulus.net\/index.php?rest_route=\/wp\/v2\/posts"}],"about":[{"href":"https:\/\/haberulus.net\/index.php?rest_route=\/wp\/v2\/types\/post"}],"author":[{"embeddable":true,"href":"https:\/\/haberulus.net\/index.php?rest_route=\/wp\/v2\/users\/1"}],"replies":[{"embeddable":true,"href":"https:\/\/haberulus.net\/index.php?rest_route=%2Fwp%2Fv2%2Fcomments&post=106596"}],"version-history":[{"count":1,"href":"https:\/\/haberulus.net\/index.php?rest_route=\/wp\/v2\/posts\/106596\/revisions"}],"predecessor-version":[{"id":106598,"href":"https:\/\/haberulus.net\/index.php?rest_route=\/wp\/v2\/posts\/106596\/revisions\/106598"}],"wp:featuredmedia":[{"embeddable":true,"href":"https:\/\/haberulus.net\/index.php?rest_route=\/wp\/v2\/media\/106597"}],"wp:attachment":[{"href":"https:\/\/haberulus.net\/index.php?rest_route=%2Fwp%2Fv2%2Fmedia&parent=106596"}],"wp:term":[{"taxonomy":"category","embeddable":true,"href":"https:\/\/haberulus.net\/index.php?rest_route=%2Fwp%2Fv2%2Fcategories&post=106596"},{"taxonomy":"post_tag","embeddable":true,"href":"https:\/\/haberulus.net\/index.php?rest_route=%2Fwp%2Fv2%2Ftags&post=106596"}],"curies":[{"name":"wp","href":"https:\/\/api.w.org\/{rel}","templated":true}]}}