{"id":106656,"date":"2023-06-29T09:05:04","date_gmt":"2023-06-29T09:05:04","guid":{"rendered":"https:\/\/haberulus.net\/?p=106656"},"modified":"2023-06-29T09:05:04","modified_gmt":"2023-06-29T09:05:04","slug":"ataturkun-kullandigi-yol-piknik-alani-oldu","status":"publish","type":"post","link":"https:\/\/haberulus.net\/?p=106656","title":{"rendered":"Atat\u00fcrk\u2019\u00fcn kulland\u0131\u011f\u0131 yol piknik alan\u0131 oldu"},"content":{"rendered":"<p>Diyarbak\u0131r&#8217;\u0131n Kulp, Silvan ve Hazro il\u00e7eleri \u00fc\u00e7geninde kalan Ta\u015fk\u00f6pr\u00fc, OHAL d\u00f6neminde y\u00fcksek g\u00fcvenlikli b\u00f6lge ilan edilerek y\u0131llarca sivillerin giri\u015fine kapat\u0131lm\u0131\u015ft\u0131. Ter\u00f6r \u00f6rg\u00fct\u00fc PKK&#8217;n\u0131n bir d\u00f6nem s\u00f6zde \u2018kurtar\u0131lm\u0131\u015f b\u00f6lge\u2019 ilan etti\u011fi ve uzun s\u00fcre g\u00fcvenlik nedeniyle sivillerin giremedi\u011fi, askeri operasyonlar yap\u0131lan, adeta sakl\u0131 cenneti and\u0131ran Ta\u015fk\u00f6pr\u00fc do\u011fal g\u00fczellikleri ve tarihi dokusuyla \u015fimdilerde ziyaret\u00e7ilerini b\u00fcy\u00fcl\u00fcyor.<\/p>\n<p><img decoding=\"async\" src=\"https:\/\/i01.sozcucdn.com\/wp-content\/uploads\/2023\/06\/29\/hazro4.jpg\" alt=\"\" title=\"\"><\/p>\n<p>B\u00f6lgede ter\u00f6r eylemlerinin sona ermesi ve g\u00fcvenlik g\u00fc\u00e7lerinin sahada kontrol\u00fc sa\u011flamas\u0131yla birlikte Ta\u015fk\u00f6pr\u00fc&#8217;deki do\u011fal g\u00fczellikler de hafta sonu piknik\u00e7ilerin ve tarih tutkunlar\u0131n\u0131n ak\u0131n\u0131na u\u011fruyor. B\u00f6lgeyi sadece Diyarbak\u0131r&#8217;da ya\u015fayanlar de\u011fil, T\u00fcrkiye&#8217;nin farkl\u0131 illerinden, hatta ge\u00e7mi\u015f y\u0131llarda Avrupa \u00fclkelerine iltica etmi\u015f yerli ve yabanc\u0131 turistler de ziyaret ediyor.<\/p>\n<p><img decoding=\"async\" src=\"https:\/\/i01.sozcucdn.com\/wp-content\/uploads\/2023\/06\/29\/hazro5.jpg\" alt=\"\" title=\"\"><\/p>\n<p><strong>SAKLI CENNET OLARAK TANIMLANIYOR<\/strong><\/p>\n<p>Kentte y\u00fckselen bunalt\u0131c\u0131 s\u0131caklardan dolay\u0131 9 g\u00fcnl\u00fck bayram tatilini de f\u0131rsat bilen do\u011faseverler Ta\u015fk\u00f6pr\u00fc&#8217;ye giderek piknik yap\u0131yor ve buradaki tarihi kanyonu yak\u0131ndan g\u00f6rebilme f\u0131rsat\u0131 buluyor. Berrak akarsuda gen\u00e7ler y\u00fczerek serinliyor. Tarihi yerle\u015fimi ilk \u00e7a\u011fa dayanan \u015felalesi ve berrak suyu ile g\u00f6renleri b\u00fcy\u00fcleyen Ta\u015fk\u00f6pr\u00fc kanyonu, Sultan 2. Abdulhamid d\u00f6neminde bu kanyona in\u015fa edilen Osmanl\u0131 mimarisine ait motifleri, iki g\u00f6zl\u00fc Ta\u015fk\u00f6pr\u00fc ve ta\u015f yoldan ad\u0131n\u0131 alan kanyon, \u00e7evresindeki do\u011fal kaya oyuklar\u0131 ve ma\u011faralardaki kal\u0131nt\u0131lar ile tarihin izlerini ta\u015f\u0131yor. Y\u00fcksekli\u011fi 200 metreyi a\u015fan kanyondaki do\u011fal g\u00fczelliklerin tarih ile bulu\u015fmas\u0131yla ziyaret\u00e7ileri taraf\u0131ndan \u2018sakl\u0131 cennet\u2019 olarak adland\u0131r\u0131l\u0131yor. Ta\u015fk\u00f6pr\u00fc&#8217;deki tarihi yol g\u00fcn\u00fcm\u00fcze kadar vatanda\u015flar\u0131n kullan\u0131m\u0131nda olmas\u0131na ra\u011fmen ilk g\u00fcnk\u00fc ihti\u015fam\u0131n\u0131 koruyor.<\/p>\n<p><img decoding=\"async\" src=\"https:\/\/i01.sozcucdn.com\/wp-content\/uploads\/2023\/06\/29\/hazro.jpg\" alt=\"\" title=\"\"><\/p>\n<p><strong>ATAT\u00dcRK&#8217;\u00dcN YOLU<\/strong><\/p>\n<p>Ta\u015fk\u00f6pr\u00fc ve yol, Mustafa Kemal Atat\u00fcrk&#8217;\u00fcn 1. D\u00fcnya Sava\u015f\u0131&#8217;nda kulland\u0131\u011f\u0131 ve Hazro il\u00e7esinde konakland\u0131\u011f\u0131 yer olarak da tarihi belgelerde yer al\u0131yor. \u00d6nemli bir kervan yolu olarak bilinen Ta\u015fk\u00f6pr\u00fc ve \u00e7evresindeki do\u011fal kal\u0131nt\u0131lar\u0131n Milattan \u00d6nce 10 binli y\u0131llara dayand\u0131\u011f\u0131 tarih\u00e7iler taraf\u0131ndan a\u00e7\u0131klan\u0131yor. K\u00f6y\u00fcn K\u00fcrt\u00e7e ad\u0131 \u2018Goderne\u2019 olarak bilinirken, b\u00f6lge halk aras\u0131nda \u2018vadi\u2019 anlam\u0131na gelen \u2018Geliye Goderne\u2019 olarak tan\u0131n\u0131yor. K\u00f6pr\u00fcden ge\u00e7en yol halk aras\u0131nda da Atat\u00fcrk yolu olarak biliniyor.<\/p>\n<p><img decoding=\"async\" src=\"https:\/\/i01.sozcucdn.com\/wp-content\/uploads\/2023\/06\/29\/hazro1.jpg\" alt=\"\" title=\"\"><\/p>\n<p><strong>ATAT\u00dcRK RUS SALDIRISINI DURDURMAK \u0130\u00c7\u0130N BURAYI KULANDI<\/strong><\/p>\n<p>K\u00f6pr\u00fcye a\u00e7\u0131lan yolun en \u00f6nemli \u00f6zelliklerinden biri Mustafa Kemal Atat\u00fcrk&#8217;\u00fcn, 1. D\u00fcnya sava\u015f\u0131nda Rus sald\u0131r\u0131lar\u0131n\u0131 Mu\u015f cephesinde durdurmak i\u00e7in cepheye giderken bu yolu kullanmas\u0131 ve geceleri de k\u00f6pr\u00fc yak\u0131n\u0131ndaki Hazro&#8217;da konaklamas\u0131. Bu yolu kullanan Mustafa Kemal Atat\u00fcrk Kulp-Mu\u015f s\u0131n\u0131r\u0131ndaki \u015eenyayla Vadisinde 1. D\u00fcnya Sava\u015f\u0131\u2019na kat\u0131l\u0131yor ve yolun ad\u0131 bu tarihten sonra y\u00f6re halk\u0131 aras\u0131nda \u2018Atat\u00fcrk&#8217;\u00fcn yolu\u2019 olarak kal\u0131yor. Ta\u015fk\u00f6pr\u00fc kanyonu son d\u00f6nemlerde do\u011faseverlerin u\u011frak yeri oldu.<\/p>\n","protected":false},"excerpt":{"rendered":"<p>Diyarbak\u0131r\u2019\u0131n Silvan, Hazro ve Kulp il\u00e7eleri aras\u0131nda kalan ve adeta sakl\u0131 cenneti and\u0131ran Ta\u015fk\u00f6pr\u00fc, hafta sonu piknik\u00e7ilerin u\u011frak yeri oldu. Sultan 2. Abdulhamid d\u00f6neminde in\u015fa edilen ve Atat\u00fcrk\u2019\u00fcn 1. D\u00fcnya Sava\u015f\u0131&#8217;nda kulland\u0131\u011f\u0131 yol da halen varl\u0131\u011f\u0131n\u0131 ilk g\u00fcnk\u00fc gibi koruyor. Ege ve Akdeniz kanyonlar\u0131n\u0131 aratmayan, tarih ve do\u011fal g\u00fczelliklerin bir arada oldu\u011fu Ta\u015fk\u00f6pr\u00fc\u2019y\u00fc il d\u0131\u015f\u0131ndan gelen turistler de ziyaret ediyor.<\/p>\n","protected":false},"author":1,"featured_media":106657,"comment_status":"closed","ping_status":"open","sticky":false,"template":"","format":"standard","meta":{"footnotes":""},"categories":[33],"tags":[1732,2364,191,12972,303],"class_list":["post-106656","post","type-post","status-publish","format-standard","has-post-thumbnail","hentry","category-yasam","tag-ataturk","tag-dogal","tag-tarihi","tag-taskopru","tag-yol"],"_links":{"self":[{"href":"https:\/\/haberulus.net\/index.php?rest_route=\/wp\/v2\/posts\/106656","targetHints":{"allow":["GET"]}}],"collection":[{"href":"https:\/\/haberulus.net\/index.php?rest_route=\/wp\/v2\/posts"}],"about":[{"href":"https:\/\/haberulus.net\/index.php?rest_route=\/wp\/v2\/types\/post"}],"author":[{"embeddable":true,"href":"https:\/\/haberulus.net\/index.php?rest_route=\/wp\/v2\/users\/1"}],"replies":[{"embeddable":true,"href":"https:\/\/haberulus.net\/index.php?rest_route=%2Fwp%2Fv2%2Fcomments&post=106656"}],"version-history":[{"count":1,"href":"https:\/\/haberulus.net\/index.php?rest_route=\/wp\/v2\/posts\/106656\/revisions"}],"predecessor-version":[{"id":106658,"href":"https:\/\/haberulus.net\/index.php?rest_route=\/wp\/v2\/posts\/106656\/revisions\/106658"}],"wp:featuredmedia":[{"embeddable":true,"href":"https:\/\/haberulus.net\/index.php?rest_route=\/wp\/v2\/media\/106657"}],"wp:attachment":[{"href":"https:\/\/haberulus.net\/index.php?rest_route=%2Fwp%2Fv2%2Fmedia&parent=106656"}],"wp:term":[{"taxonomy":"category","embeddable":true,"href":"https:\/\/haberulus.net\/index.php?rest_route=%2Fwp%2Fv2%2Fcategories&post=106656"},{"taxonomy":"post_tag","embeddable":true,"href":"https:\/\/haberulus.net\/index.php?rest_route=%2Fwp%2Fv2%2Ftags&post=106656"}],"curies":[{"name":"wp","href":"https:\/\/api.w.org\/{rel}","templated":true}]}}