{"id":106791,"date":"2023-06-29T13:08:04","date_gmt":"2023-06-29T13:08:04","guid":{"rendered":"https:\/\/haberulus.net\/?p=106791"},"modified":"2023-06-29T13:08:04","modified_gmt":"2023-06-29T13:08:04","slug":"fenerbahcenin-top-basi-yapacagi-tarih-belli-oldu","status":"publish","type":"post","link":"https:\/\/haberulus.net\/?p=106791","title":{"rendered":"Fenerbah\u00e7e\u2019nin top ba\u015f\u0131 yapaca\u011f\u0131 tarih belli oldu"},"content":{"rendered":"<p>Fenerbah\u00e7e\u2019nin yeni sezon \u00f6ncesi haz\u0131rl\u0131k program\u0131 belli oldu.<\/p>\n<p>Sar\u0131-lacivertliler, 2 Temmuz Pazar g\u00fcn\u00fc teknik direkt\u00f6r \u0130smail Kartal y\u00f6netiminde toplanacak. Milli tak\u0131mlara giden oyuncular ise 5 Temmuz\u2019da tak\u0131ma dahil olacak. Sar\u0131-lacivertliler, 8 Temmuz\u2019a kadar \u00e7al\u0131\u015fmalar\u0131n\u0131 Samand\u0131ra Can Bartu Tesisleri\u2019nde s\u00fcrd\u00fcrecek ve ard\u0131ndan 9-15 Temmuz tarihleri aras\u0131nda Pari Premier Kupas\u0131\u2019na kat\u0131lmak i\u00e7in Rusya\u2019ya gidecek.<\/p>\n<p>Fenerbah\u00e7e\u2019nin Pari Premier Kupas\u0131\u2019nda oynayaca\u011f\u0131 ma\u00e7lar \u015fu \u015fekilde:<\/p>\n<p><strong>9 Temmuz:<\/strong> 19.30: Zenit-Fenerbah\u00e7e<\/p>\n<p><strong>12 Temmuz:<\/strong> 19.30: Fenerbah\u00e7e-K\u0131z\u0131ly\u0131ld\u0131z<\/p>\n<p><strong>15 Temmuz:<\/strong> 14.00: Neftchi PFK-Fenerbah\u00e7e<\/p>\n<p>Sar\u0131-lacivertli tak\u0131m, 15 Temmuz tarihinde oynayaca\u011f\u0131 son kar\u015f\u0131la\u015fman\u0131n ard\u0131ndan \u0130stanbul\u2019a d\u00f6necek ve \u00e7al\u0131\u015fmalar\u0131na Samand\u0131ra Can Bartu Tesisleri\u2019nde devam edecek.<\/p>\n","protected":false},"excerpt":{"rendered":"<p>Fenerbah\u00e7e&#8217;nin, 2023-2024 sezonu haz\u0131rl\u0131klar\u0131na ba\u015flayaca\u011f\u0131 tarih a\u00e7\u0131kland\u0131.<\/p>\n","protected":false},"author":1,"featured_media":106792,"comment_status":"closed","ping_status":"open","sticky":false,"template":"","format":"standard","meta":{"footnotes":""},"categories":[31],"tags":[369],"class_list":["post-106791","post","type-post","status-publish","format-standard","has-post-thumbnail","hentry","category-spor","tag-temmuz"],"_links":{"self":[{"href":"https:\/\/haberulus.net\/index.php?rest_route=\/wp\/v2\/posts\/106791","targetHints":{"allow":["GET"]}}],"collection":[{"href":"https:\/\/haberulus.net\/index.php?rest_route=\/wp\/v2\/posts"}],"about":[{"href":"https:\/\/haberulus.net\/index.php?rest_route=\/wp\/v2\/types\/post"}],"author":[{"embeddable":true,"href":"https:\/\/haberulus.net\/index.php?rest_route=\/wp\/v2\/users\/1"}],"replies":[{"embeddable":true,"href":"https:\/\/haberulus.net\/index.php?rest_route=%2Fwp%2Fv2%2Fcomments&post=106791"}],"version-history":[{"count":1,"href":"https:\/\/haberulus.net\/index.php?rest_route=\/wp\/v2\/posts\/106791\/revisions"}],"predecessor-version":[{"id":106793,"href":"https:\/\/haberulus.net\/index.php?rest_route=\/wp\/v2\/posts\/106791\/revisions\/106793"}],"wp:featuredmedia":[{"embeddable":true,"href":"https:\/\/haberulus.net\/index.php?rest_route=\/wp\/v2\/media\/106792"}],"wp:attachment":[{"href":"https:\/\/haberulus.net\/index.php?rest_route=%2Fwp%2Fv2%2Fmedia&parent=106791"}],"wp:term":[{"taxonomy":"category","embeddable":true,"href":"https:\/\/haberulus.net\/index.php?rest_route=%2Fwp%2Fv2%2Fcategories&post=106791"},{"taxonomy":"post_tag","embeddable":true,"href":"https:\/\/haberulus.net\/index.php?rest_route=%2Fwp%2Fv2%2Ftags&post=106791"}],"curies":[{"name":"wp","href":"https:\/\/api.w.org\/{rel}","templated":true}]}}