{"id":106890,"date":"2023-06-29T16:35:05","date_gmt":"2023-06-29T16:35:05","guid":{"rendered":"https:\/\/haberulus.net\/?p=106890"},"modified":"2023-06-29T16:35:05","modified_gmt":"2023-06-29T16:35:05","slug":"bmden-suriye-aciklamasi-hayati-oneme-sahip","status":"publish","type":"post","link":"https:\/\/haberulus.net\/?p=106890","title":{"rendered":"BM\u2019den Suriye a\u00e7\u0131klamas\u0131: Hayati \u00f6neme sahip"},"content":{"rendered":"<p>Griffiths, Suriye\u2019de insani durumun ele al\u0131nd\u0131\u011f\u0131 BM G\u00fcvenlik Konseyi (BMGK) oturumunda konu\u015ftu.<\/p>\n<p>\u0130kili g\u00f6r\u00fc\u015fmeler ger\u00e7ekle\u015ftirdi\u011fi Suriye ziyaretinden d\u00fcn d\u00f6nd\u00fc\u011f\u00fcn\u00fc an\u0131msatan Griffiths, \u201cSuriye halk\u0131 tahmin etti\u011fimizden \u00e7ok daha b\u00fcy\u00fck ac\u0131larla sava\u015f\u0131yor.\u201d ifadelerini kulland\u0131.<\/p>\n<p><strong>\u201cY\u00dcZDE 90\u2019I YOKSULLUK SINIRININ ALTINDA\u201d<\/strong><\/p>\n<p>Griffiths, 12 y\u0131ld\u0131r s\u00fcren \u00e7at\u0131\u015fma, ekonomik \u00e7\u00f6k\u00fc\u015f ve ba\u015fka hususlar nedeniyle Suriye halk\u0131n\u0131n y\u00fczde 90\u2019\u0131n\u0131n yoksulluk s\u0131n\u0131r\u0131n\u0131n alt\u0131nda ya\u015fad\u0131\u011f\u0131na i\u015faret etti.<\/p>\n<p>BM\u2019nin azalan don\u00f6r deste\u011fi nedeniyle insani yard\u0131m operasyonlar\u0131n\u0131 s\u00fcrd\u00fcrmekte zorland\u0131\u011f\u0131na dikkati \u00e7eken Griffiths, \u00fclkedeki yeniden toparlanma s\u00fcrecine uluslararas\u0131 toplumun deste\u011finin \u00f6nemli oldu\u011funu kaydetti.<\/p>\n<p><strong> \u015e\u0130DDET ARTTI<\/strong><\/p>\n<p>Suriye\u2019nin kuzeybat\u0131s\u0131nda son d\u00f6nemde \u015fiddetin artt\u0131\u011f\u0131n\u0131 ifade eden Griffiths, can kay\u0131plar\u0131n\u0131 \u00fcz\u00fcnt\u00fcyle kar\u015f\u0131lad\u0131klar\u0131n\u0131 bildirdi.<\/p>\n<p>Griffiths, Suriye\u2019ye s\u0131n\u0131r \u00f6tesi yard\u0131m sa\u011flanmas\u0131na imkan tan\u0131yan BMGK karar\u0131n\u0131n s\u00fcresinin 10 Temmuz\u2019da dolaca\u011f\u0131n\u0131 an\u0131msatarak \u201cBM Genel Sekreteri, G\u00fcvenlik Konseyi\u2019nin s\u0131n\u0131r \u00f6tesi yard\u0131m mekanizmas\u0131n\u0131n g\u00f6rev s\u00fcresinin 12 ay daha uzat\u0131lmas\u0131 gerekti\u011fini \u00e7ok a\u00e7\u0131k bir \u015fekilde dile getirdi. Sahadaki durum bunu gerektiriyor.\u201d a\u00e7\u0131klamas\u0131nda bulundu.<\/p>\n<p>BM ve ortaklar\u0131n\u0131n s\u00f6z konusu mekanizma sayesinde 2,7 milyon yard\u0131ma muhta\u00e7 ki\u015fiye ula\u015ft\u0131\u011f\u0131n\u0131 vurgulayan Griffiths, \u00e7izgi \u00f6tesi yard\u0131m\u0131n da geli\u015ftirilmesi i\u00e7in daha fazla m\u00fczakereye ihtiya\u00e7 oldu\u011funu ifade etti.<\/p>\n<p>Griffiths, \u201cS\u0131n\u0131r \u00f6tesi yard\u0131m mekanizmas\u0131n\u0131n g\u00f6rev s\u00fcresinin 12 ay daha uzat\u0131lmas\u0131, Suriye\u2019deki insani durumun iyile\u015ftirilmesi i\u00e7in hayati \u00f6neme sahip.\u201d diye konu\u015ftu.<\/p>\n<p><strong>\u201cS\u0130YAS\u0130 \u00c7\u00d6Z\u00dcM \u0130\u00c7\u0130N KOORD\u0130NASYONU S\u00dcRD\u00dcRECE\u011e\u0130Z\u201d<\/strong><\/p>\n<p>BM Suriye \u00d6zel Temsilcisi Geir O. Pedersen\u2019in \u00f6zel dan\u0131\u015fman\u0131 Najat Rochdi de Pedersen\u2019in Anayasa Komitesi\u2019ni tekrar bir araya getirmek i\u00e7in \u00e7aba sarf etmeye devam etti\u011fini, siyasi s\u00fcrecin canland\u0131r\u0131lmas\u0131n\u0131n \u00f6nemli oldu\u011funu kaydetti.<\/p>\n<p>Rochdi, bu \u00e7er\u00e7evede Suriye\u2019nin yan\u0131 s\u0131ra Arap, Astana ve Bat\u0131l\u0131 taraflarla da irtibat\u0131 s\u00fcrd\u00fcreceklerini aktararak \u201cSuriye taraf\u0131ndan y\u00fcr\u00fct\u00fclen ve sahiplenilen siyasi \u00e7\u00f6z\u00fcm i\u00e7in koordinasyonu s\u00fcrd\u00fcrece\u011fiz.\u201d dedi.<\/p>\n<p>Suriye\u2019nin kuzeybat\u0131s\u0131na yap\u0131lan \u00e7izgi \u00f6tesi yard\u0131m\u0131 da memnuniyetle kar\u015f\u0131lad\u0131klar\u0131n\u0131 belirten Rochdi, s\u0131n\u0131r \u00f6tesi yard\u0131m mekanizmas\u0131n\u0131n g\u00f6rev s\u00fcresinin uzat\u0131lmas\u0131n\u0131n \u00f6nem ta\u015f\u0131d\u0131\u011f\u0131na i\u015faret etti.<\/p>\n<p>Rochdi, Suriye\u2019ye yapt\u0131r\u0131m uygulayan \u00fclkelerin ise 6 \u015eubat Kahramanmara\u015f merkezli depremlerin ard\u0131ndan sa\u011flad\u0131klar\u0131 yard\u0131mlar\u0131 s\u00fcrd\u00fcrmeleri gerekti\u011fini s\u00f6yledi. (AA)<\/p>\n","protected":false},"excerpt":{"rendered":"<p>Birle\u015fmi\u015f Milletler (BM) \u0130nsan\u0131 \u0130\u015flerden Sorumlu Genel Sekreter Yard\u0131mc\u0131s\u0131 ve Acil Yard\u0131m Koordinat\u00f6r\u00fc Martin Griffiths, &#8220;S\u0131n\u0131r \u00f6tesi yard\u0131m mekanizmas\u0131n\u0131n g\u00f6rev s\u00fcresinin 12 ay daha uzat\u0131lmas\u0131, Suriye&#8217;deki insani durumun iyile\u015ftirilmesi i\u00e7in hayati \u00f6neme sahip&#8221; dedi.<\/p>\n","protected":false},"author":1,"featured_media":106891,"comment_status":"closed","ping_status":"open","sticky":false,"template":"","format":"standard","meta":{"footnotes":""},"categories":[24],"tags":[12991,1754,44],"class_list":["post-106890","post","type-post","status-publish","format-standard","has-post-thumbnail","hentry","category-dunya","tag-griffiths","tag-sinir","tag-suriye"],"_links":{"self":[{"href":"https:\/\/haberulus.net\/index.php?rest_route=\/wp\/v2\/posts\/106890","targetHints":{"allow":["GET"]}}],"collection":[{"href":"https:\/\/haberulus.net\/index.php?rest_route=\/wp\/v2\/posts"}],"about":[{"href":"https:\/\/haberulus.net\/index.php?rest_route=\/wp\/v2\/types\/post"}],"author":[{"embeddable":true,"href":"https:\/\/haberulus.net\/index.php?rest_route=\/wp\/v2\/users\/1"}],"replies":[{"embeddable":true,"href":"https:\/\/haberulus.net\/index.php?rest_route=%2Fwp%2Fv2%2Fcomments&post=106890"}],"version-history":[{"count":1,"href":"https:\/\/haberulus.net\/index.php?rest_route=\/wp\/v2\/posts\/106890\/revisions"}],"predecessor-version":[{"id":106892,"href":"https:\/\/haberulus.net\/index.php?rest_route=\/wp\/v2\/posts\/106890\/revisions\/106892"}],"wp:featuredmedia":[{"embeddable":true,"href":"https:\/\/haberulus.net\/index.php?rest_route=\/wp\/v2\/media\/106891"}],"wp:attachment":[{"href":"https:\/\/haberulus.net\/index.php?rest_route=%2Fwp%2Fv2%2Fmedia&parent=106890"}],"wp:term":[{"taxonomy":"category","embeddable":true,"href":"https:\/\/haberulus.net\/index.php?rest_route=%2Fwp%2Fv2%2Fcategories&post=106890"},{"taxonomy":"post_tag","embeddable":true,"href":"https:\/\/haberulus.net\/index.php?rest_route=%2Fwp%2Fv2%2Ftags&post=106890"}],"curies":[{"name":"wp","href":"https:\/\/api.w.org\/{rel}","templated":true}]}}