{"id":106905,"date":"2023-06-29T17:21:05","date_gmt":"2023-06-29T17:21:05","guid":{"rendered":"https:\/\/haberulus.net\/?p=106905"},"modified":"2023-06-29T17:21:05","modified_gmt":"2023-06-29T17:21:05","slug":"fransada-ortalik-karisti-sokaga-cikma-yasagi-ilan-edildi","status":"publish","type":"post","link":"https:\/\/haberulus.net\/?p=106905","title":{"rendered":"Fransa\u2019da ortal\u0131k kar\u0131\u015ft\u0131! Soka\u011fa \u00e7\u0131kma yasa\u011f\u0131 ilan edildi"},"content":{"rendered":"<p>Fransa\u2019da 27 Haziran\u2019da Nanterre kentinde i\u00e7inde 3 ki\u015finin bulundu\u011fu ve \u201cdur\u201d ihtar\u0131na uymayan bir araca ate\u015f a\u00e7\u0131ld\u0131. Olay sonras\u0131 17 ya\u015f\u0131ndaki s\u00fcr\u00fcc\u00fc \u00f6ld\u00fc.<\/p>\n<p>\u00d6l\u00fcm\u00fcn ard\u0131ndan soru\u015fturma ba\u015flat\u0131l\u0131rken, Nael\u2019in \u00f6l\u00fcm\u00fcne tepki g\u00f6sterenler \u00fclke genelinde farkl\u0131 kentlerde soka\u011fa indi.<\/p>\n<p>Ara\u00e7, \u00e7\u00f6p bidonlar\u0131 ve farkl\u0131 binalar\u0131 ate\u015fe veren eylemciler ve polis aras\u0131nda arbede ya\u015fand\u0131.<\/p>\n<p><strong>40 B\u0130N POL\u0130S G\u00d6REVLEND\u0130R\u0130LD\u0130<\/strong><\/p>\n<p>Fransa \u0130\u00e7i\u015fleri Bakan\u0131 Gerald Darmanin, \u00fclkede ba\u015flayan olaylara m\u00fcdahale etmek i\u00e7in 40 bin g\u00fcvenlik g\u00f6revlisinin g\u00f6revlendirdi\u011fini a\u00e7\u0131klad\u0131.<\/p>\n<p><strong>180 K\u0130\u015e\u0130 G\u00d6ZALTINA ALINDI<\/strong><\/p>\n<p>Bakan Darmanin, Mons-en-Baroeul kentinde bas\u0131na yapt\u0131\u011f\u0131 a\u00e7\u0131klamada, Nael M. isimli gen\u00e7 s\u00fcr\u00fcc\u00fcn\u00fcn \u00f6ld\u00fcr\u00fclmesinin ard\u0131ndan farkl\u0131 kentlerde gece \u00e7\u0131kan olaylar\u0131 an\u0131msatarak, olaylarda 170 polis ve jandarman\u0131n yaraland\u0131\u011f\u0131n\u0131 ve 180\u2019den fazla ki\u015finin g\u00f6zalt\u0131na al\u0131nd\u0131\u011f\u0131n\u0131 kaydetti.<\/p>\n<p>Darmanin, 5 bini Paris\u2019te olmak \u00fczere \u00fclke genelinde toplam 40 bin jandarma ve polisin bu ak\u015fam i\u00e7in g\u00f6revlendirildi\u011fini belirtti.<\/p>\n<p>G\u00fcvenlik g\u00fc\u00e7lerinin ayaklanmalara kar\u015f\u0131 m\u00fccadele etmek, g\u00f6zalt\u0131na almak, d\u00fczeni yeniden tesis etmek i\u00e7in gerekli teknik ve teknolojik imkanlarla donat\u0131laca\u011f\u0131n\u0131 ifade eden Darmanin, t\u00fcm siyasileri vatanda\u015flar\u0131 s\u00fckunete \u00e7a\u011f\u0131rmaya davet etti.<\/p>\n<p><strong>SOKA\u011eA \u00c7IKMA YASA\u011eI KARARI<\/strong><\/p>\n<p>Fransa\u2019da polisin a\u00e7t\u0131\u011f\u0131 ate\u015fte \u00f6len 17 ya\u015f\u0131ndaki gen\u00e7 i\u00e7in \u00e7\u0131kan olaylar nedeniyle Clamart kentinde 3 Temmuz\u2019a kadar gece saatlerinde soka\u011fa \u00e7\u0131kma yasa\u011f\u0131 getirildi. (AA)<\/p>\n","protected":false},"excerpt":{"rendered":"<p>Fransa&#8217;da polisin a\u00e7t\u0131\u011f\u0131 ate\u015fte \u00f6len 17 ya\u015f\u0131ndaki gen\u00e7 i\u00e7in \u00e7\u0131kan olaylar nedeniyle Clamart kentinde 3 Temmuz&#8217;a kadar gece saatlerinde soka\u011fa \u00e7\u0131kma yasa\u011f\u0131 getirildi.<\/p>\n","protected":false},"author":1,"featured_media":106906,"comment_status":"closed","ping_status":"open","sticky":false,"template":"","format":"standard","meta":{"footnotes":""},"categories":[24],"tags":[105,103],"class_list":["post-106905","post","type-post","status-publish","format-standard","has-post-thumbnail","hentry","category-dunya","tag-olay","tag-polis"],"_links":{"self":[{"href":"https:\/\/haberulus.net\/index.php?rest_route=\/wp\/v2\/posts\/106905","targetHints":{"allow":["GET"]}}],"collection":[{"href":"https:\/\/haberulus.net\/index.php?rest_route=\/wp\/v2\/posts"}],"about":[{"href":"https:\/\/haberulus.net\/index.php?rest_route=\/wp\/v2\/types\/post"}],"author":[{"embeddable":true,"href":"https:\/\/haberulus.net\/index.php?rest_route=\/wp\/v2\/users\/1"}],"replies":[{"embeddable":true,"href":"https:\/\/haberulus.net\/index.php?rest_route=%2Fwp%2Fv2%2Fcomments&post=106905"}],"version-history":[{"count":1,"href":"https:\/\/haberulus.net\/index.php?rest_route=\/wp\/v2\/posts\/106905\/revisions"}],"predecessor-version":[{"id":106907,"href":"https:\/\/haberulus.net\/index.php?rest_route=\/wp\/v2\/posts\/106905\/revisions\/106907"}],"wp:featuredmedia":[{"embeddable":true,"href":"https:\/\/haberulus.net\/index.php?rest_route=\/wp\/v2\/media\/106906"}],"wp:attachment":[{"href":"https:\/\/haberulus.net\/index.php?rest_route=%2Fwp%2Fv2%2Fmedia&parent=106905"}],"wp:term":[{"taxonomy":"category","embeddable":true,"href":"https:\/\/haberulus.net\/index.php?rest_route=%2Fwp%2Fv2%2Fcategories&post=106905"},{"taxonomy":"post_tag","embeddable":true,"href":"https:\/\/haberulus.net\/index.php?rest_route=%2Fwp%2Fv2%2Ftags&post=106905"}],"curies":[{"name":"wp","href":"https:\/\/api.w.org\/{rel}","templated":true}]}}