{"id":106911,"date":"2023-06-29T17:51:03","date_gmt":"2023-06-29T17:51:03","guid":{"rendered":"https:\/\/haberulus.net\/?p=106911"},"modified":"2023-06-29T17:51:03","modified_gmt":"2023-06-29T17:51:03","slug":"cin-dis-iliskiler-yasasini-kabul-etti","status":"publish","type":"post","link":"https:\/\/haberulus.net\/?p=106911","title":{"rendered":"\u00c7in, \u2018D\u0131\u015f \u0130li\u015fkiler Yasas\u0131\u2019n\u0131 kabul etti"},"content":{"rendered":"<p>Kabul edilen yasa, yasama organ\u0131 Ulusal Halk Kongresi\u2019nin Daimi Komitesinin d\u00fcn sona eren \u00fc\u00e7 g\u00fcnl\u00fck toplant\u0131s\u0131nda onaylad\u0131\u011f\u0131 d\u00fczenlemeler aras\u0131nda yer ald\u0131.<\/p>\n<p>1 Temmuz\u2019da y\u00fcr\u00fcrl\u00fc\u011fe girecek yasa, yabanc\u0131 \u00fclkelerin yapt\u0131r\u0131m ve i\u00e7 i\u015flerine m\u00fcdahale giri\u015fimlerine kar\u015f\u0131 \u00c7in h\u00fck\u00fcmetine yapt\u0131r\u0131m ve kar\u015f\u0131 tedbir uygulama hakk\u0131 veriyor.<\/p>\n<p>Yasada, \u00c7in\u2019in, d\u0131\u015f ili\u015fkilerini, Devlet Ba\u015fkan\u0131 \u015ei Cinping\u2019in \u201cYeni D\u00f6nemde \u00c7in Karakterinde Sosyalizm\u201d d\u00fc\u015f\u00fcncesinin rehberli\u011finde y\u00fcr\u00fctece\u011fi, \u201cba\u011f\u0131ms\u0131z ve bar\u0131\u015f\u00e7\u0131 d\u0131\u015f politika izleyece\u011fi\u201d, \u201culuslararas\u0131 ili\u015fkilerde hegemonya ve g\u00fc\u00e7 siyasetine kar\u015f\u0131 \u00e7\u0131kaca\u011f\u0131\u201d vurguland\u0131.<\/p>\n<p><strong> \u0130L\u0130\u015eK\u0130LER GEL\u0130\u015eECEK<\/strong><\/p>\n<p>D\u0131\u015f ili\u015fkilerdeki misyon ve hedeflere yer verilen yasada, \u00c7in\u2019in, \u201cb\u00fcy\u00fck \u00fclkelerle etkile\u015fimi te\u015fvik edece\u011fi\u201d, \u201ckom\u015fu \u00fclkelerle ili\u015fkilerini dostluk, samimiyet, kar\u015f\u0131l\u0131kl\u0131 fayda ve kapsay\u0131c\u0131l\u0131k ilkeleri do\u011frultusunda geli\u015ftirece\u011fi\u201d ve \u201cgeli\u015fmekte olan \u00fclkelerle dayan\u0131\u015fmay\u0131 g\u00fc\u00e7lendirece\u011fi\u201d belirtildi.<\/p>\n<p>Yasada, \u00c7in\u2019in \u00e7ok tarafl\u0131l\u0131\u011f\u0131 benimseyece\u011fi ve k\u00fcresel y\u00f6netim sisteminin reformu ve in\u015fas\u0131na kat\u0131laca\u011f\u0131, ayr\u0131ca \u201cy\u00fcksek standartta\u201d d\u0131\u015fa a\u00e7\u0131lmay\u0131 s\u00fcrd\u00fcrece\u011fi, yabanc\u0131 yat\u0131r\u0131mlar\u0131 ve d\u0131\u015f ekonomik i\u015fbirli\u011fini te\u015fvik edece\u011fi aktar\u0131ld\u0131.<\/p>\n<p>\u00c7in\u2019in t\u00fcm \u00fclkelerin egemenliklerine sayg\u0131 duydu\u011fu vurgulanan yasada, d\u0131\u015f yard\u0131m alan \u00fclkelerin i\u00e7 i\u015flerine kar\u0131\u015fmayaca\u011f\u0131, yard\u0131m i\u00e7in siyasi \u015fart \u00f6ne s\u00fcrmeyece\u011fi taahh\u00fcd\u00fcne yer verildi.<\/p>\n<p><strong>\u201c\u00d6NEML\u0130 M\u0130HENK TA\u015eI\u201d<\/strong><\/p>\n<p>\u00c7in\u2019in en k\u0131demli diplomat\u0131, \u00fclkeyi y\u00f6neten \u00c7in Kom\u00fcnist Partisinin (\u00c7KP) Merkezi D\u0131\u015f \u0130li\u015fkiler Komisyonu Ofisi Direkt\u00f6r\u00fc Vang Yi, partinin resmi yay\u0131n organ\u0131 \u201cHalk\u0131n G\u00fcnl\u00fc\u011f\u00fc\u201d gazetesinde de\u011ferlendirme yaz\u0131s\u0131 yay\u0131mlad\u0131.<\/p>\n<p>\u00c7in\u2019in d\u0131\u015f ili\u015fkilerine y\u00f6n veren genel politika, ilke ve sistemleri ilk kez temel bir yasada kay\u0131t alt\u0131na ald\u0131\u011f\u0131na dikkati \u00e7eken Vang, \u201cBu, \u00c7in\u2019in d\u0131\u015f ili\u015fkilerde hukukun \u00fcst\u00fcnl\u00fc\u011f\u00fcn\u00fc in\u015fas\u0131nda \u00f6nemli bir mihenk ta\u015f\u0131.\u201d ifadesini kulland\u0131.<\/p>\n<p>Vang, yasan\u0131n, belirsiz ve \u00f6ng\u00f6r\u00fclemez etkenlerin artt\u0131\u011f\u0131 bir d\u00f6nemde \u00c7in\u2019in egemenli\u011fini, g\u00fcvenli\u011fini ve kalk\u0131nma \u00e7\u0131karlar\u0131n\u0131 koruma ihtiyac\u0131na kar\u015f\u0131l\u0131k verece\u011fini savundu.<\/p>\n<p>Herhangi bir \u00fclkenin ad\u0131n\u0131 anmadan, son d\u00f6nemde yabanc\u0131 h\u00fck\u00fcmetlerin yat\u0131r\u0131mlara ve k\u0131s\u0131tlay\u0131c\u0131 tedbirlere s\u0131k\u00e7a ba\u015fvurdu\u011funu hat\u0131rlatan Vang, yeni yasan\u0131n \u00c7in\u2019in yabanc\u0131 yapt\u0131r\u0131mlara ve m\u00fcdahalelere kar\u015f\u0131 koyma hakk\u0131na zemin sa\u011flayaca\u011f\u0131n\u0131 vurgulad\u0131.<\/p>\n<p><strong>ABD\u2019N\u0130N \u00c7\u0130N\u2019E YATIRIMLARI<\/strong><\/p>\n<p>ABD, son y\u0131llarda \u00c7inli yetkililere, \u015firketlere ve \u015fah\u0131slara y\u00f6nelik, ulusal g\u00fcvenli\u011fe tehdit, insan haklar\u0131 ihlalleri, Rusya ile askeri ba\u011flar ve sentetik afyon fetanil \u00fcretimiyle ba\u011flant\u0131lar\u0131 gibi gerek\u00e7elerle yapt\u0131r\u0131m kararlar\u0131 alm\u0131\u015ft\u0131.<\/p>\n<p>Washington, ayr\u0131ca ileri teknolojiler ve yar\u0131 iletkenlerin \u00fcretimi gibi alanlarda \u00c7inli \u00fcreticilere ihracat kontrolleri ve k\u0131s\u0131tlamalar getirmi\u015fti.<\/p>\n<p>\u00c7in s\u00f6z konusu yapt\u0131r\u0131m ve tedbirleri k\u0131narken, ABD\u2019yi \u00c7in\u2019in kalk\u0131nmas\u0131n\u0131 bask\u0131lamaya \u00e7al\u0131\u015fmakla su\u00e7lam\u0131\u015ft\u0131.<\/p>\n<p>Pekin y\u00f6netimi daha \u00f6nce, 2021\u2019de Yabanc\u0131 Yapt\u0131r\u0131mlara Kar\u015f\u0131 Koyma Yasas\u0131\u2019n\u0131 \u00e7\u0131karm\u0131\u015f, baz\u0131 vakalarda bu yasaya dayanarak mukabil tedbirler a\u00e7\u0131klam\u0131\u015ft\u0131. (AA)<\/p>\n","protected":false},"excerpt":{"rendered":"<p>\u00c7in&#8217;de \u00fclkenin egemenli\u011fini, ulusal g\u00fcvenli\u011fini ve kalk\u0131nma \u00e7\u0131karlar\u0131n\u0131 ilgilendiren konularda &#8220;kar\u015f\u0131 ve k\u0131s\u0131tlay\u0131c\u0131 tedbir uygulama hakk\u0131n\u0131&#8221; i\u00e7eren yeni &#8220;D\u0131\u015f \u0130li\u015fkiler Yasas\u0131&#8221; kabul edildi.<\/p>\n","protected":false},"author":1,"featured_media":106912,"comment_status":"closed","ping_status":"open","sticky":false,"template":"","format":"standard","meta":{"footnotes":""},"categories":[24],"tags":[793,1029,837,12992,1525],"class_list":["post-106911","post","type-post","status-publish","format-standard","has-post-thumbnail","hentry","category-dunya","tag-cin","tag-yabanci","tag-yaptirim","tag-yasada","tag-yon"],"_links":{"self":[{"href":"https:\/\/haberulus.net\/index.php?rest_route=\/wp\/v2\/posts\/106911","targetHints":{"allow":["GET"]}}],"collection":[{"href":"https:\/\/haberulus.net\/index.php?rest_route=\/wp\/v2\/posts"}],"about":[{"href":"https:\/\/haberulus.net\/index.php?rest_route=\/wp\/v2\/types\/post"}],"author":[{"embeddable":true,"href":"https:\/\/haberulus.net\/index.php?rest_route=\/wp\/v2\/users\/1"}],"replies":[{"embeddable":true,"href":"https:\/\/haberulus.net\/index.php?rest_route=%2Fwp%2Fv2%2Fcomments&post=106911"}],"version-history":[{"count":1,"href":"https:\/\/haberulus.net\/index.php?rest_route=\/wp\/v2\/posts\/106911\/revisions"}],"predecessor-version":[{"id":106913,"href":"https:\/\/haberulus.net\/index.php?rest_route=\/wp\/v2\/posts\/106911\/revisions\/106913"}],"wp:featuredmedia":[{"embeddable":true,"href":"https:\/\/haberulus.net\/index.php?rest_route=\/wp\/v2\/media\/106912"}],"wp:attachment":[{"href":"https:\/\/haberulus.net\/index.php?rest_route=%2Fwp%2Fv2%2Fmedia&parent=106911"}],"wp:term":[{"taxonomy":"category","embeddable":true,"href":"https:\/\/haberulus.net\/index.php?rest_route=%2Fwp%2Fv2%2Fcategories&post=106911"},{"taxonomy":"post_tag","embeddable":true,"href":"https:\/\/haberulus.net\/index.php?rest_route=%2Fwp%2Fv2%2Ftags&post=106911"}],"curies":[{"name":"wp","href":"https:\/\/api.w.org\/{rel}","templated":true}]}}